{"id":493618,"date":"2025-10-27T17:31:15","date_gmt":"2025-10-27T17:31:15","guid":{"rendered":"https:\/\/www.europesays.com\/fr\/493618\/"},"modified":"2025-10-27T17:31:15","modified_gmt":"2025-10-27T17:31:15","slug":"apres-le-proces-de-dahbia-benkired-la-mere-de-lola-se-confie-au-figaro","status":"publish","type":"post","link":"https:\/\/www.europesays.com\/fr\/493618\/","title":{"rendered":"apr\u00e8s le proc\u00e8s de Dahbia Benkired, la m\u00e8re de Lola se confie au Figaro"},"content":{"rendered":"<p>\n    <strong>ENTRETIEN &#8211;<\/strong> Apr\u00e8s une semaine de d\u00e9bats, Delphine Daviet-Ropital, 46 ans, est repartie dans le Pas-de-Calais avec de nombreuses questions. Elle \u00abremercie la France et la justice\u00bb, qui a condamn\u00e9 Dahbia Benkired \u00e0 la perp\u00e9tuit\u00e9 incompressible.<\/p>\n<p class=\"fig-paragraph\">Ils sont arriv\u00e9s au tribunal tous ensemble chaque matin pendant six jours. Tout au long du proc\u00e8s,\u00a0<a href=\"http:\/\/www.lefigaro.fr\/faits-divers\/au-proces-du-meurtre-de-lola-une-famille-unie-dans-la-douleur-et-une-accusee-qui-minimise-les-sevices-20251022\" target=\"_blank\" data-fig-type=\"Article\" rel=\"noopener\" data-gtm-custom-categorie=\"navigation\" data-gtm-custom-action=\"crossclick\" data-gtm-custom-label=\"Contextuel\" data-gtm-event=\"customEventSPE\" data-fig-domain=\"LEFIGARO\">la famille de Lola a fait bloc, unie dans la douleur<\/a>. V\u00eatus de t-shirts \u00e0 l\u2019effigie de Lola, une vingtaine de cousins, cousines, oncles et tantes de la fillette \u00e9taient assis sur les bancs de la cour d\u2019assises de Paris derri\u00e8re Delphine Daviet-Ropital, la m\u00e8re de Lola, et Thibault, son grand fr\u00e8re. Confront\u00e9s \u00e0 des photos et des vid\u00e9os insoutenables, ils ont fait preuve d\u2019une dignit\u00e9 extraordinaire qui marquera longtemps ceux qui ont assist\u00e9 au proc\u00e8s.<\/p>\n<p class=\"fig-body-link\">\n            \u00c0 lire aussi<br \/>\n        <a class=\"fig-body-link__link fig-premium-mark\" href=\"http:\/\/www.lefigaro.fr\/faits-divers\/dahbia-benkired-condamnee-a-la-perpetuite-incompressible-pour-le-meurtre-de-lola-dans-les-coulisses-du-proces-d-un-crime-barbare-20251024\" target=\"_blank\" data-fig-type=\"Article\" rel=\"noopener\" data-gtm-custom-categorie=\"navigation\" data-gtm-custom-action=\"crossclick\" data-gtm-custom-label=\"Contextuel\" data-gtm-event=\"customEventSPE\" data-fig-domain=\"LEFIGARO\"><\/p>\n<p>        Dahbia Benkired condamn\u00e9e \u00e0 la perp\u00e9tuit\u00e9 incompressible pour le meurtre de Lola\u00a0: dans les coulisses du proc\u00e8s d\u2019un crime barbare<br \/>\n    <\/a>\n<\/p>\n<p class=\"fig-paragraph\">L\u2019accus\u00e9e, Dahbia Benkired, a \u00e9t\u00e9 condamn\u00e9e \u00e0 la r\u00e9clusion criminelle \u00e0 perp\u00e9tuit\u00e9 incompressible, assortie d\u2019une interdiction d\u00e9finitive du territoire fran\u00e7ais, pour le viol et le meurtre de Lola avec actes de torture et de barbarie. Une peine rarissime, une premi\u00e8re pour une femme, la plus lourde pr\u00e9vue par le Code p\u00e9nal. Lors du verdict, le pr\u00e9sident du tribunal a \u00e9voqu\u00e9 \u00abl\u2019extr\u00eame cruaut\u00e9\u00bb du crime, qualifi\u00e9 par la cour de \u00abv\u00e9ritable supplice\u00bb<\/p>\n<p class=\"fig-premium-paywall__infos\">\n        Cet article est r\u00e9serv\u00e9 aux abonn\u00e9s.        Il vous reste 88% \u00e0 d\u00e9couvrir.\n    <\/p>\n<p>                <img  data- alt=\"Le Figaro\" class=\"fig-img--complete fig-img\"\/><\/p>\n<p class=\"fig-premium-paywall__title\">Vous avez envie de lire la suite ?<\/p>\n<p class=\"fig-premium-paywall__subtitle\">D\u00e9bloquez tous les articles imm\u00e9diatement.<\/p>\n<p class=\"fig-premium-paywall__connect\">\n                D\u00e9j\u00e0 abonn\u00e9\u00a0?                <a class=\"fig-premium-paywall__connect-link\" href=\"https:\/\/connect.lefigaro.fr\/login?client=horizon_web&amp;type=main&amp;redirect_uri=https%3A%2F%2Fwww.lefigaro.fr%2Ffaits-divers%2Fil-y-aura-toujours-des-questions-apres-le-proces-de-dahbia-benkired-la-mere-de-lola-se-confie-au-figaro-20251027\" data-js-gtm=\"{&quot;customCategorie&quot;: &quot;conversion&quot;, &quot;customAction&quot;: &quot;before_Landing_Connexion_paywall_auto&quot;, &quot;customLabel&quot;: &quot;bGVmaWdhcm8uZnJfXzFmMGIzMGJjLWY2ZTYtNmJiNC04Y2E3LWQ1MzA3NzNlODliOF9fQXJ0aWNsZQ==_\u00abIl y aura toujours des questions\u00bb\u00a0: apr\u00e8s le proc\u00e8s de Dahbia Benkired, la m\u00e8re de Lola se confie au &lt;i&gt;Figaro&lt;\/i&gt;_445&quot;, &quot;customIDSPE&quot;: &quot;bGVmaWdhcm8uZnJfXzFmMGIzMGJjLWY2ZTYtNmJiNC04Y2E3LWQ1MzA3NzNlODliOF9fQXJ0aWNsZQ==&quot;, &quot;event&quot;: &quot;customEventSPE&quot;}\" target=\"_blank\" rel=\"noopener\"><br \/>\n                    Connectez-vous<br \/>\n                <\/a>\n            <\/p>\n","protected":false},"excerpt":{"rendered":"ENTRETIEN &#8211; Apr\u00e8s une semaine de d\u00e9bats, Delphine Daviet-Ropital, 46 ans, est repartie dans le Pas-de-Calais avec de&hellip;\n","protected":false},"author":2,"featured_media":493619,"comment_status":"","ping_status":"","sticky":false,"template":"","format":"standard","meta":{"footnotes":""},"categories":[4],"tags":[11,1011,27,52922,12,2694,25],"class_list":{"0":"post-493618","1":"post","2":"type-post","3":"status-publish","4":"format-standard","5":"has-post-thumbnail","7":"category-france","8":"tag-actualites","9":"tag-fr","10":"tag-france","11":"tag-meurtre-de-lola","12":"tag-news","13":"tag-proces","14":"tag-republique-francaise"},"share_on_mastodon":{"url":"https:\/\/pubeurope.com\/@fr\/115447325246709883","error":""},"_links":{"self":[{"href":"https:\/\/www.europesays.com\/fr\/wp-json\/wp\/v2\/posts\/493618","targetHints":{"allow":["GET"]}}],"collection":[{"href":"https:\/\/www.europesays.com\/fr\/wp-json\/wp\/v2\/posts"}],"about":[{"href":"https:\/\/www.europesays.com\/fr\/wp-json\/wp\/v2\/types\/post"}],"author":[{"embeddable":true,"href":"https:\/\/www.europesays.com\/fr\/wp-json\/wp\/v2\/users\/2"}],"replies":[{"embeddable":true,"href":"https:\/\/www.europesays.com\/fr\/wp-json\/wp\/v2\/comments?post=493618"}],"version-history":[{"count":0,"href":"https:\/\/www.europesays.com\/fr\/wp-json\/wp\/v2\/posts\/493618\/revisions"}],"wp:featuredmedia":[{"embeddable":true,"href":"https:\/\/www.europesays.com\/fr\/wp-json\/wp\/v2\/media\/493619"}],"wp:attachment":[{"href":"https:\/\/www.europesays.com\/fr\/wp-json\/wp\/v2\/media?parent=493618"}],"wp:term":[{"taxonomy":"category","embeddable":true,"href":"https:\/\/www.europesays.com\/fr\/wp-json\/wp\/v2\/categories?post=493618"},{"taxonomy":"post_tag","embeddable":true,"href":"https:\/\/www.europesays.com\/fr\/wp-json\/wp\/v2\/tags?post=493618"}],"curies":[{"name":"wp","href":"https:\/\/api.w.org\/{rel}","templated":true}]}}