{"id":493625,"date":"2025-10-27T17:35:13","date_gmt":"2025-10-27T17:35:13","guid":{"rendered":"https:\/\/www.europesays.com\/fr\/493625\/"},"modified":"2025-10-27T17:35:13","modified_gmt":"2025-10-27T17:35:13","slug":"on-vient-donner-du-bonheur-aux-gens","status":"publish","type":"post","link":"https:\/\/www.europesays.com\/fr\/493625\/","title":{"rendered":"\u00ab\u00a0On vient donner du bonheur aux gens\u00a0\u00bb"},"content":{"rendered":"<blockquote class=\"question\"><p><strong>Cela vous surprend que le public puisse penser que le groupe Trois caf\u00e9s gourmands s\u2019\u00e9taient s\u00e9par\u00e9s\u00a0?<\/strong><\/p><\/blockquote>\n<p>\u00ab\u00a0On est pourtant bel et bien sur les routes\u00a0! Il y a pu avoir confusion quand notre chanteuse Myl\u00e8ne Madrias a fait part de son souhait de s\u2019orienter vers une carri\u00e8re solo <a href=\"https:\/\/www.estrepublicain.fr\/culture-loisirs\/2023\/06\/27\/le-groupe-trois-cafes-gourmands-annonce-sa-separation\" target=\"_blank\" rel=\"noopener\">\u00e0 l\u2019issue de la tourn\u00e9e 2024.<\/a> Mais pour J\u00e9r\u00e9my Pauly et moi, la question s\u2019est pos\u00e9e de poursuivre ou non \u00e0 ce moment-l\u00e0. C\u2019est une question qui a \u00e9t\u00e9 d\u2019abord soumise \u00e0 nos familles, qui subissent un peu le rythme particulier des tourn\u00e9es. Comme elles nous ont encourag\u00e9s, on s\u2019est remis au travail. On a compos\u00e9 Des Ondes et des reflets \u00e0 deux mais assez vite on s\u2019est aper\u00e7u qu\u2019il manquait du liant, qu\u2019il manquait tout simplement une voix f\u00e9minine.\u00a0\u00bb<\/p>\n<blockquote class=\"question\"><p><strong>Comment s\u2019est pass\u00e9e la rencontre avec Julie\u00a0Santamans\u00a0?<\/strong><\/p><\/blockquote>\n<p>\u00ab\u00a0On travaillait dans les studios d\u2019Aur\u00e9lie Cabrel, la fille de Francis Cabrel, \u00e0 Astaffort et on lui faisait part de notre envie de retrouver une voix f\u00e9minine. Elle nous conna\u00eet bien et a sugg\u00e9r\u00e9 que Julie pourrait bien s\u2019accorder avec nous. Assez vite, on s\u2019est rencontr\u00e9 et \u00e7a a \u00e9t\u00e9 une \u00e9vidence. Julie ne nous correspondait pas seulement sur le plan musical et vocal mais aussi dans son temp\u00e9rament. On s\u2019est tellement bien entendus qu\u2019on en a m\u00eame oubli\u00e9 d\u2019aller enregistrer des essais.\u00a0\u00bb<\/p>\n<blockquote class=\"question\"><p><strong>Vous diriez que sa participation apporte quoi\u00a0?<\/strong><\/p><\/blockquote>\n<p>\u00ab\u00a0Julie a 30 ans de sc\u00e8ne derri\u00e8re elle, on n\u2019avait rien \u00e0 lui apprendre. Au contraire, elle nous a ouverts sur des harmonies qu\u2019on travaillait finalement assez peu. Avec son accent de Toulouse, elle s\u2019est appropri\u00e9 les chansons de mani\u00e8re assez instinctive, elle leur a donn\u00e9 du relief, du peps, des contrastes qu\u2019on n\u2019obtenait pas \u00e0 deux.\u00a0\u00c7a nous a redonn\u00e9 de l\u2019\u00e9lan et aujourd\u2019hui on est ravi qu\u2019elle occupe le centre de la sc\u00e8ne.\u00a0\u00bb<\/p>\n<blockquote class=\"question\"><p><strong>Une sc\u00e8ne toujours aussi joyeuse\u00a0?<\/strong><\/p><\/blockquote>\n<p>\u00ab\u00a0Avec les titres Des Ondes et des reflets on apporte aussi une forme de nostalgie r\u00e9confortante aussi. L\u2019album est le r\u00e9sultat d\u2019une \u00e9criture assez spontan\u00e9e et donc il raconte des moments du quotidien et aborde un sujet, assez nouveau pour nous, qui est la parentalit\u00e9. Mais on vient en joyeux lurons pour donner du bonheur aux gens. Les voir repartir avec le sourire, c\u2019est notre plus grande satisfaction.\u00a0\u00bb<\/p>\n","protected":false},"excerpt":{"rendered":"Cela vous surprend que le public puisse penser que le groupe Trois caf\u00e9s gourmands s\u2019\u00e9taient s\u00e9par\u00e9s\u00a0? \u00ab\u00a0On est&hellip;\n","protected":false},"author":2,"featured_media":493626,"comment_status":"","ping_status":"","sticky":false,"template":"","format":"standard","meta":{"footnotes":""},"categories":[9635],"tags":[1111,11,1687,1707,1704,1706,1705,1777,674,1011,27,775,873,1702,1703,12,25],"class_list":{"0":"post-493625","1":"post","2":"type-post","3":"status-publish","4":"format-standard","5":"has-post-thumbnail","7":"category-nancy","8":"tag-actu","9":"tag-actualites","10":"tag-culture-loisirs","11":"tag-edition-luneville","12":"tag-edition-nancy-et-agglomeration","13":"tag-edition-pont-a-mousson","14":"tag-edition-toul","15":"tag-eu","16":"tag-europe","17":"tag-fr","18":"tag-france","19":"tag-grand-est","20":"tag-musique","21":"tag-nancy","22":"tag-nancy-ville-54b","23":"tag-news","24":"tag-republique-francaise"},"share_on_mastodon":{"url":"https:\/\/pubeurope.com\/@fr\/115447341049867787","error":""},"_links":{"self":[{"href":"https:\/\/www.europesays.com\/fr\/wp-json\/wp\/v2\/posts\/493625","targetHints":{"allow":["GET"]}}],"collection":[{"href":"https:\/\/www.europesays.com\/fr\/wp-json\/wp\/v2\/posts"}],"about":[{"href":"https:\/\/www.europesays.com\/fr\/wp-json\/wp\/v2\/types\/post"}],"author":[{"embeddable":true,"href":"https:\/\/www.europesays.com\/fr\/wp-json\/wp\/v2\/users\/2"}],"replies":[{"embeddable":true,"href":"https:\/\/www.europesays.com\/fr\/wp-json\/wp\/v2\/comments?post=493625"}],"version-history":[{"count":0,"href":"https:\/\/www.europesays.com\/fr\/wp-json\/wp\/v2\/posts\/493625\/revisions"}],"wp:featuredmedia":[{"embeddable":true,"href":"https:\/\/www.europesays.com\/fr\/wp-json\/wp\/v2\/media\/493626"}],"wp:attachment":[{"href":"https:\/\/www.europesays.com\/fr\/wp-json\/wp\/v2\/media?parent=493625"}],"wp:term":[{"taxonomy":"category","embeddable":true,"href":"https:\/\/www.europesays.com\/fr\/wp-json\/wp\/v2\/categories?post=493625"},{"taxonomy":"post_tag","embeddable":true,"href":"https:\/\/www.europesays.com\/fr\/wp-json\/wp\/v2\/tags?post=493625"}],"curies":[{"name":"wp","href":"https:\/\/api.w.org\/{rel}","templated":true}]}}