{"id":493639,"date":"2025-10-27T17:43:13","date_gmt":"2025-10-27T17:43:13","guid":{"rendered":"https:\/\/www.europesays.com\/fr\/493639\/"},"modified":"2025-10-27T17:43:13","modified_gmt":"2025-10-27T17:43:13","slug":"agresse-lors-dune-dispute-avec-un-vendeur-a-la-sauvette-a-saint-bruno","status":"publish","type":"post","link":"https:\/\/www.europesays.com\/fr\/493639\/","title":{"rendered":"agress\u00e9 lors d\u2019une dispute avec un vendeur \u00e0 la sauvette \u00e0 Saint-Bruno"},"content":{"rendered":"<p>\t\t\t\t\t\t\t\t\t\t\t<img loading=\"lazy\" decoding=\"async\" width=\"1280\" title=\"Grenoble : agress\u00e9 lors d\u2019une dispute avec un vendeur \u00e0 la sauvette \u00e0 Saint-Bruno\" class=\"img-fluid  mb-3\" src=\"https:\/\/grandgrenoble.alpes1.com\/media\/news\/grenoble-agresse-lors-d-une-dispute-avec-un-vendeur-a-la-sauvette-a-saint-bruno_68ffa6a609447.webp\" alt=\"Grenoble : agress\u00e9 lors d\u2019une dispute avec un vendeur \u00e0 la sauvette \u00e0 Saint-Bruno\" itemprop=\"image\" height=\"720\"\/>\t\t\t\t\t\t\t\t\t\t\t\t<\/p>\n<p>Grenoble : agress\u00e9 lors d\u2019une dispute avec un vendeur \u00e0 la sauvette \u00e0 Saint-Bruno &#8211; DR<\/p>\n<p itemprop=\"description\"><strong>Un diff\u00e9rend de voisinage a d\u00e9g\u00e9n\u00e9r\u00e9 ce dimanche soir dans le quartier Saint-Bruno, \u00e0 Grenoble, entra\u00eenant l\u2019hospitalisation d\u2019un riverain et l\u2019interpellation d\u2019un homme arm\u00e9.<\/strong><\/p>\n<p>Vers 19h30, rue Michelet, un Grenoblois exc\u00e9d\u00e9 par la pr\u00e9sence r\u00e9p\u00e9t\u00e9e d\u2019un vendeur de cigarettes de contrebande s\u2019est approch\u00e9 de lui pour s\u2019expliquer.<\/p>\n<p>L\u2019\u00e9change s\u2019est rapidement transform\u00e9 en bagarre, au cours de laquelle le riverain a \u00e9t\u00e9 bless\u00e9 par des projectiles.\u00a0<br \/>Pris en charge par les secours, il a \u00e9t\u00e9 transport\u00e9 au CHU Grenoble Alpes.<\/p>\n<p>Les policiers de la brigade anticriminalit\u00e9 ont arr\u00eat\u00e9 le suspect, un homme de 32 ans, qui portait sur lui une bombe lacrymog\u00e8ne et un poing am\u00e9ricain dissimulant une lame.<\/p>\n<p>Il a \u00e9t\u00e9 plac\u00e9 en garde \u00e0 vue.<\/p>\n","protected":false},"excerpt":{"rendered":"Grenoble : agress\u00e9 lors d\u2019une dispute avec un vendeur \u00e0 la sauvette \u00e0 Saint-Bruno &#8211; DR Un diff\u00e9rend&hellip;\n","protected":false},"author":2,"featured_media":493640,"comment_status":"","ping_status":"","sticky":false,"template":"","format":"standard","meta":{"footnotes":""},"categories":[9566],"tags":[1111,11,7733,8279,2430,7736,650,7734,2889,2263,1777,674,1011,27,2731,8280,6417,1114,108,4662,12,3725,1825,25,7737],"class_list":{"0":"post-493639","1":"post","2":"type-post","3":"status-publish","4":"format-standard","5":"has-post-thumbnail","7":"category-grenoble","8":"tag-actu","9":"tag-actualites","10":"tag-alpes","11":"tag-alpes1","12":"tag-auvergne-rhone-alpes","13":"tag-cds","14":"tag-cinema","15":"tag-ecoute","16":"tag-emission","17":"tag-equipe","18":"tag-eu","19":"tag-europe","20":"tag-fr","21":"tag-france","22":"tag-grenoble","23":"tag-haute","24":"tag-information","25":"tag-infos","26":"tag-isere","27":"tag-journal","28":"tag-news","29":"tag-podcast","30":"tag-radio","31":"tag-republique-francaise","32":"tag-winamp"},"share_on_mastodon":{"url":"https:\/\/pubeurope.com\/@fr\/115447373422894603","error":""},"_links":{"self":[{"href":"https:\/\/www.europesays.com\/fr\/wp-json\/wp\/v2\/posts\/493639","targetHints":{"allow":["GET"]}}],"collection":[{"href":"https:\/\/www.europesays.com\/fr\/wp-json\/wp\/v2\/posts"}],"about":[{"href":"https:\/\/www.europesays.com\/fr\/wp-json\/wp\/v2\/types\/post"}],"author":[{"embeddable":true,"href":"https:\/\/www.europesays.com\/fr\/wp-json\/wp\/v2\/users\/2"}],"replies":[{"embeddable":true,"href":"https:\/\/www.europesays.com\/fr\/wp-json\/wp\/v2\/comments?post=493639"}],"version-history":[{"count":0,"href":"https:\/\/www.europesays.com\/fr\/wp-json\/wp\/v2\/posts\/493639\/revisions"}],"wp:featuredmedia":[{"embeddable":true,"href":"https:\/\/www.europesays.com\/fr\/wp-json\/wp\/v2\/media\/493640"}],"wp:attachment":[{"href":"https:\/\/www.europesays.com\/fr\/wp-json\/wp\/v2\/media?parent=493639"}],"wp:term":[{"taxonomy":"category","embeddable":true,"href":"https:\/\/www.europesays.com\/fr\/wp-json\/wp\/v2\/categories?post=493639"},{"taxonomy":"post_tag","embeddable":true,"href":"https:\/\/www.europesays.com\/fr\/wp-json\/wp\/v2\/tags?post=493639"}],"curies":[{"name":"wp","href":"https:\/\/api.w.org\/{rel}","templated":true}]}}