{"id":49364,"date":"2025-04-24T14:27:10","date_gmt":"2025-04-24T14:27:10","guid":{"rendered":"https:\/\/www.europesays.com\/fr\/49364\/"},"modified":"2025-04-24T14:27:10","modified_gmt":"2025-04-24T14:27:10","slug":"il-fait-un-carton-monstre","status":"publish","type":"post","link":"https:\/\/www.europesays.com\/fr\/49364\/","title":{"rendered":"il fait un carton monstre"},"content":{"rendered":"<p>            Par<br \/>\n        <strong><br \/>\n            <a href=\"https:\/\/actu.fr\/auteur\/lisa-rodrigues\" title=\"Consulter tous les articles de Lisa Rodrigues\" rel=\"nofollow noopener\" target=\"_blank\">Lisa Rodrigues<\/a><br \/>\n        <\/strong><\/p>\n<p>        Publi\u00e9 le<\/p>\n<p>            24 avr. 2025 \u00e0 16h16        <\/p>\n<p>Trois ans que les habitants du quartier de l\u2019Arlequin, \u00e0 <a href=\"https:\/\/actu.fr\/auvergne-rhone-alpes\/grenoble_38185\" rel=\"nofollow noopener\" target=\"_blank\">Grenoble<\/a>, n\u2019avaient pas de boulangerie, apr\u00e8s la fermeture de la derni\u00e8re boutique. Mais depuis le 10 d\u00e9cembre 2024, les odeurs de viennoiseries et de pains embaument \u00e0 nouveau la <a href=\"https:\/\/actu.fr\/auvergne-rhone-alpes\/grenoble_38185\/grenoble-en-conflit-avec-la-metropole-ce-petit-commerce-tres-utile-risque-de-disparaitre_62312038.html\" rel=\"nofollow noopener\" target=\"_blank\">galerie de l\u2019Arlequin<\/a>, c\u00f4t\u00e9 place du March\u00e9. <br \/>\u00c9ric Allais-Vacavant y a ouvert sa boulangerie, La Mie de l\u2019Arlequin. Et au regard des clients qui d\u00e9filent dans le commerce en ce milieu de matin\u00e9e d\u2019avril, <strong>son commerce \u00e9tait attendu<\/strong>. \u00ab\u00a0Je viens presque tous les jours pour acheter mon pain, sourit cette habitu\u00e9e. C\u2019est pratique, c\u2019est juste \u00e0 c\u00f4t\u00e9. Sinon, il faut aller au Carrefour !\u00a0\u00bb<\/p>\n<p>Trois ans d\u2019attente pour l\u2019ouverture<\/p>\n<p class=\" wall-content\">\u00c9ric Allais-Vacavant est fils de boulanger et lui-m\u00eame dans le m\u00e9tier \u00ab\u00a0depuis l\u2019\u00e2ge de 13 ans\u00a0\u00bb.<\/p>\n<p>    <a href=\"https:\/\/www.google.com\/maps\/embed?pb=!1m18!1m12!1m3!1d2813.1779802598235!2d5.729687776134102!3d45.16324567107058!2m3!1f0!2f0!3f0!3m2!1i1024!2i768!4f13.1!3m3!1m2!1s0x478af50014d81ec9%3A0x5dabe87f2b4d1c0a!2sLa%20mie%20de%20l%27Arlequin!5e0!3m2!1sfr!2sfr!4v1745487341841!5m2!1sfr!2sfr\" title=\"Ouvrie le lien\" rel=\"nofollow noopener\" target=\"_blank\">Cliquez ici pour visualiser le contenu<\/a><\/p>\n<p class=\" wall-content\">Apr\u00e8s avoir \u00e9t\u00e9 employ\u00e9 \u2013 et m\u00eame ouvrier dans l\u2019ancienne boulangerie de l\u2019Arlequin \u2013, puis responsable de boulangerie, il avait envie, \u00e0 56 ans, de se lancer \u00e0 son compte.<\/p>\n<blockquote class=\"ac-article-quote wall-content\">\n<p>Ce sont les unions de quartier qui sont venues me chercher quand la boulangerie a ferm\u00e9. Je voulais absolument une boulangerie artisanale, o\u00f9 on fait tout sur place, et pas juste un d\u00e9p\u00f4t de pain.<\/p>\n<p>    <strong>\u00c9ric Allais-Vacavant, boulanger du quartier de l&rsquo;Arlequin \u00e0 Grenoble<\/strong>\n            <\/p><\/blockquote>\n<p class=\" wall-content\">Il m\u00fbrit son projet pendant presque trois ans et <strong>reprend tout \u00e0 z\u00e9ro<\/strong>, avec un nouveau local, une nouvelle \u00e9quipe et un nouveau logo, \u00ab\u00a0un dessin que j\u2019ai fait pendant mon apprentissage et que j\u2019ai gard\u00e9\u00a0\u00bb.<\/p>\n<p>      <img   decoding=\"async\" loading=\"lazy\" src=\"https:\/\/www.europesays.com\/fr\/wp-content\/uploads\/2025\/04\/la-mie-de-larlequion-grenoble-3-960x640.jpeg\" alt=\"La boulangerie La Mie de l'Arlequin \u00e0 Grenoble est ouverte depuis d\u00e9cembre 2024, apr\u00e8s trois ans sans commerce du genre pour les quelque 12 000 familles du quartier.\" width=\"960\" height=\"640\"\/><br \/>\n    La boulangerie La Mie de l\u2019Arlequin \u00e0 Grenoble est ouverte depuis d\u00e9cembre 2024, apr\u00e8s trois ans sans commerce du genre pour les quelque 12 000 familles du quartier. (\u00a9Lisa Rodrigues \/ actu Grenoble)Des clients r\u00e9guliers<\/p>\n<p class=\" wall-content\">En un peu plus de quatre mois d\u2019ouverture, il s\u2019est d\u00e9j\u00e0 fait une client\u00e8le r\u00e9guli\u00e8re. \u00ab\u00a0C\u2019est le premier commerce du quartier. <strong>On a entre 300 et 400 clients par jour<\/strong>, avec un panier moyen raisonnable\u00a0\u00bb, estime \u00c9ric Allais-Vacavant. Il essaye aussi de maintenir des prix abordables pour ses clients. \u00ab\u00a0Les gens regardent leur budget aujourd\u2019hui !\u00a0\u00bb<\/p>\n<p class=\" wall-content\">Mais le boulanger ne veut pas se reposer sur ses lauriers et veille au grain c\u00f4t\u00e9 confection des produits. \u00ab\u00a0On fait tout nous-m\u00eames : les pains sp\u00e9ciaux, les viennoiseries et m\u00eame le pain bagnat ! Il faut faire de la qualit\u00e9 pour <a href=\"https:\/\/actu.fr\/auvergne-rhone-alpes\/grenoble_38185\/grenoble-l-un-des-derniers-commerces-de-ce-quartier-de-10-000-habitants-baisse-le-rideau_61433845.html\" rel=\"nofollow noopener\" target=\"_blank\">tenir une client\u00e8le<\/a>\u00ab\u00a0, m\u00eame quand on est la seule boulangerie du coin.\u00a0<\/p>\n<p>Des projets en attente<\/p>\n<p class=\" wall-content\">\u00c9ric Allais-Vacavant a bien des projets de d\u00e9veloppement, comme \u00ab\u00a0faire du bio ou des salades\u00a0\u00bb pour le midi, mais il reste prudent. \u00ab\u00a0Il faut compter trois ans pour une boulangerie\u00a0\u00bb pour \u00eatre pleinement install\u00e9e, souligne le boulanger.\u00a0<\/p>\n<p>      <img   decoding=\"async\" loading=\"lazy\" src=\"https:\/\/www.europesays.com\/fr\/wp-content\/uploads\/2025\/04\/la-mie-de-larlequion-grenoble-4-960x640.jpeg\" alt=\"La boulangerie La Mie de l'Arlequin \u00e0 Grenoble est ouverte depuis d\u00e9cembre 2024, apr\u00e8s trois ans sans commerce du genre pour les quelque 12 000 familles du quartier.\" width=\"960\" height=\"640\"\/><br \/>\n    \u00c9ric Allais-Vacavant esp\u00e8re pouvoir d\u00e9velopper son offre de produits \u00e0 l\u2019avenir, mais reste prudent. (\u00a9Lisa Rodrigues \/ actu Grenoble)<\/p>\n<p class=\" wall-content\">Ses <strong>charges restent lourdes<\/strong>, comme pour tous les artisans, m\u00eame en faisant attention. \u00ab\u00a0J\u2019ai re\u00e7u <a href=\"https:\/\/actu.fr\/economie\/prix-de-l-energie-pourquoi-un-collectif-de-boulangers-saisit-le-conseil-d-etat_57757751.html\" rel=\"nofollow noopener\" target=\"_blank\">ma facture d\u2019\u00e9lectricit\u00e9<\/a> du mois dernier : j\u2019en ai pour 1 800 euros !\u00a0\u00bb C\u00f4t\u00e9 recrutement, bien que son \u00e9quipe soit compl\u00e8te, \u00ab\u00a0c\u2019est compliqu\u00e9. Les gens demandent des gros salaires d\u00e8s le d\u00e9but.\u00a0\u00bb\u00a0<\/p>\n<p class=\" wall-content\">Le boulanger de l\u2019Arlequin esp\u00e8re tenir \u00ab\u00a0au moins 10 ans\u00a0\u00bb \u00e0 la t\u00eate de son commerce. Si tout va bien, \u00ab\u00a0mon gars en boulangerie devrait reprendre. J\u2019aimerais que \u00e7a soit l\u2019\u00e9quipe qui reprenne derri\u00e8re\u2026\u00a0\u00bb\u00a0<\/p>\n<p class=\" wall-content\">De quoi permettre au quartier de garder sa boulangerie ouverte.<\/p>\n<p class=\" wall-content\">Suivez toute l\u2019actualit\u00e9 de vos villes et m\u00e9dias favoris en vous inscrivant \u00e0 <a href=\"https:\/\/moncompte.actu.fr\" title=\"D\u00e9couvez Mon Actu\" rel=\"nofollow noopener\" data-trk=\"{&quot;cta&quot;:{&quot;action&quot;:&quot;https:\\\/\\\/moncompte.actu.fr&quot;,&quot;category&quot;:&quot;mon compte&quot;,&quot;from&quot;:&quot;article footer&quot;,&quot;name&quot;:&quot;Mon actu&quot;,&quot;type&quot;:&quot;cta&quot;}}\" target=\"_blank\">Mon Actu<\/a>.<\/p>\n","protected":false},"excerpt":{"rendered":"Par Lisa Rodrigues Publi\u00e9 le 24 avr. 2025 \u00e0 16h16 Trois ans que les habitants du quartier de&hellip;\n","protected":false},"author":2,"featured_media":49365,"comment_status":"","ping_status":"","sticky":false,"template":"","format":"standard","meta":{"footnotes":""},"categories":[9566],"tags":[1111,11,1477,2430,215,33,1777,674,1011,27,2731,12,25,216],"class_list":{"0":"post-49364","1":"post","2":"type-post","3":"status-publish","4":"format-standard","5":"has-post-thumbnail","7":"category-grenoble","8":"tag-actu","9":"tag-actualites","10":"tag-artisanat","11":"tag-auvergne-rhone-alpes","12":"tag-commerce","13":"tag-economie","14":"tag-eu","15":"tag-europe","16":"tag-fr","17":"tag-france","18":"tag-grenoble","19":"tag-news","20":"tag-republique-francaise","21":"tag-vie-des-entreprises"},"share_on_mastodon":{"url":"https:\/\/pubeurope.com\/@fr\/114393412022798409","error":""},"_links":{"self":[{"href":"https:\/\/www.europesays.com\/fr\/wp-json\/wp\/v2\/posts\/49364","targetHints":{"allow":["GET"]}}],"collection":[{"href":"https:\/\/www.europesays.com\/fr\/wp-json\/wp\/v2\/posts"}],"about":[{"href":"https:\/\/www.europesays.com\/fr\/wp-json\/wp\/v2\/types\/post"}],"author":[{"embeddable":true,"href":"https:\/\/www.europesays.com\/fr\/wp-json\/wp\/v2\/users\/2"}],"replies":[{"embeddable":true,"href":"https:\/\/www.europesays.com\/fr\/wp-json\/wp\/v2\/comments?post=49364"}],"version-history":[{"count":0,"href":"https:\/\/www.europesays.com\/fr\/wp-json\/wp\/v2\/posts\/49364\/revisions"}],"wp:featuredmedia":[{"embeddable":true,"href":"https:\/\/www.europesays.com\/fr\/wp-json\/wp\/v2\/media\/49365"}],"wp:attachment":[{"href":"https:\/\/www.europesays.com\/fr\/wp-json\/wp\/v2\/media?parent=49364"}],"wp:term":[{"taxonomy":"category","embeddable":true,"href":"https:\/\/www.europesays.com\/fr\/wp-json\/wp\/v2\/categories?post=49364"},{"taxonomy":"post_tag","embeddable":true,"href":"https:\/\/www.europesays.com\/fr\/wp-json\/wp\/v2\/tags?post=49364"}],"curies":[{"name":"wp","href":"https:\/\/api.w.org\/{rel}","templated":true}]}}