{"id":493643,"date":"2025-10-27T17:45:26","date_gmt":"2025-10-27T17:45:26","guid":{"rendered":"https:\/\/www.europesays.com\/fr\/493643\/"},"modified":"2025-10-27T17:45:26","modified_gmt":"2025-10-27T17:45:26","slug":"un-nouveau-correspondant-ouest-france-dans-la-commune-dacigne","status":"publish","type":"post","link":"https:\/\/www.europesays.com\/fr\/493643\/","title":{"rendered":"Un nouveau correspondant Ouest-France dans la commune d\u2019Acign\u00e9"},"content":{"rendered":"<p>L\u2019\u00e9quipe des correspondants de Ouest-France en Ille-et-Vilaine s\u2019agrandit. Thierry Sitruk, jeune retrait\u00e9, vient de d\u00e9marrer cette nouvelle mission d\u2019information <a href=\"https:\/\/rennes.maville.com\/bretagne\/ille-et-vilaine\/acigne\/\" rel=\"nofollow noopener\" target=\"_blank\">\u00e0 Acign\u00e9<\/a>, la commune o\u00f9 il r\u00e9side, en lien \u00e9troit avec la r\u00e9daction de Rennes et la reporter d\u2019\u00e9dition Rennes Est.\u00a0Il est joignable par t\u00e9l\u00e9phone au\u00a006\u00a079\u00a045\u00a097\u00a093 ou par mail\u00a0: thierry.sitruk@orange.fr<\/p>\n<p>Quatre correspondants \u00e0 Acign\u00e9<\/p>\n<p>Thierry Sitruk rejoint ainsi l\u2019\u00e9quipe de correspondants locaux d\u00e9j\u00e0 en place depuis plusieurs ann\u00e9es\u00a0: Jean-F\u00e9lix Juguet Piazzola (jeanfelix_juguetpiazzola@outlook.fr, t\u00e9l\u00a0: 06\u00a051\u00a093\u00a029\u00a085), Alo\u00efs Robinard (alois.robinard35@hotmail.fr, t\u00e9l\u00a0: 06\u00a088\u00a061\u00a070\u00a043) et Sarah Severi (severisa@free.fr, t\u00e9l\u00a0: 06\u00a099\u00a065\u00a068\u00a086).\u00a0N\u2019h\u00e9sitez pas \u00e0 le contacter.<\/p>\n<p>\u00a0<\/p>\n","protected":false},"excerpt":{"rendered":"L\u2019\u00e9quipe des correspondants de Ouest-France en Ille-et-Vilaine s\u2019agrandit. Thierry Sitruk, jeune retrait\u00e9, vient de d\u00e9marrer cette nouvelle mission&hellip;\n","protected":false},"author":2,"featured_media":493644,"comment_status":"","ping_status":"","sticky":false,"template":"","format":"standard","meta":{"footnotes":""},"categories":[2821],"tags":[14966,1111,11,829,7052,21388,1777,674,1011,27,12,4565,7418,3086,584,25],"class_list":{"0":"post-493643","1":"post","2":"type-post","3":"status-publish","4":"format-standard","5":"has-post-thumbnail","7":"category-rennes","8":"tag-acigne","9":"tag-actu","10":"tag-actualites","11":"tag-bretagne","12":"tag-commune","13":"tag-correspondant","14":"tag-eu","15":"tag-europe","16":"tag-fr","17":"tag-france","18":"tag-news","19":"tag-nouveau","20":"tag-ouest-france","21":"tag-redon","22":"tag-rennes","23":"tag-republique-francaise"},"share_on_mastodon":{"url":"https:\/\/pubeurope.com\/@fr\/115447380425103014","error":""},"_links":{"self":[{"href":"https:\/\/www.europesays.com\/fr\/wp-json\/wp\/v2\/posts\/493643","targetHints":{"allow":["GET"]}}],"collection":[{"href":"https:\/\/www.europesays.com\/fr\/wp-json\/wp\/v2\/posts"}],"about":[{"href":"https:\/\/www.europesays.com\/fr\/wp-json\/wp\/v2\/types\/post"}],"author":[{"embeddable":true,"href":"https:\/\/www.europesays.com\/fr\/wp-json\/wp\/v2\/users\/2"}],"replies":[{"embeddable":true,"href":"https:\/\/www.europesays.com\/fr\/wp-json\/wp\/v2\/comments?post=493643"}],"version-history":[{"count":0,"href":"https:\/\/www.europesays.com\/fr\/wp-json\/wp\/v2\/posts\/493643\/revisions"}],"wp:featuredmedia":[{"embeddable":true,"href":"https:\/\/www.europesays.com\/fr\/wp-json\/wp\/v2\/media\/493644"}],"wp:attachment":[{"href":"https:\/\/www.europesays.com\/fr\/wp-json\/wp\/v2\/media?parent=493643"}],"wp:term":[{"taxonomy":"category","embeddable":true,"href":"https:\/\/www.europesays.com\/fr\/wp-json\/wp\/v2\/categories?post=493643"},{"taxonomy":"post_tag","embeddable":true,"href":"https:\/\/www.europesays.com\/fr\/wp-json\/wp\/v2\/tags?post=493643"}],"curies":[{"name":"wp","href":"https:\/\/api.w.org\/{rel}","templated":true}]}}