{"id":493645,"date":"2025-10-27T17:46:20","date_gmt":"2025-10-27T17:46:20","guid":{"rendered":"https:\/\/www.europesays.com\/fr\/493645\/"},"modified":"2025-10-27T17:46:20","modified_gmt":"2025-10-27T17:46:20","slug":"en-sursis-habib-beye-maintenu-sur-le-banc-de-rennes-a-toulouse","status":"publish","type":"post","link":"https:\/\/www.europesays.com\/fr\/493645\/","title":{"rendered":"en sursis, Habib Beye maintenu sur le banc de Rennes \u00e0 Toulouse"},"content":{"rendered":"<p>\n    Habib Beye sera bien sur le banc du Stade Rennais mercredi \u00e0 Toulouse.<\/p>\n<p class=\"fig-paragraph\">\u00c7a chauffe pour le coach.\u00a0<a href=\"http:\/\/www.lefigaro.fr\/sports\/football\/ligue-1\/ligue-1-le-deuxieme-but-est-pour-moi-inexplicable-peste-habib-beye-apres-la-defaite-de-rennes-face-a-nice-20251026\" target=\"_blank\" data-fig-type=\"NewsFlash\" rel=\"noopener nofollow\" data-gtm-custom-categorie=\"navigation\" data-gtm-custom-action=\"crossclick\" data-gtm-custom-label=\"Contextuel\" data-gtm-event=\"customEventSPE\" data-fig-domain=\"LEFIGARO\">Habib Beye<\/a>\u00a0sera bien encore l&rsquo;entra\u00eeneur du Stade Rennais, mercredi, \u00e0 Toulouse, pour le match de\u00a0<a href=\"https:\/\/www.lefigaro.fr\/sports\/football\/ligue-1\/calendrier-resultats?journee=10\" target=\"_blank\" rel=\"sponsored noopener nofollow\" data-gtm-custom-categorie=\"navigation\" data-gtm-custom-action=\"crossclick\" data-gtm-custom-label=\"Contextuel\" data-gtm-event=\"customEventSPE\">la 10e journ\u00e9e de Ligue 1<\/a>, a assur\u00e9 une source proche du dossier \u00e0 l&rsquo;AFP, mais il y jouera certainement sa place.<\/p>\n<p class=\"fig-paragraph\">Un m\u00e9dia en ligne avait affirm\u00e9 dans l&rsquo;apr\u00e8s-midi que c&rsquo;\u00e9tait \u00abtermin\u00e9 entre le Stade Rennais et Habib Beye\u00bb, apr\u00e8s une nouvelle d\u00e9convenue\u00a0<a href=\"http:\/\/www.lefigaro.fr\/sports\/football\/ligue-1\/ligue-1-nice-enfonce-rennes-de-l-air-pour-le-havre-et-angers-20251026\" target=\"_blank\" data-fig-type=\"NewsFlash\" rel=\"noopener nofollow\" data-gtm-custom-categorie=\"navigation\" data-gtm-custom-action=\"crossclick\" data-gtm-custom-label=\"Contextuel\" data-gtm-event=\"customEventSPE\" data-fig-domain=\"LEFIGARO\">contre Nice (1-2)<\/a>, dimanche. Mais une source proche du dossier a rapidement assur\u00e9 \u00e0 l&rsquo;AFP qu&rsquo;il n&rsquo;avait pas \u00e9t\u00e9 d\u00e9mis de ses fonctions, tout en reconnaissant que des \u00abdiscussions (\u00e9taient) toujours en cours\u00bb entre le coach et la direction. Un peu plus tard, une autre source proche du club a confirm\u00e9 que Beye serait bien pr\u00e9sent \u00e0 la conf\u00e9rence de presse d&rsquo;avant-match pr\u00e9vue mardi \u00e0 14h00.<\/p>\n<p>                                    <a class=\"fig-a11y-skip a11y-hidden\" href=\"#fig-a11y-skip-main-inarticle\"><br \/>\n        Passer la publicit\u00e9<br \/>\n    <\/a><\/p>\n<p>Une inconstance qui pourrait payer<\/p>\n<p class=\"fig-paragraph\">Apr\u00e8s la d\u00e9faite contre Nice (1-2) au Roazhon Park, samedi, marqu\u00e9e notamment par une premi\u00e8re p\u00e9riode sans id\u00e9e ni envie et qui faisait suite \u00e0 quatre r\u00e9sultats nuls cons\u00e9cutifs, la plupart contre des \u00e9quipes de bas de tableau, la place de Beye est plus menac\u00e9e que jamais. Actuellement\u00a0<a href=\"https:\/\/www.lefigaro.fr\/sports\/football\/ligue-1\/classement\" target=\"_blank\" rel=\"sponsored noopener nofollow\" data-gtm-custom-categorie=\"navigation\" data-gtm-custom-action=\"crossclick\" data-gtm-custom-label=\"Contextuel\" data-gtm-event=\"customEventSPE\">10e au classement<\/a>, avec 11 points, soit quatre de retard sur Monaco, 6e et dernier qualifi\u00e9 virtuel pour l&rsquo;Europe, les Rouge et Noir sont assez loin de leur ambition assum\u00e9e de retrouver les comp\u00e9titions continentales l&rsquo;an prochain.<\/p>\n<p class=\"fig-paragraph\">La tr\u00e8s grande inconstance de l&rsquo;\u00e9quipe dans le jeu en cours de match et d&rsquo;un match sur l&rsquo;autre, ainsi que la gestion du temps de jeu de certains jeunes joueurs, sont des points de critiques r\u00e9currents contre Beye. \u00c0 la fin du match de dimanche, les supporters du kop rennais avaient refus\u00e9 de quitter le stade avant que des joueurs viennent discuter avec eux.<\/p>\n<p class=\"fig-paragraph\">Pendant la conf\u00e9rence de presse d&rsquo;apr\u00e8s-match de Beye, Valentin Rongier et six autres joueurs \u00e9taient finalement all\u00e9s les voir. Le capitaine leur avait promis: \u00abLes choses vont changer et \u00e7a va tourner en notre faveur\u00bb, a rapport\u00e9 Ouest-France. Mais cette nouvelle crise de novembre, v\u00e9ritable tradition au sein du club breton qui avait d\u00e9j\u00e0 chang\u00e9 deux fois d&rsquo;entra\u00eeneur la saison pass\u00e9e, montre surtout que la perte de ligne directrice depuis deux ans et le d\u00e9part de Bruno Genesio est tr\u00e8s loin d&rsquo;\u00eatre r\u00e9solue.<\/p>\n","protected":false},"excerpt":{"rendered":"Habib Beye sera bien sur le banc du Stade Rennais mercredi \u00e0 Toulouse. \u00c7a chauffe pour le coach.\u00a0Habib&hellip;\n","protected":false},"author":2,"featured_media":493646,"comment_status":"","ping_status":"","sticky":false,"template":"","format":"standard","meta":{"footnotes":""},"categories":[2821],"tags":[1111,11,829,1777,674,1011,27,12,584,25,3087],"class_list":{"0":"post-493645","1":"post","2":"type-post","3":"status-publish","4":"format-standard","5":"has-post-thumbnail","7":"category-rennes","8":"tag-actu","9":"tag-actualites","10":"tag-bretagne","11":"tag-eu","12":"tag-europe","13":"tag-fr","14":"tag-france","15":"tag-news","16":"tag-rennes","17":"tag-republique-francaise","18":"tag-stade-rennais"},"share_on_mastodon":{"url":"https:\/\/pubeurope.com\/@fr\/115447384323129644","error":""},"_links":{"self":[{"href":"https:\/\/www.europesays.com\/fr\/wp-json\/wp\/v2\/posts\/493645","targetHints":{"allow":["GET"]}}],"collection":[{"href":"https:\/\/www.europesays.com\/fr\/wp-json\/wp\/v2\/posts"}],"about":[{"href":"https:\/\/www.europesays.com\/fr\/wp-json\/wp\/v2\/types\/post"}],"author":[{"embeddable":true,"href":"https:\/\/www.europesays.com\/fr\/wp-json\/wp\/v2\/users\/2"}],"replies":[{"embeddable":true,"href":"https:\/\/www.europesays.com\/fr\/wp-json\/wp\/v2\/comments?post=493645"}],"version-history":[{"count":0,"href":"https:\/\/www.europesays.com\/fr\/wp-json\/wp\/v2\/posts\/493645\/revisions"}],"wp:featuredmedia":[{"embeddable":true,"href":"https:\/\/www.europesays.com\/fr\/wp-json\/wp\/v2\/media\/493646"}],"wp:attachment":[{"href":"https:\/\/www.europesays.com\/fr\/wp-json\/wp\/v2\/media?parent=493645"}],"wp:term":[{"taxonomy":"category","embeddable":true,"href":"https:\/\/www.europesays.com\/fr\/wp-json\/wp\/v2\/categories?post=493645"},{"taxonomy":"post_tag","embeddable":true,"href":"https:\/\/www.europesays.com\/fr\/wp-json\/wp\/v2\/tags?post=493645"}],"curies":[{"name":"wp","href":"https:\/\/api.w.org\/{rel}","templated":true}]}}