{"id":493649,"date":"2025-10-27T17:48:22","date_gmt":"2025-10-27T17:48:22","guid":{"rendered":"https:\/\/www.europesays.com\/fr\/493649\/"},"modified":"2025-10-27T17:48:22","modified_gmt":"2025-10-27T17:48:22","slug":"le-projet-dagrandissement-du-magasin-ikea-obtient-un-feu-vert-ce-quil-faut-savoir","status":"publish","type":"post","link":"https:\/\/www.europesays.com\/fr\/493649\/","title":{"rendered":"le projet d&rsquo;agrandissement du magasin Ikea obtient un feu vert, ce qu&rsquo;il faut savoir"},"content":{"rendered":"<p>            Par<br \/>\n        <strong><br \/>\n            <a href=\"https:\/\/actu.fr\/auteur\/thomas-blanc\" title=\"Consulter tous les articles de Thomas Blanc\" rel=\"nofollow noopener\" target=\"_blank\">Thomas Blanc<\/a><br \/>\n        <\/strong><\/p>\n<p>        Publi\u00e9 le<\/p>\n<p>            27 oct. 2025 \u00e0 18h35        <\/p>\n<p>D\u00e9but octobre, la commission d\u2019enqu\u00eate publique a rendu un<strong> avis favorable<\/strong> concernant le <a href=\"https:\/\/actu.fr\/grand-est\/strasbourg_67482\/le-magasin-ikea-de-strasbourg-etudie-un-projet-d-extension-de-5-000-m2_60620777.html\" rel=\"nofollow noopener\" target=\"_blank\">projet d\u2019agrandissement de 5 500 m2 du magasin Ikea<\/a>, \u00e0 Strasbourg. Celui-ci doit entra\u00eener une modification du <strong>plan local d\u2019urbanisme (PLU)<\/strong>.<\/p>\n<p>L\u2019agrandissement du Ikea de Strasbourg respecte l\u2019objectif de z\u00e9ro artificialisation nette<\/p>\n<p class=\" wall-content\">La commissaire-enqu\u00eateur, Dani\u00e8le Dietrich, a travaill\u00e9 sur les travaux d\u2019agrandissement du magasin Ikea situ\u00e9 au nord de Strasbourg durant tout le mois d\u2019ao\u00fbt 2025 et <strong>d\u00e9voil\u00e9 ses conclusions au tout d\u00e9but du mois d\u2019octobre<\/strong>, ce qui n\u2019a pas \u00e9chapp\u00e9 \u00e0 nos confr\u00e8res des <a href=\"https:\/\/c.dna.fr\/economie\/2025\/10\/24\/extension-d-ikea-feu-vert-de-la-commission-d-enquete-publique\" rel=\"nofollow noopener\" target=\"_blank\">DNA<\/a>. Elle a rendu un avis favorable au projet qu\u2019elle a motiv\u00e9 <strong>en d\u00e9veloppant notamment quatre points<\/strong>.\u00a0<\/p>\n<p class=\" wall-content\">Son travail sur le projet lui a permis de voir que les travaux propos\u00e9s par Ikea pr\u00e9sentent \u00ab\u00a0<strong>une forte coh\u00e9rence avec les principales politiques publiques locales<\/strong> et nationales en mati\u00e8re d\u2019am\u00e9nagement et de <strong>transition \u00e9cologique<\/strong>.\u00a0\u00bb<\/p>\n<p class=\" wall-content\">Il respecterait d\u00e9j\u00e0 les orientations de la loi Climat et R\u00e9silience de 2021, notamment en ce qui concerne <strong>l\u2019objectif de z\u00e9ro artificialisation nette<\/strong>.<\/p>\n<p>Le projet cr\u00e9era \u00ab\u00a050 emplois tout en consolidant les postes existants\u00a0\u00bb<\/p>\n<p class=\" wall-content\">La commissaire-enqu\u00eateur rapporte \u00e9galement que le projet \u00ab\u00a0mise sur la sobri\u00e9t\u00e9 fonci\u00e8re, la d\u00e9simperm\u00e9abilisation du site, <strong>la plantation d\u2019arbres et l\u2019int\u00e9gration d\u2019\u00e9nergies renouvelables<\/strong> (ombri\u00e8res photovolta\u00efques, toiture et fa\u00e7ade v\u00e9g\u00e9talis\u00e9es), afin de r\u00e9duire les <strong>effets d\u2019\u00eelot de chaleur urbain<\/strong>\u00ab\u00a0, ce qui alimente son avis favorable.\u00a0<\/p>\n<p class=\" wall-content\">Il prend \u00e9galement en compte l\u2019arriv\u00e9e des mobilit\u00e9s vertes jusqu\u2019au magasin en \u00ab\u00a0optimisant la circulation automobile\u00a0\u00bb et en \u00ab\u00a0<strong>favorisant les mobilit\u00e9s douces<\/strong> (v\u00e9los, pi\u00e9tons, transports en commun), tout en assurant des <strong>livraisons 100 % \u00e9lectriques<\/strong>\u00ab\u00a0.\u00a0<\/p>\n<p class=\" wall-content\">La cr\u00e9ation de <strong>50 emplois suppl\u00e9mentaires<\/strong> \u00ab\u00a0tout en consolidant les postes existants\u00a0\u00bb fait \u00e9galement pencher la balance en faveur d\u2019Ikea.<\/p>\n<p>Votre r\u00e9gion, votre actu !<\/p>\n<p>Recevez chaque jour les infos qui comptent pour vous.<\/p>\n<p>\t<a href=\"https:\/\/actu.fr\/newsletter\" class=\"ac-btn ac-btn--corner ac-btn--medium ac-btn--blue800\" rel=\"nofollow noopener\" target=\"_blank\">S&rsquo;incrire<\/a><br \/>\nDe potentiels travaux \u00e0 l\u2019automne 2026<\/p>\n<p class=\" wall-content\">Des d\u00e9lib\u00e9rations de la Ville de Strasbourg et du Conseil de l\u2019Eurom\u00e9tropole portant sur <strong>l\u2019int\u00e9r\u00eat g\u00e9n\u00e9ral du projet<\/strong> et l\u2019approbation de la proc\u00e9dure seront soumises au vote en d\u00e9cembre 2025.<\/p>\n<p class=\" wall-content\">Les travaux pourront ensuite d\u00e9marrer \u00e0 <strong>l\u2019automne 2026<\/strong>.<\/p>\n<p class=\" wall-content\">Personnalisez votre actualit\u00e9 en ajoutant vos villes et m\u00e9dias en favori avec <a href=\"https:\/\/moncompte.actu.fr\" title=\"D\u00e9couvez Mon Actu\" rel=\"nofollow noopener\" data-trk=\"{&quot;cta&quot;:{&quot;action&quot;:&quot;https:\\\/\\\/moncompte.actu.fr&quot;,&quot;category&quot;:&quot;mon compte&quot;,&quot;from&quot;:&quot;article footer&quot;,&quot;name&quot;:&quot;Mon actu&quot;,&quot;type&quot;:&quot;cta&quot;}}\" target=\"_blank\">Mon Actu<\/a>.<\/p>\n","protected":false},"excerpt":{"rendered":"Par Thomas Blanc Publi\u00e9 le 27 oct. 2025 \u00e0 18h35 D\u00e9but octobre, la commission d\u2019enqu\u00eate publique a rendu&hellip;\n","protected":false},"author":2,"featured_media":493650,"comment_status":"","ping_status":"","sticky":false,"template":"","format":"standard","meta":{"footnotes":""},"categories":[2820],"tags":[1111,11,215,1777,674,1011,27,775,714,12,25,104,640,2086],"class_list":{"0":"post-493649","1":"post","2":"type-post","3":"status-publish","4":"format-standard","5":"has-post-thumbnail","7":"category-strasbourg","8":"tag-actu","9":"tag-actualites","10":"tag-commerce","11":"tag-eu","12":"tag-europe","13":"tag-fr","14":"tag-france","15":"tag-grand-est","16":"tag-ikea","17":"tag-news","18":"tag-republique-francaise","19":"tag-societe","20":"tag-strasbourg","21":"tag-travaux"},"share_on_mastodon":{"url":"https:\/\/pubeurope.com\/@fr\/115447392243772777","error":""},"_links":{"self":[{"href":"https:\/\/www.europesays.com\/fr\/wp-json\/wp\/v2\/posts\/493649","targetHints":{"allow":["GET"]}}],"collection":[{"href":"https:\/\/www.europesays.com\/fr\/wp-json\/wp\/v2\/posts"}],"about":[{"href":"https:\/\/www.europesays.com\/fr\/wp-json\/wp\/v2\/types\/post"}],"author":[{"embeddable":true,"href":"https:\/\/www.europesays.com\/fr\/wp-json\/wp\/v2\/users\/2"}],"replies":[{"embeddable":true,"href":"https:\/\/www.europesays.com\/fr\/wp-json\/wp\/v2\/comments?post=493649"}],"version-history":[{"count":0,"href":"https:\/\/www.europesays.com\/fr\/wp-json\/wp\/v2\/posts\/493649\/revisions"}],"wp:featuredmedia":[{"embeddable":true,"href":"https:\/\/www.europesays.com\/fr\/wp-json\/wp\/v2\/media\/493650"}],"wp:attachment":[{"href":"https:\/\/www.europesays.com\/fr\/wp-json\/wp\/v2\/media?parent=493649"}],"wp:term":[{"taxonomy":"category","embeddable":true,"href":"https:\/\/www.europesays.com\/fr\/wp-json\/wp\/v2\/categories?post=493649"},{"taxonomy":"post_tag","embeddable":true,"href":"https:\/\/www.europesays.com\/fr\/wp-json\/wp\/v2\/tags?post=493649"}],"curies":[{"name":"wp","href":"https:\/\/api.w.org\/{rel}","templated":true}]}}