{"id":493653,"date":"2025-10-27T17:50:21","date_gmt":"2025-10-27T17:50:21","guid":{"rendered":"https:\/\/www.europesays.com\/fr\/493653\/"},"modified":"2025-10-27T17:50:21","modified_gmt":"2025-10-27T17:50:21","slug":"un-mineur-place-en-detention-apres-une-tentative-dhomicide-dans-le-centre-ville","status":"publish","type":"post","link":"https:\/\/www.europesays.com\/fr\/493653\/","title":{"rendered":"un mineur plac\u00e9 en d\u00e9tention apr\u00e8s une tentative d\u2019homicide dans le centre-ville"},"content":{"rendered":"<p>\n    Un jeune homme de 26 ans a \u00e9t\u00e9 poignard\u00e9 dans la nuit de vendredi \u00e0 samedi, au cours d\u2019une bagarre entre deux groupes pour un motif \u00abfutile\u00bb. Un mineur a \u00e9t\u00e9 plac\u00e9 en d\u00e9tention provisoire.<\/p>\n<p class=\"fig-paragraph\">Une tentative d\u2019homicide a eu lieu dans la nuit de vendredi \u00e0 samedi \u00e0 Nice (Alpes-Maritimes). Aux alentours de deux heures du matin, dans le quartier du Vieux-Nice,\u00a0<a href=\"http:\/\/www.lefigaro.fr\/nice\/trois-blesses-lors-d-une-rixe-au-couteau-devant-un-lycee-d-antibes-un-eleve-interpelle-20241119\" data-fig-type=\"NewsFlash\" data-gtm-custom-categorie=\"navigation\" data-gtm-custom-action=\"crossclick\" data-gtm-custom-label=\"Contextuel\" data-gtm-event=\"customEventSPE\" data-fig-domain=\"LEFIGARO\" target=\"_blank\" rel=\"noopener\">une dispute \u00e9clate<\/a>\u00a0entre deux groupes de personnes \u00abpour un motif futile\u00bb, pr\u00e9cise le procureur de Nice,\u00a0<a href=\"http:\/\/www.lefigaro.fr\/nice\/a-nice-le-procureur-de-la-republique-alerte-sur-l-explosion-de-la-delinquance-des-mineurs-depuis-janvier-20241008\" data-fig-type=\"NewsFlash\" data-gtm-custom-categorie=\"navigation\" data-gtm-custom-action=\"crossclick\" data-gtm-custom-label=\"Contextuel\" data-gtm-event=\"customEventSPE\" data-fig-domain=\"LEFIGARO\" target=\"_blank\" rel=\"noopener\">Damien Martinelli<\/a>. Plusieurs coups sont \u00e9chang\u00e9s lorsqu\u2019une des personnes a port\u00e9 \u00abplusieurs coups de couteau \u00e0 la victime, sans que son pronostic vital soit engag\u00e9\u00bb, affirme le parquet.<\/p>\n<p>Cinq mineurs d\u00e9f\u00e9r\u00e9s<\/p>\n<p class=\"fig-paragraph\">La victime, un jeune homme \u00e2g\u00e9 de 26 ans, a \u00e9t\u00e9 touch\u00e9e au cou et au thorax. Le Samu s\u2019est rendu sur place, ainsi que les policiers de la brigade anticriminalit\u00e9. Dans la foul\u00e9e, \u00abcinq personnes ont \u00e9t\u00e9 d\u00e9f\u00e9r\u00e9es dimanche apr\u00e8s-midi dans le cadre de l\u2019ouverture d\u2019une information judiciaire des chefs de violences en r\u00e9union et de tentative d\u2019homicide\u00bb, indique le procureur de la R\u00e9publique de Nice. Il s\u2019agit de cinq mineurs, tous n\u00e9s en 2008.<\/p>\n<p>                                    <a class=\"fig-a11y-skip a11y-hidden\" href=\"#fig-a11y-skip-main-inarticle\"><br \/>\n        Passer la publicit\u00e9<br \/>\n    <\/a><\/p>\n<p class=\"fig-paragraph\">Quatre d\u2019entre eux ont \u00e9t\u00e9\u00a0<a href=\"http:\/\/www.lefigaro.fr\/nice\/une-victime-choisie-au-hasard-apres-l-agression-au-couteau-d-une-etudiante-a-nice-un-suspect-interpelle-20240919\" data-fig-type=\"NewsFlash\" data-gtm-custom-categorie=\"navigation\" data-gtm-custom-action=\"crossclick\" data-gtm-custom-label=\"Contextuel\" data-gtm-event=\"customEventSPE\" data-fig-domain=\"LEFIGARO\" target=\"_blank\" rel=\"noopener\">plac\u00e9s sous contr\u00f4le judiciaire<\/a>, et un en d\u00e9tention provisoire. Ils appartiennent au groupe \u00abqui appara\u00eet comme \u00e9tant \u00e0 l\u2019origine de la bagarre\u00bb, ajoute le parquet. Le mineur mis en cause pour la tentative d\u2019homicide est n\u00e9 \u00e0 Nice.<\/p>\n","protected":false},"excerpt":{"rendered":"Un jeune homme de 26 ans a \u00e9t\u00e9 poignard\u00e9 dans la nuit de vendredi \u00e0 samedi, au cours&hellip;\n","protected":false},"author":2,"featured_media":493654,"comment_status":"","ping_status":"","sticky":false,"template":"","format":"standard","meta":{"footnotes":""},"categories":[2819],"tags":[1111,11,1120,7623,5816,1777,674,1011,27,12,2401,882,25],"class_list":{"0":"post-493653","1":"post","2":"type-post","3":"status-publish","4":"format-standard","5":"has-post-thumbnail","7":"category-nice","8":"tag-actu","9":"tag-actualites","10":"tag-agression","11":"tag-coup-de-couteau","12":"tag-detention-provisoire","13":"tag-eu","14":"tag-europe","15":"tag-fr","16":"tag-france","17":"tag-news","18":"tag-nice","19":"tag-provence-alpes-cote-dazur","20":"tag-republique-francaise"},"share_on_mastodon":{"url":"https:\/\/pubeurope.com\/@fr\/115447400055058897","error":""},"_links":{"self":[{"href":"https:\/\/www.europesays.com\/fr\/wp-json\/wp\/v2\/posts\/493653","targetHints":{"allow":["GET"]}}],"collection":[{"href":"https:\/\/www.europesays.com\/fr\/wp-json\/wp\/v2\/posts"}],"about":[{"href":"https:\/\/www.europesays.com\/fr\/wp-json\/wp\/v2\/types\/post"}],"author":[{"embeddable":true,"href":"https:\/\/www.europesays.com\/fr\/wp-json\/wp\/v2\/users\/2"}],"replies":[{"embeddable":true,"href":"https:\/\/www.europesays.com\/fr\/wp-json\/wp\/v2\/comments?post=493653"}],"version-history":[{"count":0,"href":"https:\/\/www.europesays.com\/fr\/wp-json\/wp\/v2\/posts\/493653\/revisions"}],"wp:featuredmedia":[{"embeddable":true,"href":"https:\/\/www.europesays.com\/fr\/wp-json\/wp\/v2\/media\/493654"}],"wp:attachment":[{"href":"https:\/\/www.europesays.com\/fr\/wp-json\/wp\/v2\/media?parent=493653"}],"wp:term":[{"taxonomy":"category","embeddable":true,"href":"https:\/\/www.europesays.com\/fr\/wp-json\/wp\/v2\/categories?post=493653"},{"taxonomy":"post_tag","embeddable":true,"href":"https:\/\/www.europesays.com\/fr\/wp-json\/wp\/v2\/tags?post=493653"}],"curies":[{"name":"wp","href":"https:\/\/api.w.org\/{rel}","templated":true}]}}