{"id":493657,"date":"2025-10-27T17:52:17","date_gmt":"2025-10-27T17:52:17","guid":{"rendered":"https:\/\/www.europesays.com\/fr\/493657\/"},"modified":"2025-10-27T17:52:17","modified_gmt":"2025-10-27T17:52:17","slug":"la-cocarde-etudiante-denonce-une-attaque-dantifas-lors-dun-hommage-a-lola-une-plainte-deposee","status":"publish","type":"post","link":"https:\/\/www.europesays.com\/fr\/493657\/","title":{"rendered":"La Cocarde \u00e9tudiante d\u00e9nonce \u00abune attaque\u00bb d\u2019antifas lors d\u2019un hommage \u00e0 Lola, une plainte d\u00e9pos\u00e9e"},"content":{"rendered":"<p>\n    Le syndicat indique avoir \u00e9t\u00e9 pris \u00e0 partie samedi soir. Apr\u00e8s une conf\u00e9rence, des participants sont all\u00e9s d\u00e9poser des bougies en m\u00e9moire de la jeune fille tu\u00e9e en 2022. La soir\u00e9e a d\u00e9g\u00e9n\u00e9r\u00e9.<\/p>\n<p class=\"fig-paragraph\">La vid\u00e9o cumule plus de 500.000 vues sur X. Dans la p\u00e9nombre, des personnes encagoul\u00e9es munies de fumig\u00e8nes font face \u00e0 des jeunes hommes align\u00e9s qui ripostent. \u00abAlors que nous rendions\u00a0<a href=\"http:\/\/www.lefigaro.fr\/nantes\/meetings-mouvementes-et-menaces-de-mort-le-rn-sous-pression-a-nantes-et-saint-nazaire-20251027\" target=\"_blank\" data-fig-type=\"NewsFlash\" rel=\"noopener\" data-gtm-custom-categorie=\"navigation\" data-gtm-custom-action=\"crossclick\" data-gtm-custom-label=\"Contextuel\" data-gtm-event=\"customEventSPE\" data-fig-domain=\"LEFIGARO\">\u00e0 Nantes<\/a> \u00a0un ultime hommage \u00e0\u00a0<a href=\"http:\/\/www.lefigaro.fr\/faits-divers\/dahbia-benkired-condamnee-a-la-perpetuite-incompressible-pour-le-meurtre-de-lola-dans-les-coulisses-du-proces-d-un-crime-barbare-20251024\" target=\"_blank\" data-fig-type=\"Article\" rel=\"noopener\" data-gtm-custom-categorie=\"navigation\" data-gtm-custom-action=\"crossclick\" data-gtm-custom-label=\"Contextuel\" data-gtm-event=\"customEventSPE\" data-fig-domain=\"LEFIGARO\">Lola<\/a> , des antifas sont venus nous attaquer et pi\u00e9tiner son portrait\u00bb, a \u00e9crit sur son compte\u00a0<a href=\"http:\/\/www.lefigaro.fr\/faits-divers\/des-etudiants-du-syndicat-la-cocarde-portent-plainte-pour-une-agression-devant-la-sorbonne-20241120\" target=\"_blank\" data-fig-type=\"Article\" rel=\"noopener\" data-gtm-custom-categorie=\"navigation\" data-gtm-custom-action=\"crossclick\" data-gtm-custom-label=\"Contextuel\" data-gtm-event=\"customEventSPE\" data-fig-domain=\"LEFIGARO\">La Cocarde \u00e9tudiante<\/a>, sous l\u2019extrait vid\u00e9o diffus\u00e9 dimanche soir. Le syndicat \u00e9tudiant qui se d\u00e9crit comme celui \u00abdu camp national\u00bb d\u00e9nonce une attaque de militants d\u2019extr\u00eame gauche dans la soir\u00e9e de samedi. Et pr\u00e9cise qu\u2019un portrait de la jeune fille viol\u00e9e et tu\u00e9e en 2022 a \u00e9t\u00e9 d\u00e9truit.<\/p>\n<p class=\"fig-paragraph\">L\u2019affrontement entre les deux camps a dur\u00e9 moins de cinq minutes. La police n\u2019est pas intervenue mais, selon nos informations, une membre de La Cocarde a port\u00e9 plainte pour le vol de son porte-monnaie et des coups de pied re\u00e7us. \u00abIl n\u2019y a pas eu de gros bless\u00e9s, quelques \u00e9gratignures, on a \u00e9t\u00e9 extr\u00eamement chanceux\u00bb, indique au Figaro Guillaume, un coordinateur du syndicat de la droite patriote, pr\u00e9sent samedi. La soir\u00e9e a d\u00e9but\u00e9 par une conf\u00e9rence de\u00a0<a href=\"http:\/\/www.lefigaro.fr\/vox\/societe\/le-deni-du-racisme-antiblanc-est-devenu-une-discipline-olympique-chez-nombre-de-chercheurs-et-de-sociologues-20250725\" target=\"_blank\" data-fig-type=\"Article\" rel=\"noopener\" data-gtm-custom-categorie=\"navigation\" data-gtm-custom-action=\"crossclick\" data-gtm-custom-label=\"Contextuel\" data-gtm-event=\"customEventSPE\" data-fig-domain=\"LEFIGARO\">Fran\u00e7ois Bousquet<\/a>, venu parler de son r\u00e9cent ouvrage Le racisme antiblanc\u00a0: L\u2019enqu\u00eate interdite (Ed. La Nouvelle Librairie). Une fois l\u2019intervention termin\u00e9e, le groupe a d\u00e9cid\u00e9 d\u2019aller rendre un hommage \u00e0 Lola.<\/p>\n<p>                                    <a class=\"fig-a11y-skip a11y-hidden\" href=\"#fig-a11y-skip-main-inarticle\"><br \/>\n        Passer la publicit\u00e9<br \/>\n    <\/a><\/p>\n<p>Bouteilles de verre et lacrymog\u00e8nes<\/p>\n<p class=\"fig-paragraph\">\u00c0 c\u00f4t\u00e9 de la\u00a0<a href=\"http:\/\/www.lefigaro.fr\/nantes\/nantes-un-mois-apres-sa-reouverture-l-alarme-incendie-de-la-cathedrale-se-declenche-en-pleine-messe-20251024\" target=\"_blank\" data-fig-type=\"NewsFlash\" rel=\"noopener\" data-gtm-custom-categorie=\"navigation\" data-gtm-custom-action=\"crossclick\" data-gtm-custom-label=\"Contextuel\" data-gtm-event=\"customEventSPE\" data-fig-domain=\"LEFIGARO\">cath\u00e9drale de Nantes<\/a>, une quinzaine de militants sont venus d\u00e9poser une fleur, quelques bougies, et un cadre. Les plus croyants ont fait une pri\u00e8re. C\u2019est \u00e0 ce moment qu\u2019ils auraient \u00e9t\u00e9 reconnus par des antifas, venus s\u2019en prendre \u00e0 eux. \u00abRapidement, ils nous ont courus apr\u00e8s, dans la rue de la cath\u00e9drale menant vers le ch\u00e2teau. On a \u00e9t\u00e9 oblig\u00e9 de faire face, ils \u00e9taient plus nombreux. Nous \u00e9tions une douzaine, eux une trentaine\u00bb, raconte le militant pr\u00e9sent. Selon lui, la conf\u00e9rence tenue dans un lieu secret pour \u00e9viter toute intrusion avait \u00e9veill\u00e9 l\u2019attention des antifas qui r\u00f4daient dans les environs.<\/p>\n<p class=\"fig-paragraph\">Dans une vid\u00e9o un peu plus longue qu\u2019a pu consulter Le Figaro, les militants de la Cocarde font face \u00e0 des jets de bouteilles de verre et de gaz lacrymog\u00e8ne. \u00abC\u2019est des malades les antifas (sic)\u00bb, s\u2019indigne l\u2019auteur de la vid\u00e9o, pr\u00e9nomm\u00e9e sur X \u00abLoreine Les Asiatiques \u00e0 Droite\u00bb. Cette derni\u00e8re accompagnait le conf\u00e9rencier lors de son intervention. \u00abLa plupart des agressions sont sans image. Loreine a eu la pr\u00e9sence d\u2019esprit de filmer la sc\u00e8ne\u00bb, observe Fran\u00e7ois Bousquet. Sollicit\u00e9 par Le Figaro, l\u2019\u00e9crivain-journaliste relate la m\u00eame sc\u00e8ne que celle d\u00e9crite par le syndicat. \u00abIls \u00e9taient \u00e9quip\u00e9s de fumig\u00e8nes, de lacrymog\u00e8nes, masqu\u00e9s, et nous ont pris en chasse\u00bb, rapporte-t-il, pas vraiment surpris.<\/p>\n<blockquote class=\"fig-quote&#10;    \">\n<p class=\"fig-quote__text\">En province, on ne peut pas organiser une conf\u00e9rence en donnant un lieu car les antifas d\u00e9barquent<\/p>\n<p>            Fran\u00e7ois Bousquet, auteur de l\u2019ouvrage \u00abLe racisme antiblanc\u00a0: L\u2019enqu\u00eate interdite\u00bb\n    <\/p><\/blockquote>\n<p class=\"fig-paragraph\">\u00ab\u00c7a ne m\u2019\u00e9tonne absolument pas. En province, on ne peut pas organiser une conf\u00e9rence en donnant un lieu car les antifas d\u00e9barquent\u00bb, regrette le r\u00e9dacteur en chef de la revue \u00c9l\u00e9ments, qui se souvient avoir \u00e9t\u00e9 pris \u00e0 partie \u00e0 B\u00e9ziers, en 2020, par des militants antifascistes venus perturber l\u2019une de ses interventions. Il d\u00e9nonce \u00abune milice qui a privatis\u00e9 un espace public, anim\u00e9e par un sentiment d\u2019impunit\u00e9, qui la pousse \u00e0 introduire un rapport de force permanent sous forme d\u2019intimidation verbale et physique des gens qui ne partagent pas leur vision du monde\u00bb.<\/p>\n<p class=\"fig-paragraph\">Vendredi dernier, la meurtri\u00e8re de Lola a \u00e9t\u00e9 condamn\u00e9e \u00e0 la r\u00e9clusion criminelle \u00e0 perp\u00e9tuit\u00e9 incompressible, la peine la plus \u00e9lev\u00e9e pr\u00e9vue par le Code p\u00e9nal fran\u00e7ais. Lors de ce proc\u00e8s, le sujet de la r\u00e9cup\u00e9ration politique a resurgi, face \u00e0 une accus\u00e9e qui se trouvait sous OQTF au moment du meurtre. Dans une interview publi\u00e9e lundi\u00a0<a href=\"http:\/\/www.lefigaro.fr\/faits-divers\/il-y-aura-toujours-des-questions-apres-le-proces-de-dahbia-benkired-la-mere-de-lola-se-confie-au-figaro-20251027\" target=\"_blank\" data-fig-type=\"Article\" rel=\"noopener\" data-gtm-custom-categorie=\"navigation\" data-gtm-custom-action=\"crossclick\" data-gtm-custom-label=\"Contextuel\" data-gtm-event=\"customEventSPE\" data-fig-domain=\"LEFIGARO\">dans nos colonnes<\/a>, la m\u00e8re de Lola confie avoir trouv\u00e9 \u00abd\u00e9plac\u00e9e la r\u00e9cup\u00e9ration qu\u2019il y a eue sur le dos de [s]a fille. Ils n\u2019ont pas forc\u00e9ment parl\u00e9 m\u00e9chamment mais on a senti que tout le monde essayait de r\u00e9cup\u00e9rer, que ce soit la droite ou la gauche\u00bb. De son c\u00f4t\u00e9, le coordinateur de La Cocarde \u00e9tudiante \u00e9voque un hommage \u00abqui n\u2019\u00e9tait pas pr\u00e9vu, ni communiqu\u00e9. J\u2019ai dit \u00e0 titre individuel que je voulais faire \u00e7a car \u00e7a nous a marqu\u00e9s\u00bb. Alors que des \u00e9chauffour\u00e9es \u00e9clatent parfois dans le centre entre groupuscules, ce dernier nie toute provocation. \u00abLa provocation, de base, aurait peut-\u00eatre \u00e9t\u00e9 la conf\u00e9rence mais dans ce cas, la provocation c\u2019est d\u2019exister\u00bb, se d\u00e9fend-il.<\/p>\n","protected":false},"excerpt":{"rendered":"Le syndicat indique avoir \u00e9t\u00e9 pris \u00e0 partie samedi soir. Apr\u00e8s une conf\u00e9rence, des participants sont all\u00e9s d\u00e9poser&hellip;\n","protected":false},"author":2,"featured_media":493658,"comment_status":"","ping_status":"","sticky":false,"template":"","format":"standard","meta":{"footnotes":""},"categories":[2818],"tags":[1111,11,1120,1777,674,1011,27,766,12,2636,25,3427],"class_list":{"0":"post-493657","1":"post","2":"type-post","3":"status-publish","4":"format-standard","5":"has-post-thumbnail","7":"category-nantes","8":"tag-actu","9":"tag-actualites","10":"tag-agression","11":"tag-eu","12":"tag-europe","13":"tag-fr","14":"tag-france","15":"tag-nantes","16":"tag-news","17":"tag-pays-de-la-loire","18":"tag-republique-francaise","19":"tag-syndicats"},"share_on_mastodon":{"url":"https:\/\/pubeurope.com\/@fr\/115447407888993504","error":""},"_links":{"self":[{"href":"https:\/\/www.europesays.com\/fr\/wp-json\/wp\/v2\/posts\/493657","targetHints":{"allow":["GET"]}}],"collection":[{"href":"https:\/\/www.europesays.com\/fr\/wp-json\/wp\/v2\/posts"}],"about":[{"href":"https:\/\/www.europesays.com\/fr\/wp-json\/wp\/v2\/types\/post"}],"author":[{"embeddable":true,"href":"https:\/\/www.europesays.com\/fr\/wp-json\/wp\/v2\/users\/2"}],"replies":[{"embeddable":true,"href":"https:\/\/www.europesays.com\/fr\/wp-json\/wp\/v2\/comments?post=493657"}],"version-history":[{"count":0,"href":"https:\/\/www.europesays.com\/fr\/wp-json\/wp\/v2\/posts\/493657\/revisions"}],"wp:featuredmedia":[{"embeddable":true,"href":"https:\/\/www.europesays.com\/fr\/wp-json\/wp\/v2\/media\/493658"}],"wp:attachment":[{"href":"https:\/\/www.europesays.com\/fr\/wp-json\/wp\/v2\/media?parent=493657"}],"wp:term":[{"taxonomy":"category","embeddable":true,"href":"https:\/\/www.europesays.com\/fr\/wp-json\/wp\/v2\/categories?post=493657"},{"taxonomy":"post_tag","embeddable":true,"href":"https:\/\/www.europesays.com\/fr\/wp-json\/wp\/v2\/tags?post=493657"}],"curies":[{"name":"wp","href":"https:\/\/api.w.org\/{rel}","templated":true}]}}