{"id":493685,"date":"2025-10-27T18:07:16","date_gmt":"2025-10-27T18:07:16","guid":{"rendered":"https:\/\/www.europesays.com\/fr\/493685\/"},"modified":"2025-10-27T18:07:16","modified_gmt":"2025-10-27T18:07:16","slug":"deux-lecteurs-dialoguent-sur-la-pantheonisation-de-robert-badinter","status":"publish","type":"post","link":"https:\/\/www.europesays.com\/fr\/493685\/","title":{"rendered":"Deux lecteurs dialoguent sur la panth\u00e9onisation de Robert Badinter"},"content":{"rendered":"<p><strong>Fran\u00e7ois Monnier, de Blois (Loir-et-Cher)\u00a0:<\/strong> \u00ab\u00a0Un cercueil sans corps qui rejoint le Panth\u00e9on, ce n\u2019est pas la premi\u00e8re fois. <a target=\"_self\" href=\"https:\/\/www.lanouvellerepublique.fr\/a-la-une\/robert-badinter-est-entre-au-pantheon-a-l-issue-d-une-ceremonie-lourde-de-sens-et-d-emotions-1760036354\" rel=\"noopener\">Robert Badinter a \u00e9t\u00e9 panth\u00e9onis\u00e9, jeudi 9\u00a0octobre<\/a>, sans que son corps ne quitte le cimeti\u00e8re de Bagneux, l\u00e0 o\u00f9 il repose depuis sa mort. Un cercueil vide, avec\u00a0\u00e0 l\u2019int\u00e9rieur seulement quelques objets symboliques dont trois livres\u00a0: Idiss, hommage qu\u2019il rendit \u00e0 sa grand-m\u00e8re, la biographie de Nicolas de Condorcet co\u00e9crite avec son \u00e9pouse et\u00a0Choses vues\u00a0de Victor Hugo. Y ont \u00e9t\u00e9 jointes une copie de son discours prononc\u00e9 devant l\u2019Assembl\u00e9e nationale concernant l\u2019abolition de la peine de mort et sa robe d\u2019avocat.<\/p>\n<\/p>\n<p>\u00ab\u00a0Le dictionnaire poss\u00e8de un mot pour signaler ce cercueil sans corps, \u201c\u00a0c\u00e9notaphe\u00a0\u201d\u00a0: \u201c\u00a0tombeau \u00e9lev\u00e9 \u00e0 la m\u00e9moire d\u2019un mort et qui ne contient pas son corps\u00a0\u201d, nous rappelle Le Robert.<\/p>\n<p>\u00ab\u00a0Une s\u00e9pulture se respecte, c\u2019est un t\u00e9moignage de civilit\u00e9\u00a0\u00bb<\/p>\n<p>\u00ab\u00a0Ce n\u2019est pas la premi\u00e8re fois qu\u2019un cercueil entre dans le Panth\u00e9on sans d\u00e9pouille. En 2015, les cercueils des r\u00e9sistantes Germaine Tillion et Genevi\u00e8ve de Gaulle Anthonioz ne contenaient qu\u2019une poign\u00e9e de terre, leur corps demeurant \u00e0 jamais au cimeti\u00e8re familial.<\/p>\n<p>\u00ab\u00a0Pour Voltaire et Rousseau, cela demeure un myst\u00e8re, quelques ossements ont \u00e9t\u00e9 constat\u00e9s mais sans certitude. Condorcet, mort en 1794, enterr\u00e9 dans une fosse commune, dont le corps n\u2019a pas \u00e9t\u00e9 retrouv\u00e9, est entr\u00e9 au Panth\u00e9on en 1989.<\/p>\n<p>\u00ab\u00a0Les cendres de Jean Moulin ne sont que pr\u00e9sum\u00e9es \u00eatre les siennes, lors de sa panth\u00e9onisation en d\u00e9cembre\u00a01964. Pour L\u00e9on Gambetta, transf\u00e9r\u00e9 en 1920, seul son c\u0153ur y figure (dans une urne). L\u2019inventeur de l\u2019\u00e9criture pour les aveugles Louis Braille a \u00e9t\u00e9 inhum\u00e9 sans ses mains, rest\u00e9es dans le caveau de famille \u00e0 Coupvray (Seine-et-Marne)<\/p>\n<p>\u00ab\u00a0En 2011, le po\u00e8te et homme politique Aim\u00e9 C\u00e9saire est entr\u00e9 au Panth\u00e9on, mais ni urne, ni cendres n\u2019y ont \u00e9t\u00e9 transf\u00e9r\u00e9es. Il restera sur son \u00eele de La Martinique, volont\u00e9 p\u00e9rennis\u00e9e par la famille.<\/p>\n<p>\u00ab\u00a0Robert Badinter est la septi\u00e8me personnalit\u00e9 \u00e0 entrer au Panth\u00e9on depuis l\u2019arriv\u00e9e d\u2019Emmanuel Macron en 2017. Apr\u00e8s <a target=\"_self\" href=\"https:\/\/www.lanouvellerepublique.fr\/a-la-une\/pantheonisation-de-missak-manouchian-la-france-reconnaissante-vous-accueille\" rel=\"noopener\">le couple Manouchian<\/a>, <a target=\"_self\" href=\"https:\/\/www.lanouvellerepublique.fr\/a-la-une\/josephine-baker-est-entree-au-pantheon\" rel=\"noopener\">Jos\u00e9phine Baker<\/a>, <a target=\"_self\" href=\"https:\/\/www.lanouvellerepublique.fr\/a-la-une\/maurice-genevoix-entre-au-pantheon\" rel=\"noopener\">Maurice Genevoix<\/a> et <a target=\"_self\" href=\"https:\/\/www.lanouvellerepublique.fr\/a-la-une\/etre-dignes-des-chemins-traces-par-simone-veil\" rel=\"noopener\">le couple Veil<\/a>, <a target=\"_self\" href=\"https:\/\/www.lanouvellerepublique.fr\/a-la-une\/a-strasbourg-emmanuel-macron-annonce-la-pantheonisation-de-l-historien-et-resistant-marc-bloch\" rel=\"noopener\">l\u2019historien et r\u00e9sistant Marc Bloch<\/a>, fusill\u00e9 par les nazis en 1944, y sera honor\u00e9\u00a0le 16\u00a0juin 2026.\u00a0\u00bb<\/p>\n<p>L\u00e2chet\u00e9 et m\u00e9pris<\/p>\n<p><strong>Jo\u00ebl Goring, de Niort (Deux-S\u00e8vres)\u00a0:<\/strong> \u00ab <a target=\"_self\" href=\"https:\/\/www.lanouvellerepublique.fr\/a-la-une\/la-tombe-de-robert-badinter-a-ete-taguee-quelques-heures-avant-sa-pantheonisation-1760006058\" rel=\"noopener\">La profanation de la tombe de Robert Badinter<\/a>, le jour de l\u2019entr\u00e9e de son cercueil au Panth\u00e9on est un t\u00e9moignage de l\u2019\u00e9tat de d\u00e9cr\u00e9pitude de nos m\u0153urs.<\/p>\n<p>\u00ab\u00a0Ne pas partager ses id\u00e9es sur l\u2019abolition de la peine de mort, sur la d\u00e9p\u00e9nalisation de l\u2019homosexualit\u00e9, sur une certaine humanisation des prisons est concevable et admissible. Mais c\u2019\u00e9tait du vivant de l\u2019int\u00e9ress\u00e9 et en l\u2019attaquant verbalement, en lui portant contradiction qu\u2019il fallait d\u00e9battre.<\/p>\n<p>\u00ab\u00a0Mis \u00e0 part l\u2019univers carc\u00e9ral, qui doit \u00eatre loin d\u2019\u00eatre humain, et c\u2019est un point qui devrait \u00e9voluer, les autres d\u00e9cisions prises doivent \u00eatre accept\u00e9es. Badigeonner d\u2019inscriptions une tombe est un acte de l\u00e2chet\u00e9 et de m\u00e9pris. Une s\u00e9pulture se respecte, c\u2019est un t\u00e9moignage de civilit\u00e9.\u00a0\u00bb<\/p>\n","protected":false},"excerpt":{"rendered":"Fran\u00e7ois Monnier, de Blois (Loir-et-Cher)\u00a0: \u00ab\u00a0Un cercueil sans corps qui rejoint le Panth\u00e9on, ce n\u2019est pas la premi\u00e8re&hellip;\n","protected":false},"author":2,"featured_media":493686,"comment_status":"","ping_status":"","sticky":false,"template":"","format":"standard","meta":{"footnotes":""},"categories":[1888],"tags":[11,8617,1777,674,1011,27,329,303,12,626,25],"class_list":{"0":"post-493685","1":"post","2":"type-post","3":"status-publish","4":"format-standard","5":"has-post-thumbnail","7":"category-paris","8":"tag-actualites","9":"tag-dialogue","10":"tag-eu","11":"tag-europe","12":"tag-fr","13":"tag-france","14":"tag-france-monde","15":"tag-justice","16":"tag-news","17":"tag-paris","18":"tag-republique-francaise"},"share_on_mastodon":{"url":"https:\/\/pubeurope.com\/@fr\/115447466785759822","error":""},"_links":{"self":[{"href":"https:\/\/www.europesays.com\/fr\/wp-json\/wp\/v2\/posts\/493685","targetHints":{"allow":["GET"]}}],"collection":[{"href":"https:\/\/www.europesays.com\/fr\/wp-json\/wp\/v2\/posts"}],"about":[{"href":"https:\/\/www.europesays.com\/fr\/wp-json\/wp\/v2\/types\/post"}],"author":[{"embeddable":true,"href":"https:\/\/www.europesays.com\/fr\/wp-json\/wp\/v2\/users\/2"}],"replies":[{"embeddable":true,"href":"https:\/\/www.europesays.com\/fr\/wp-json\/wp\/v2\/comments?post=493685"}],"version-history":[{"count":0,"href":"https:\/\/www.europesays.com\/fr\/wp-json\/wp\/v2\/posts\/493685\/revisions"}],"wp:featuredmedia":[{"embeddable":true,"href":"https:\/\/www.europesays.com\/fr\/wp-json\/wp\/v2\/media\/493686"}],"wp:attachment":[{"href":"https:\/\/www.europesays.com\/fr\/wp-json\/wp\/v2\/media?parent=493685"}],"wp:term":[{"taxonomy":"category","embeddable":true,"href":"https:\/\/www.europesays.com\/fr\/wp-json\/wp\/v2\/categories?post=493685"},{"taxonomy":"post_tag","embeddable":true,"href":"https:\/\/www.europesays.com\/fr\/wp-json\/wp\/v2\/tags?post=493685"}],"curies":[{"name":"wp","href":"https:\/\/api.w.org\/{rel}","templated":true}]}}