{"id":493689,"date":"2025-10-27T18:09:14","date_gmt":"2025-10-27T18:09:14","guid":{"rendered":"https:\/\/www.europesays.com\/fr\/493689\/"},"modified":"2025-10-27T18:09:14","modified_gmt":"2025-10-27T18:09:14","slug":"en-direct-guerre-en-ukraine-larmee-russe-revendique-la-prise-de-3-villages-dans-le-sud-et-lest","status":"publish","type":"post","link":"https:\/\/www.europesays.com\/fr\/493689\/","title":{"rendered":"EN DIRECT &#8211; Guerre en Ukraine : l&rsquo;arm\u00e9e russe revendique la prise de 3 villages dans le sud et l&rsquo;est"},"content":{"rendered":"<p>Le pr\u00e9sident russe recevra ce lundi \u00e0 Moscou la ministre des Affaires \u00e9trang\u00e8res nord-cor\u00e9enne Choe Son Hui dans le cadre de sa visite en Russie, a annonc\u00e9 le Kremlin.<\/p>\n<p>La cheffe de la diplomatie de la Cor\u00e9e du Nord a salu\u00e9 quant \u00e0 elle la \u00ab\u00a0proximit\u00e9 spirituelle\u00a0\u00bb entre son pays et la Russie, alors que la coop\u00e9ration militaire entre les deux nations est de plus en plus \u00e9troite.<\/p>\n<p>Selon une enqu\u00eate de la <a href=\"https:\/\/www.bbc.com\/news\/articles\/c2077gwjlvxo\" target=\"_blank\" rel=\"noopener\">BBC (nouvelle fen\u00eatre)<\/a> publi\u00e9e en ao\u00fbt dernier, la Cor\u00e9e du Nord, en plus d&rsquo;envoyer des soldats sur le front ukrainien, envoie aussi des travailleurs, souvent dans des conditions d&rsquo;esclavage, pour combler le manque de main-d&rsquo;\u0153uvre en Russie.<\/p>\n","protected":false},"excerpt":{"rendered":"Le pr\u00e9sident russe recevra ce lundi \u00e0 Moscou la ministre des Affaires \u00e9trang\u00e8res nord-cor\u00e9enne Choe Son Hui dans&hellip;\n","protected":false},"author":2,"featured_media":142399,"comment_status":"","ping_status":"","sticky":false,"template":"","format":"standard","meta":{"footnotes":""},"categories":[1591],"tags":[1111,11,1921,75,1887,1922,1916,12,1885,1886,132,220,1917,59253,364,133,1920,135,134],"class_list":{"0":"post-493689","1":"post","2":"type-post","3":"status-publish","4":"format-standard","5":"has-post-thumbnail","7":"category-russie","8":"tag-actu","9":"tag-actualites","10":"tag-article-video","11":"tag-donald-trump","12":"tag-federation-de-russie","13":"tag-info","14":"tag-moscou","15":"tag-news","16":"tag-russia","17":"tag-russian-federation","18":"tag-russie","19":"tag-ukraine","20":"tag-ukraine-4-annee-de-guerre","21":"tag-ukraine-russie-lespoir-de-negociations-au-point-mort","22":"tag-union-europeenne","23":"tag-video","24":"tag-video-international","25":"tag-vladimir-poutine","26":"tag-volodymyr-zelensky"},"share_on_mastodon":{"url":"https:\/\/pubeurope.com\/@fr\/115447474686934899","error":""},"_links":{"self":[{"href":"https:\/\/www.europesays.com\/fr\/wp-json\/wp\/v2\/posts\/493689","targetHints":{"allow":["GET"]}}],"collection":[{"href":"https:\/\/www.europesays.com\/fr\/wp-json\/wp\/v2\/posts"}],"about":[{"href":"https:\/\/www.europesays.com\/fr\/wp-json\/wp\/v2\/types\/post"}],"author":[{"embeddable":true,"href":"https:\/\/www.europesays.com\/fr\/wp-json\/wp\/v2\/users\/2"}],"replies":[{"embeddable":true,"href":"https:\/\/www.europesays.com\/fr\/wp-json\/wp\/v2\/comments?post=493689"}],"version-history":[{"count":0,"href":"https:\/\/www.europesays.com\/fr\/wp-json\/wp\/v2\/posts\/493689\/revisions"}],"wp:featuredmedia":[{"embeddable":true,"href":"https:\/\/www.europesays.com\/fr\/wp-json\/wp\/v2\/media\/142399"}],"wp:attachment":[{"href":"https:\/\/www.europesays.com\/fr\/wp-json\/wp\/v2\/media?parent=493689"}],"wp:term":[{"taxonomy":"category","embeddable":true,"href":"https:\/\/www.europesays.com\/fr\/wp-json\/wp\/v2\/categories?post=493689"},{"taxonomy":"post_tag","embeddable":true,"href":"https:\/\/www.europesays.com\/fr\/wp-json\/wp\/v2\/tags?post=493689"}],"curies":[{"name":"wp","href":"https:\/\/api.w.org\/{rel}","templated":true}]}}