{"id":493692,"date":"2025-10-27T18:11:12","date_gmt":"2025-10-27T18:11:12","guid":{"rendered":"https:\/\/www.europesays.com\/fr\/493692\/"},"modified":"2025-10-27T18:11:12","modified_gmt":"2025-10-27T18:11:12","slug":"les-bourses-de-londres-et-madrid-atteignent-des-sommets-dans-lespoir-dun-apaisement-entre-la-chine-et-les-usa","status":"publish","type":"post","link":"https:\/\/www.europesays.com\/fr\/493692\/","title":{"rendered":"Les Bourses de Londres et Madrid atteignent des sommets, dans l&rsquo;espoir d&rsquo;un apaisement entre la Chine et les USA"},"content":{"rendered":"<p class=\"text-left ap-StoryElement ap-StoryElement--mb ap-StoryText\">La Bourse de Bruxelles a r\u00e9ussi lundi, gr\u00e2ce \u00e0 un petit sprint final, \u00e0 \u00e9viter de justesse de terminer dans le rouge. \u00c0 la cl\u00f4ture, l&rsquo;indice Bel20 affichait une tr\u00e8s l\u00e9g\u00e8re hausse de <b>0,01 %<\/b>, \u00e0 <b>4.994,60 points<\/b>.<\/p>\n<p><a href=\"https:\/\/www.lalibre.be\/economie\/conjoncture\/2025\/10\/27\/trump-veut-choisir-le-successeur-de-jerome-powell-a-la-fed-avant-la-fin-de-lannee-B4MIDHNSJNBE7GHZYAKWAI6DSY\/\" target=\"_blank\" rel=\"noopener noreferrer nofollow\" class=\"ap-StoryInterstitialLink ap-StoryElement ap-StoryElement--mb\">Trump veut choisir le successeur de Jerome Powell \u00e0 la Fed avant la fin de l&rsquo;ann\u00e9e<\/a>A Bruxelles<\/p>\n<p class=\"ap-StoryElement ap-StoryElement--mb ap-StoryText\">Durant la plus grande partie de la journ\u00e9e, l&rsquo;indice est rest\u00e9 en territoire n\u00e9gatif, principalement \u00e0 cause d&rsquo;UCB, qui a termin\u00e9 en baisse de 1,19 % \u00e0 240,30 euros. Plus t\u00f4t dans la journ\u00e9e, le titre pharmaceutique avait perdu plus de 4 %. La maison de courtage Jefferies a en effet abaiss\u00e9 son objectif de cours pour l&rsquo;action, apr\u00e8s avoir r\u00e9duit ses pr\u00e9visions de ventes pour son m\u00e9dicament vedette Bimzelx.<\/p>\n<p class=\"ap-StoryElement ap-StoryElement--mb ap-StoryText\">Gr\u00e2ce \u00e0 son redressement en fin de s\u00e9ance, UCB a toutefois c\u00e9d\u00e9 la place de lanterne rouge de l&rsquo;indice \u00e0 Azelis, qui a cl\u00f4tur\u00e9 en recul de 2,0 % \u00e0 10,76 euros.<\/p>\n<p class=\"ap-StoryElement ap-StoryElement--mb ap-StoryText\">Sur le march\u00e9 \u00e9largi, Onward Medical a chut\u00e9 de 5,62 % \u00e0 4,20 euros.<\/p>\n<p class=\"ap-StoryElement ap-StoryElement--mb ap-StoryText\">Les gains au sein des valeurs de l&rsquo;indice ont \u00e9t\u00e9 men\u00e9s par KBC, qui a progress\u00e9 de 1,24 % \u00e0 102,25 euros. ING a relev\u00e9 son objectif de cours pour le titre financier, passant de 91 \u00e0 109 euros.<\/p>\n<p class=\"ap-StoryElement ap-StoryElement--mb ap-StoryText\">Argenx a suivi avec une hausse de 1,23 %, cl\u00f4turant \u00e0 710,60 euros.<\/p>\n<p class=\"text-left ap-StoryElement ap-StoryElement--mb ap-StoryText\">Sur le march\u00e9 secondaire, Immobel a bondi de 8,14 % \u00e0 25,90 euros. La valeur immobili\u00e8re a b\u00e9n\u00e9fici\u00e9 d&rsquo;une recommandation d&rsquo;achat publi\u00e9e dans De Tijd.<\/p>\n<p class=\"ap-StoryElement ap-StoryElement--mb ap-StoryText\">Enfin, Hyloris a gagn\u00e9 3,70 % \u00e0 5,60 euros. Grand Life Sciences distribuera en Chine un produit du groupe, encore en d\u00e9veloppement, destin\u00e9 \u00e0 traiter les carences en fer, et a d&rsquo;ores et d\u00e9j\u00e0 vers\u00e9 une r\u00e9mun\u00e9ration anticip\u00e9e pour cet accord.<\/p>\n","protected":false},"excerpt":{"rendered":"La Bourse de Bruxelles a r\u00e9ussi lundi, gr\u00e2ce \u00e0 un petit sprint final, \u00e0 \u00e9viter de justesse de&hellip;\n","protected":false},"author":2,"featured_media":493693,"comment_status":"","ping_status":"","sticky":false,"template":"","format":"standard","meta":{"footnotes":""},"categories":[1589],"tags":[11,340,73,1866,635,12,1864,1865,1863,308],"class_list":{"0":"post-493692","1":"post","2":"type-post","3":"status-publish","4":"format-standard","5":"has-post-thumbnail","7":"category-etats-unis","8":"tag-actualites","9":"tag-bourse","10":"tag-etats-unis","11":"tag-etats-unis-damerique","12":"tag-marches","13":"tag-news","14":"tag-united-states","15":"tag-united-states-of-america","16":"tag-us","17":"tag-usa"},"share_on_mastodon":{"url":"https:\/\/pubeurope.com\/@fr\/115447482560062427","error":""},"_links":{"self":[{"href":"https:\/\/www.europesays.com\/fr\/wp-json\/wp\/v2\/posts\/493692","targetHints":{"allow":["GET"]}}],"collection":[{"href":"https:\/\/www.europesays.com\/fr\/wp-json\/wp\/v2\/posts"}],"about":[{"href":"https:\/\/www.europesays.com\/fr\/wp-json\/wp\/v2\/types\/post"}],"author":[{"embeddable":true,"href":"https:\/\/www.europesays.com\/fr\/wp-json\/wp\/v2\/users\/2"}],"replies":[{"embeddable":true,"href":"https:\/\/www.europesays.com\/fr\/wp-json\/wp\/v2\/comments?post=493692"}],"version-history":[{"count":0,"href":"https:\/\/www.europesays.com\/fr\/wp-json\/wp\/v2\/posts\/493692\/revisions"}],"wp:featuredmedia":[{"embeddable":true,"href":"https:\/\/www.europesays.com\/fr\/wp-json\/wp\/v2\/media\/493693"}],"wp:attachment":[{"href":"https:\/\/www.europesays.com\/fr\/wp-json\/wp\/v2\/media?parent=493692"}],"wp:term":[{"taxonomy":"category","embeddable":true,"href":"https:\/\/www.europesays.com\/fr\/wp-json\/wp\/v2\/categories?post=493692"},{"taxonomy":"post_tag","embeddable":true,"href":"https:\/\/www.europesays.com\/fr\/wp-json\/wp\/v2\/tags?post=493692"}],"curies":[{"name":"wp","href":"https:\/\/api.w.org\/{rel}","templated":true}]}}