{"id":493696,"date":"2025-10-27T18:13:11","date_gmt":"2025-10-27T18:13:11","guid":{"rendered":"https:\/\/www.europesays.com\/fr\/493696\/"},"modified":"2025-10-27T18:13:11","modified_gmt":"2025-10-27T18:13:11","slug":"la-phrase-du-chancelier-allemand-sur-les-migrants-fait-scandale","status":"publish","type":"post","link":"https:\/\/www.europesays.com\/fr\/493696\/","title":{"rendered":"la phrase du chancelier allemand sur les migrants fait scandale"},"content":{"rendered":"<p>Une petite phrase prononc\u00e9e lors d&rsquo;une conf\u00e9rence de presse le 14\u00a0octobre a d\u00e9clench\u00e9 un d\u00e9bat houleux en <a class=\"Link\" href=\"https:\/\/www.lepoint.fr\/tags\/allemagne\" data-gtm=\"click:capsule\" data-capsule=\"Lien\" rel=\"nofollow noopener\" target=\"_blank\">Allemagne<\/a>. Le chancelier Merz, bien connu pour son caract\u00e8re impulsif et ses d\u00e9clarations intempestives, s&rsquo;est plaint \u2013 en parlant des migrants \u2013 d&rsquo;un \u00ab\u00a0probl\u00e8me\u00a0\u00bb \u00e0 ce jour encore non r\u00e9solu \u00ab\u00a0dans le paysage urbain\u00a0\u00bb malgr\u00e9 les mesures prises par le minist\u00e8re de l&rsquo;Int\u00e9rieur pour limiter l&rsquo;immigration ill\u00e9gale et expulser en plus grand nombre les migrants en situation irr\u00e9guli\u00e8re.<\/p>\n<p>\u00c0 un journaliste qui lui demandait quelques jours plus tard de pr\u00e9ciser ce qu&rsquo;il voulait dire de fa\u00e7on concr\u00e8te, Friedrich Merz r\u00e9pondait\u00a0: \u00ab\u00a0Vous n&rsquo;avez qu&rsquo;\u00e0 demander \u00e0 vos filles\u00a0! Elles vous confirmeront quels probl\u00e8mes elles rencontrent au plus tard \u00e0 la tomb\u00e9e de la nuit.\u00a0\u00bb<\/p>\n<p>Le toll\u00e9 en Allemagne est \u00e0&#8230;<\/p>\n<p>Toute l\u2019actualit\u00e9 \u00e0 1\u20ac le premier mois<\/p>\n<p><a href=\"https:\/\/abo.lepoint.fr\/?provenance=21EDI020098\" class=\"btn\" title=\"S&#039;abonner\" data-gtm=\"click:abo|display:abo\" data-campaign=\"paywall_maison\" rel=\"nofollow noopener\" target=\"_blank\">S&rsquo;abonner<\/a><\/p>\n<p>ou<\/p>\n","protected":false},"excerpt":{"rendered":"Une petite phrase prononc\u00e9e lors d&rsquo;une conf\u00e9rence de presse le 14\u00a0octobre a d\u00e9clench\u00e9 un d\u00e9bat houleux en Allemagne.&hellip;\n","protected":false},"author":2,"featured_media":493697,"comment_status":"","ping_status":"","sticky":false,"template":"","format":"standard","meta":{"footnotes":""},"categories":[1587],"tags":[11,672,1804,1805,1803,1777,674,4710,1801,12,1802],"class_list":{"0":"post-493696","1":"post","2":"type-post","3":"status-publish","4":"format-standard","5":"has-post-thumbnail","7":"category-allemagne","8":"tag-actualites","9":"tag-allemagne","10":"tag-bundesrepublik-deutschland","11":"tag-de","12":"tag-deutschland","13":"tag-eu","14":"tag-europe","15":"tag-friedrich-merz","16":"tag-germany","17":"tag-news","18":"tag-republique-federale-dallemagne"},"share_on_mastodon":{"url":"https:\/\/pubeurope.com\/@fr\/115447490446899783","error":""},"_links":{"self":[{"href":"https:\/\/www.europesays.com\/fr\/wp-json\/wp\/v2\/posts\/493696","targetHints":{"allow":["GET"]}}],"collection":[{"href":"https:\/\/www.europesays.com\/fr\/wp-json\/wp\/v2\/posts"}],"about":[{"href":"https:\/\/www.europesays.com\/fr\/wp-json\/wp\/v2\/types\/post"}],"author":[{"embeddable":true,"href":"https:\/\/www.europesays.com\/fr\/wp-json\/wp\/v2\/users\/2"}],"replies":[{"embeddable":true,"href":"https:\/\/www.europesays.com\/fr\/wp-json\/wp\/v2\/comments?post=493696"}],"version-history":[{"count":0,"href":"https:\/\/www.europesays.com\/fr\/wp-json\/wp\/v2\/posts\/493696\/revisions"}],"wp:featuredmedia":[{"embeddable":true,"href":"https:\/\/www.europesays.com\/fr\/wp-json\/wp\/v2\/media\/493697"}],"wp:attachment":[{"href":"https:\/\/www.europesays.com\/fr\/wp-json\/wp\/v2\/media?parent=493696"}],"wp:term":[{"taxonomy":"category","embeddable":true,"href":"https:\/\/www.europesays.com\/fr\/wp-json\/wp\/v2\/categories?post=493696"},{"taxonomy":"post_tag","embeddable":true,"href":"https:\/\/www.europesays.com\/fr\/wp-json\/wp\/v2\/tags?post=493696"}],"curies":[{"name":"wp","href":"https:\/\/api.w.org\/{rel}","templated":true}]}}