{"id":493700,"date":"2025-10-27T18:15:21","date_gmt":"2025-10-27T18:15:21","guid":{"rendered":"https:\/\/www.europesays.com\/fr\/493700\/"},"modified":"2025-10-27T18:15:21","modified_gmt":"2025-10-27T18:15:21","slug":"christoph-blocher-et-ueli-maurer-en-campagne-pour-la-democratie-et-contre-lunion-europeenne","status":"publish","type":"post","link":"https:\/\/www.europesays.com\/fr\/493700\/","title":{"rendered":"Christoph Blocher et Ueli Maurer en campagne \u00abpour la d\u00e9mocratie\u00bb et contre l\u2019Union europ\u00e9enne"},"content":{"rendered":"<p>    R\u00e9sum\u00e9 en 20 secondes<\/p>\n<p>        En savoir plus sur ce type de contenu<\/p>\n<p>Ce r\u00e9sum\u00e9 peut avoir \u00e9t\u00e9 \u00e9crit avec l&rsquo;assistance d\u2019une IA g\u00e9n\u00e9rative. <a href=\"https:\/\/www.letemps.ch\/cyber\/l-usage-de-l-ia-generative-par-les-journalistes-du-temps\" rel=\"nofollow noopener\" target=\"_blank\">En savoir plus<\/a><\/p>\n<p class=\"article__abstract-call-to-action\" data-ariato=\"TrackableElement\" data-trackable-element-type=\"article_abstract_cta\" data-trackable-element-location=\"article_header\" data-trackable-element-id=\"510347\">\n        <a data-event=\"click-&gt;clicked\" href=\"https:\/\/www.letemps.ch\/abonnements\" rel=\"nofollow noopener\" target=\"_blank\">Abonnez-vous<\/a> pour acc\u00e9der au r\u00e9sum\u00e9 en 20 secondes.\n      <\/p>\n<p>L\u2019UDC pourra compter sur deux anciens conseillers f\u00e9d\u00e9raux pour d\u00e9fendre une vision de la Suisse qui lui est ch\u00e8re. Toujours tr\u00e8s influent, Christoph Blocher a men\u00e9 lundi la conf\u00e9rence de presse de Pro Suisse pour d\u00e9noncer les accords avec l\u2019Union europ\u00e9enne. A Zurich, Ueli Maurer a pr\u00e9sent\u00e9 son nouveau lobby politique \u00aben faveur de la d\u00e9mocratie et de la libert\u00e9 d\u2019opinion\u00bb, le Cercle Leonhard.<\/p>\n<p>Lire aussi: <a href=\"https:\/\/www.letemps.ch\/articles\/lasin-selargit-devient-pro-suisse\" rel=\"nofollow noopener\" target=\"_blank\">L\u2019ASIN s\u2019\u00e9largit et devient Pro Suisse<\/a>  <\/p>\n","protected":false},"excerpt":{"rendered":"R\u00e9sum\u00e9 en 20 secondes En savoir plus sur ce type de contenu Ce r\u00e9sum\u00e9 peut avoir \u00e9t\u00e9 \u00e9crit&hellip;\n","protected":false},"author":2,"featured_media":493701,"comment_status":"","ping_status":"","sticky":false,"template":"","format":"standard","meta":{"footnotes":""},"categories":[1586],"tags":[11,1777,674,1779,1011,27,12,6328,301,25,2582,30924,1778,364],"class_list":{"0":"post-493700","1":"post","2":"type-post","3":"status-publish","4":"format-standard","5":"has-post-thumbnail","7":"category-europe","8":"tag-actualites","9":"tag-eu","10":"tag-europe","11":"tag-european-union","12":"tag-fr","13":"tag-france","14":"tag-news","15":"tag-politique-federale","16":"tag-premium","17":"tag-republique-francaise","18":"tag-suisse-ue","19":"tag-udc","20":"tag-ue","21":"tag-union-europeenne"},"share_on_mastodon":{"url":"https:\/\/pubeurope.com\/@fr\/115447498362722708","error":""},"_links":{"self":[{"href":"https:\/\/www.europesays.com\/fr\/wp-json\/wp\/v2\/posts\/493700","targetHints":{"allow":["GET"]}}],"collection":[{"href":"https:\/\/www.europesays.com\/fr\/wp-json\/wp\/v2\/posts"}],"about":[{"href":"https:\/\/www.europesays.com\/fr\/wp-json\/wp\/v2\/types\/post"}],"author":[{"embeddable":true,"href":"https:\/\/www.europesays.com\/fr\/wp-json\/wp\/v2\/users\/2"}],"replies":[{"embeddable":true,"href":"https:\/\/www.europesays.com\/fr\/wp-json\/wp\/v2\/comments?post=493700"}],"version-history":[{"count":0,"href":"https:\/\/www.europesays.com\/fr\/wp-json\/wp\/v2\/posts\/493700\/revisions"}],"wp:featuredmedia":[{"embeddable":true,"href":"https:\/\/www.europesays.com\/fr\/wp-json\/wp\/v2\/media\/493701"}],"wp:attachment":[{"href":"https:\/\/www.europesays.com\/fr\/wp-json\/wp\/v2\/media?parent=493700"}],"wp:term":[{"taxonomy":"category","embeddable":true,"href":"https:\/\/www.europesays.com\/fr\/wp-json\/wp\/v2\/categories?post=493700"},{"taxonomy":"post_tag","embeddable":true,"href":"https:\/\/www.europesays.com\/fr\/wp-json\/wp\/v2\/tags?post=493700"}],"curies":[{"name":"wp","href":"https:\/\/api.w.org\/{rel}","templated":true}]}}