{"id":493708,"date":"2025-10-27T18:19:11","date_gmt":"2025-10-27T18:19:11","guid":{"rendered":"https:\/\/www.europesays.com\/fr\/493708\/"},"modified":"2025-10-27T18:19:11","modified_gmt":"2025-10-27T18:19:11","slug":"golf-retour-sur-les-deux-dernieres-competitions-de-la-saison-2025-au-golf-de-la-roseraie-info-chalon-com","status":"publish","type":"post","link":"https:\/\/www.europesays.com\/fr\/493708\/","title":{"rendered":"GOLF\u00a0: retour sur les deux derni\u00e8res comp\u00e9titions de la saison 2025 au Golf de la Roseraie &#8211; info-chalon.com"},"content":{"rendered":"<p>La saison sportive 2025 est d\u00e9sormais termin\u00e9e pour les golfeurs chalonnais. Elle s\u2019est achev\u00e9e en ce d\u00e9but d\u2019automne avec deux derniers rendez-vous\u00a0: la coupe Garage des Chavannes le 28 septembre puis la coupe Aquilus Piscines et Spas le 5 octobre.<\/p>\n<p><strong>Bertrand All\u00e8gre remporte la coupe Garage des Chavannes\u2026\u00a0<\/strong><br \/>Disput\u00e9e en stableford, la coupe Garage des Chavannes a rassembl\u00e9 pr\u00e8s de soixante-dix joueurs venus non seulement de Chalon mais aussi de Dijon, de Montceau, ainsi que des Golfs francilien de Domont Montmorency et ardennais de Poursaudes. Une belle participation dont s\u2019est r\u00e9joui Pascal Poulleau. Il est vrai que le garagiste san-marciau avait bien fait les choses, avec notamment un caf\u00e9 d\u2019accueil avec croissants au club house, avant le d\u00e9part en shot gun programm\u00e9 sur le coup des dix heures, et de quoi reprendre des forces sur le parcours.\u00a0<br \/>Meilleur index au d\u00e9part, Bertrand All\u00e8gre s\u2019est logiquement impos\u00e9, en devan\u00e7ant de six points un trio compos\u00e9 de Nicolas Grebot, David Nimmegeers et Alain Wavrant. Renouant ainsi avec la victoire sur le circuit chalonnais.<\/p>\n<p><strong>\u2026 et H\u00e9l\u00e8ne Bouyssou et David Philippe la coupe Aquilus Piscines et Spas\u00a0<\/strong><br \/>Devenue au fil du temps un des \u00e9v\u00e9nements majeurs de la saison golfique chalonnaise, la coupe Aquilus Piscines et Spas \u00e9tait initialement pr\u00e9vue le 21 septembre mais n\u2019avait pas pu se d\u00e9rouler \u00e0 cette date. La faute \u00e0 une m\u00e9t\u00e9o tr\u00e8s capricieuse ce jour-l\u00e0. Un report de deux semaines, qui n\u2019a pas emp\u00each\u00e9 la comp\u00e9tition organis\u00e9e par Eric Santioni et jou\u00e9e en scramble \u00e0 2 de conna\u00eetre une belle affluence avec trente-six \u00e9quipes en lice. Au total, soixante-douze concurrents, dont bien \u00e9videmment une forte repr\u00e9sentation du Golf de Chalon. Mais pas uniquement, puisqu\u2019on notait \u00e9galement la pr\u00e9sence de joueurs de Besan\u00e7on, de Dijon, de Montceau, ainsi que de Tanlay, dans l\u2019Yonne, d\u2019Arcangues, dans le Pays Basque et de Massane, dans l\u2019H\u00e9rault.<br \/>La victoire est revenue \u00e0 la paire compos\u00e9e d\u2019H\u00e9l\u00e8ne Bouyssou et de David Philippe. Une carte dans le par lui a permis de devancer le duo form\u00e9 par Carl Fraselle et David Nimmegeers. Un double bogey au trou n\u00b017 \u00e9tant fatal au pr\u00e9sident de l\u2019AS Golf et \u00e0 son partenaire du jour. \u00a0<\/p>\n<p><strong>Coupe Garage des Chavannes<\/strong><br \/>1re s\u00e9rie dames : brut : 1. H\u00e9l\u00e8ne Bouyssou (Chalon) 18 ; net : 1. Lucie Martino (Chalon) 32, 2. H\u00e9l\u00e8ne Bouyssou (Chalon) 31.\u00a0<br \/>2e s\u00e9rie dames : brut : 1. Brigitte Meslin (Chalon) 6 ; net : 1. Colette Gaudillot (Chalon) 30, 2. Brigitte Meslin (Chalon) 25.\u00a0<br \/>1re s\u00e9rie messieurs : brut : 1. Bertrand All\u00e8gre (Chalon) 23, 2. Nicolas Grebot (Chalon) 17 ; net : 1. David Nimmegeers (Chalon) 33, \u00a02. Bertrand All\u00e8gre (Chalon) 32.<br \/>2e s\u00e9rie messieurs : brut : 1. Herv\u00e9 Monvoisin (Chalon) 23 ; net : 1. David Aguilar (Chalon) 40, 2. Alexandre Biajoux (Bourgogne-Franche-Comt\u00e9) 38, 3. Herv\u00e9 Monvoisin (Chalon) 38, 4. Mathieu Roux (Montceau) 38, 5. Didier Moisson (Cheminots Dijon) 38, 6. C\u00e9dric Royer-Manoha (Chalon) 36, 7. Pierre Guyon (Chalon) 35.<br \/>3e s\u00e9rie messieurs : brut : 1. St\u00e9phane Petitjean (Chalon) 11 ; net : 1. St\u00e9phane Petitjean (Chalon) 63, 2. Oscar Debaux (Chalon) 33, 3. Pierre-Jean Vidal (Chalon) 33, 4. Jean-Paul Doury (Chalon) 32.<\/p>\n<p><strong>Coupe Aquilus Piscines et Spas\u00a0<\/strong><br \/>Brut : 1. H\u00e9l\u00e8ne Bouyssou (Chalon) &#8211; David Philippe (Chalon) 36, 2. Carl Fraselle (Chalon) -David Nimmegeers (Chalon) 35.\u00a0<br \/>Net : 1. H\u00e9l\u00e8ne Bouyssou (Chalon) &#8211; David Philippe (Chalon) 44, 2. Carl Fraselle (Chalon) &#8211; David Nimmegeers (Chalon) 44, 3. Michel Secondi (Chalon) &#8211; Martine Globet (Chalon) 42, 4. Herv\u00e9 Monvoisin (Chalon) &#8211; Virginie Plant\u00e9 (Chalon) 39, 5. Bruno Simon (Montceau) &#8211; Julien Provost (Montceau) 39, 6. Silv\u00e8re Platret (Chalon) &#8211; David Etienne (Tanlay) 39, 7. Jean-Marc Baratcabal (Chalon) &#8211; Fr\u00e9d\u00e9ric Laugier (Chalon) 37, 8. Marl\u00e8ne Majka (Chalon) &#8211; Alex Majka (Chalon) 36, 9. David Aguilar (Chalon) &#8211; St\u00e9phane Petitjean (Chalon) 35.\u00a0<\/p>\n<p style=\"text-align: right;\"><strong>Gabriel-Henri THEULOT\u00a0<\/strong><\/p>\n","protected":false},"excerpt":{"rendered":"La saison sportive 2025 est d\u00e9sormais termin\u00e9e pour les golfeurs chalonnais. Elle s\u2019est achev\u00e9e en ce d\u00e9but d\u2019automne&hellip;\n","protected":false},"author":2,"featured_media":493709,"comment_status":"","ping_status":"","sticky":false,"template":"","format":"standard","meta":{"footnotes":""},"categories":[1418],"tags":[1011,27,1472,60],"class_list":{"0":"post-493708","1":"post","2":"type-post","3":"status-publish","4":"format-standard","5":"has-post-thumbnail","7":"category-golf","8":"tag-fr","9":"tag-france","10":"tag-golf","11":"tag-sports"},"share_on_mastodon":{"url":"https:\/\/pubeurope.com\/@fr\/115447514155334354","error":""},"_links":{"self":[{"href":"https:\/\/www.europesays.com\/fr\/wp-json\/wp\/v2\/posts\/493708","targetHints":{"allow":["GET"]}}],"collection":[{"href":"https:\/\/www.europesays.com\/fr\/wp-json\/wp\/v2\/posts"}],"about":[{"href":"https:\/\/www.europesays.com\/fr\/wp-json\/wp\/v2\/types\/post"}],"author":[{"embeddable":true,"href":"https:\/\/www.europesays.com\/fr\/wp-json\/wp\/v2\/users\/2"}],"replies":[{"embeddable":true,"href":"https:\/\/www.europesays.com\/fr\/wp-json\/wp\/v2\/comments?post=493708"}],"version-history":[{"count":0,"href":"https:\/\/www.europesays.com\/fr\/wp-json\/wp\/v2\/posts\/493708\/revisions"}],"wp:featuredmedia":[{"embeddable":true,"href":"https:\/\/www.europesays.com\/fr\/wp-json\/wp\/v2\/media\/493709"}],"wp:attachment":[{"href":"https:\/\/www.europesays.com\/fr\/wp-json\/wp\/v2\/media?parent=493708"}],"wp:term":[{"taxonomy":"category","embeddable":true,"href":"https:\/\/www.europesays.com\/fr\/wp-json\/wp\/v2\/categories?post=493708"},{"taxonomy":"post_tag","embeddable":true,"href":"https:\/\/www.europesays.com\/fr\/wp-json\/wp\/v2\/tags?post=493708"}],"curies":[{"name":"wp","href":"https:\/\/api.w.org\/{rel}","templated":true}]}}