{"id":493710,"date":"2025-10-27T18:20:15","date_gmt":"2025-10-27T18:20:15","guid":{"rendered":"https:\/\/www.europesays.com\/fr\/493710\/"},"modified":"2025-10-27T18:20:15","modified_gmt":"2025-10-27T18:20:15","slug":"steven-van-de-velde-condamne-pour-viol-ne-disputera-pas-les-mondiaux-en-australie","status":"publish","type":"post","link":"https:\/\/www.europesays.com\/fr\/493710\/","title":{"rendered":"Steven van de Velde, condamn\u00e9 pour viol, ne disputera pas les Mondiaux en Australie"},"content":{"rendered":"<p><img loading=\"lazy\" decoding=\"async\" src=\"https:\/\/www.europesays.com\/fr\/wp-content\/uploads\/2025\/10\/5273814c-db58-404b-aa6f-0b843d87580d.jpg\" alt=\"\" title=\"\"  width=\"1200\" height=\"800\"\/>IMAGO\/BSR Agency<\/p>\n<p type=\"textBlockArray\" class=\"sc-c31b3c19-2 cOinTN\">Un joueur n\u00e9erlandais de beach-volley, condamn\u00e9 pour viol sur mineure en 2016, s\u2019est vu refuser un visa par l\u2019Australie pour les Championnats du monde de beach-volley \u00e0 Adelaide du 14 au 23 novembre, a annonc\u00e9 la f\u00e9d\u00e9ration n\u00e9erlandaise lundi. Steven van de Velde, 31 ans, avait 19 ans lorsqu\u2019il a \u00e9t\u00e9 reconnu coupable de relations sexuelles avec une enfant de 12 ans.<\/p>\n<p type=\"textBlockArray\" class=\"sc-c31b3c19-2 cOinTN\">Il a purg\u00e9 une partie de sa peine au Royaume-Uni, avant d\u2019\u00eatre transf\u00e9r\u00e9 aux Pays-Bas, o\u00f9 il a finalement \u00e9t\u00e9 lib\u00e9r\u00e9 et a repris le volley-ball en 2017. \u00abNous \u00e9tions conscients de ce risque\u00bb, a d\u00e9clar\u00e9 la f\u00e9d\u00e9ration n\u00e9erlandaise dans un communiqu\u00e9, compte tenu de la politique stricte de l\u2019Australie en mati\u00e8re de d\u00e9livrance de visas aux personnes condamn\u00e9es.<\/p>\n<p>\u00abJe ne peux pas revenir en arri\u00e8re\u00bb<\/p>\n<p type=\"textBlockArray\" class=\"sc-c31b3c19-2 cOinTN\">La f\u00e9d\u00e9ration a d\u00e9clar\u00e9 avoir soumis tous les documents aux autorit\u00e9s australiennes et expliqu\u00e9 pourquoi elle estimait qu\u2019il devait \u00eatre autoris\u00e9 \u00e0 jouer. \u00abNous avons \u00e9t\u00e9 inform\u00e9s de leur d\u00e9cision de ne pas lui accorder le visa. Nous le regrettons mais n\u2019avons d\u2019autre choix que de l\u2019accepter\u00bb, a d\u00e9clar\u00e9 la directrice technique, Heleen Crielaard.<\/p>\n<p type=\"textBlockArray\" class=\"sc-c31b3c19-2 cOinTN\">\u00abCette d\u00e9cision est acceptable non seulement pour moi, mais aussi pour le reste de l\u2019\u00e9quipe avec laquelle nous avons travaill\u00e9 en \u00e9troite collaboration toute l\u2019ann\u00e9e\u00bb, a r\u00e9agi l\u2019int\u00e9ress\u00e9 dans un communiqu\u00e9. Le joueur a d\u00e9j\u00e0 admis qu\u2019il s\u2019agissait de \u00abla plus grosse erreur de sa jeune vie\u00bb. \u00abJe ne peux pas revenir en arri\u00e8re, je dois donc en assumer les cons\u00e9quences\u00bb, a-t-il dit.<\/p>\n<p>Pol\u00e9mique aux JO<\/p>\n<p type=\"textBlockArray\" class=\"sc-c31b3c19-2 cOinTN\">La participation de Steven van de Velde aux Jeux olympiques de Paris 2024 avait soulev\u00e9 la question de savoir si l\u2019on devait admettre aux JO des sportifs ayant \u00e9t\u00e9 condamn\u00e9s pour abus sexuels. Lors de sa premi\u00e8re apparition, il avait \u00e9t\u00e9 hu\u00e9 et <a target=\"_blank\" href=\"https:\/\/www.20min.ch\/fr\/story\/jo-2024-condamne-pour-viol-sur-mineure-il-est-selectionne-pour-les-jeux-773510993714\" rel=\"noopener noreferrer nofollow\">avait interdit de s\u00e9jour au village des athl\u00e8tes<\/a>.<\/p>\n<p><a href=\"https:\/\/www.20min.ch\/fr\/auteurs\/72620217\/florian-paccaud\" class=\"sc-b1f21c84-2 egfiIF\" rel=\"nofollow noopener\" target=\"_blank\"><img decoding=\"async\" alt=\"Florian Paccaud\" src=\"https:\/\/www.europesays.com\/fr\/wp-content\/uploads\/2025\/10\/cf3096eb-46bb-4dab-8f56-1c0c4aac2727.jpeg\" class=\"sc-b1f21c84-1 iTOvpR\"\/><\/a><\/p>\n<p class=\"sc-f19a47c0-1 jKqFcj\">Florian Paccaud (pac) travaille en freelance pour 20 minutes, en tant qu&rsquo;\u00e9diteur web, agencier et journaliste sportif. Il se sp\u00e9cialise dans le football f\u00e9minin.<\/p>\n","protected":false},"excerpt":{"rendered":"IMAGO\/BSR Agency Un joueur n\u00e9erlandais de beach-volley, condamn\u00e9 pour viol sur mineure en 2016, s\u2019est vu refuser un&hellip;\n","protected":false},"author":2,"featured_media":493711,"comment_status":"","ping_status":"","sticky":false,"template":"","format":"standard","meta":{"footnotes":""},"categories":[1417],"tags":[1011,27,60,1470,1469],"class_list":{"0":"post-493710","1":"post","2":"type-post","3":"status-publish","4":"format-standard","5":"has-post-thumbnail","7":"category-volley","8":"tag-fr","9":"tag-france","10":"tag-sports","11":"tag-volley","12":"tag-volleyball"},"share_on_mastodon":{"url":"https:\/\/pubeurope.com\/@fr\/115447518612145176","error":""},"_links":{"self":[{"href":"https:\/\/www.europesays.com\/fr\/wp-json\/wp\/v2\/posts\/493710","targetHints":{"allow":["GET"]}}],"collection":[{"href":"https:\/\/www.europesays.com\/fr\/wp-json\/wp\/v2\/posts"}],"about":[{"href":"https:\/\/www.europesays.com\/fr\/wp-json\/wp\/v2\/types\/post"}],"author":[{"embeddable":true,"href":"https:\/\/www.europesays.com\/fr\/wp-json\/wp\/v2\/users\/2"}],"replies":[{"embeddable":true,"href":"https:\/\/www.europesays.com\/fr\/wp-json\/wp\/v2\/comments?post=493710"}],"version-history":[{"count":0,"href":"https:\/\/www.europesays.com\/fr\/wp-json\/wp\/v2\/posts\/493710\/revisions"}],"wp:featuredmedia":[{"embeddable":true,"href":"https:\/\/www.europesays.com\/fr\/wp-json\/wp\/v2\/media\/493711"}],"wp:attachment":[{"href":"https:\/\/www.europesays.com\/fr\/wp-json\/wp\/v2\/media?parent=493710"}],"wp:term":[{"taxonomy":"category","embeddable":true,"href":"https:\/\/www.europesays.com\/fr\/wp-json\/wp\/v2\/categories?post=493710"},{"taxonomy":"post_tag","embeddable":true,"href":"https:\/\/www.europesays.com\/fr\/wp-json\/wp\/v2\/tags?post=493710"}],"curies":[{"name":"wp","href":"https:\/\/api.w.org\/{rel}","templated":true}]}}