{"id":493712,"date":"2025-10-27T18:21:12","date_gmt":"2025-10-27T18:21:12","guid":{"rendered":"https:\/\/www.europesays.com\/fr\/493712\/"},"modified":"2025-10-27T18:21:12","modified_gmt":"2025-10-27T18:21:12","slug":"la-declaration-de-guerre-de-florian-grill-president-de-la-ffr-au-rugby-professionnel","status":"publish","type":"post","link":"https:\/\/www.europesays.com\/fr\/493712\/","title":{"rendered":"La d\u00e9claration de guerre de Florian Grill, pr\u00e9sident de la FFR, au rugby professionnel"},"content":{"rendered":"<p>\n    <strong>EXCLUSIF<\/strong> &#8211; Florian Grill l\u2019annonce dans Le\u00a0Figaro : la seule issue possible de la nouvelle convention en discussion avec la Ligue est une mise \u00e0 disposition renforc\u00e9e des internationaux.<\/p>\n<p class=\"fig-paragraph\">Deux ans apr\u00e8s<a href=\"http:\/\/www.lefigaro.fr\/sports\/rugby\/coupe-du-monde\/rugby-succes-populaire-et-economique-la-coupe-du-monde-2023-a-rapporte-871-millions-d-euros-a-l-economie-francaise-20240523\" data-fig-type=\"NewsFlash\" data-gtm-custom-categorie=\"navigation\" data-gtm-custom-action=\"crossclick\" data-gtm-custom-label=\"Contextuel\" data-gtm-event=\"customEventSPE\" data-fig-domain=\"LEFIGARO\" rel=\"nofollow noopener\" target=\"_blank\">\u00a0la Coupe du monde en France<\/a>, achev\u00e9e d\u00e8s les quarts de finale par une cruelle d\u00e9sillusion\u00a0<a href=\"http:\/\/www.lefigaro.fr\/sports\/rugby\/coupe-du-monde\/coupe-du-monde-de-rugby-battus-par-l-afrique-du-sud-les-bleus-s-arretent-en-quarts-20231015\" data-fig-type=\"NewsFlash\" data-gtm-custom-categorie=\"navigation\" data-gtm-custom-action=\"crossclick\" data-gtm-custom-label=\"Contextuel\" data-gtm-event=\"customEventSPE\" data-fig-domain=\"LEFIGARO\" rel=\"nofollow noopener\" target=\"_blank\">face aux Springboks (\u00e9limination 28-27)<\/a>, le XV de France va retrouver les champions du monde sud-africains d\u00e8s le lancement de la tourn\u00e9e de novembre, le\u00a08, au Stade de France (avant d\u2019affronter les Fidji, puis l\u2019Australie). Une revanche \u00e0 imp\u00e9rativement gagner\u00a0? \u00ab\u00a0Il n\u2019y a pas besoin, quand on s\u2019adresse \u00e0\u00a0<a href=\"http:\/\/www.lefigaro.fr\/sports\/rugby\/xv-de-france\/xv-de-france-je-veux-qu-on-soit-arbitre-comme-l-equipe-de-france-fabien-galthie-tance-l-arbitrage-20250717\" data-fig-type=\"NewsFlash\" data-gtm-custom-categorie=\"navigation\" data-gtm-custom-action=\"crossclick\" data-gtm-custom-label=\"Contextuel\" data-gtm-event=\"customEventSPE\" data-fig-domain=\"LEFIGARO\" rel=\"nofollow noopener\" target=\"_blank\">Fabien Galthi\u00e9<\/a> \u00a0et \u00e0 ses joueurs, de leur fixer des objectifs. Ils en ont un seul\u00a0: gagner. Un pr\u00e9sident qui donne des objectifs, \u00e7a a un c\u00f4t\u00e9 d\u00e9suet, estime Florian Grill. Mon r\u00f4le, c\u2019est de donner une vision coh\u00e9rente, pas de distribuer les bons et les mauvais points.\u00a0\u00bb<\/p>\n<p class=\"fig-paragraph\">Le pr\u00e9sident de la FFR est cependant intervenu pour pr\u00e9venir que\u00a0<a href=\"http:\/\/www.lefigaro.fr\/sports\/rugby\/xv-de-france\/rugby-revenir-avec-le-xv-de-france-ca-donne-forcement-envie-reconnait-melvyn-jaminet-20250918\" data-fig-type=\"NewsFlash\" data-gtm-custom-categorie=\"navigation\" data-gtm-custom-action=\"crossclick\" data-gtm-custom-label=\"Contextuel\" data-gtm-event=\"customEventSPE\" data-fig-domain=\"LEFIGARO\" rel=\"nofollow noopener\" target=\"_blank\">Melvyn Jaminet<\/a>, coupable d\u2019avoir post\u00e9 en \u00e9tat d\u2019\u00e9bri\u00e9t\u00e9 une vid\u00e9o \u00e0 caract\u00e8re raciste sur Instagram, en juillet 2024, n\u2019\u00e9tait plus s\u00e9lectionnable. Une position qui n\u2019a pas \u00e9volu\u00e9. \u00ab\u00a0J\u2019ai dit que \u00e7a serait compliqu\u00e9 pour lui de revenir\u2026<\/p>\n<p class=\"fig-premium-paywall__infos\">\n        Cet article est r\u00e9serv\u00e9 aux abonn\u00e9s.        Il vous reste 79% \u00e0 d\u00e9couvrir.\n    <\/p>\n<p>                <img  data- alt=\"Le Figaro\" class=\"fig-img--complete fig-img\"\/><\/p>\n<p class=\"fig-premium-paywall__title\">Vous avez envie de lire la suite ?<\/p>\n<p class=\"fig-premium-paywall__subtitle\">D\u00e9bloquez tous les articles imm\u00e9diatement.<\/p>\n<p class=\"fig-premium-paywall__connect\">\n                D\u00e9j\u00e0 abonn\u00e9\u00a0?                <a class=\"fig-premium-paywall__connect-link\" href=\"https:\/\/connect.lefigaro.fr\/login?client=horizon_web&amp;type=main&amp;redirect_uri=https%3A%2F%2Fwww.lefigaro.fr%2Fsports%2Frugby%2Fla-declaration-de-guerre-de-florian-grill-president-de-la-ffr-au-rugby-professionnel-20251027\" data-js-gtm=\"{&quot;customCategorie&quot;: &quot;conversion&quot;, &quot;customAction&quot;: &quot;before_Landing_Connexion_paywall_auto&quot;, &quot;customLabel&quot;: &quot;bGVmaWdhcm8uZnJfXzFmMGIyNzIzLTZkZDgtNmUyOC05Y2IwLTJiNmM4ODY1YzcxNF9fTmV3c0ZsYXNo_La d\u00e9claration de guerre de Florian Grill, pr\u00e9sident de la FFR, au rugby professionnel_300&quot;, &quot;customIDSPE&quot;: &quot;bGVmaWdhcm8uZnJfXzFmMGIyNzIzLTZkZDgtNmUyOC05Y2IwLTJiNmM4ODY1YzcxNF9fTmV3c0ZsYXNo&quot;, &quot;event&quot;: &quot;customEventSPE&quot;}\" rel=\"nofollow noopener\" target=\"_blank\"><br \/>\n                    Connectez-vous<br \/>\n                <\/a>\n            <\/p>\n","protected":false},"excerpt":{"rendered":"EXCLUSIF &#8211; Florian Grill l\u2019annonce dans Le\u00a0Figaro : la seule issue possible de la nouvelle convention en discussion&hellip;\n","protected":false},"author":2,"featured_media":493713,"comment_status":"","ping_status":"","sticky":false,"template":"","format":"standard","meta":{"footnotes":""},"categories":[1416],"tags":[12116,27756,1011,27,2947,479,1468,60,513],"class_list":{"0":"post-493712","1":"post","2":"type-post","3":"status-publish","4":"format-standard","5":"has-post-thumbnail","7":"category-rugby","8":"tag-ffr","9":"tag-florian-grill","10":"tag-fr","11":"tag-france","12":"tag-lnr","13":"tag-rugby","14":"tag-rugby-football","15":"tag-sports","16":"tag-xv-de-france"},"share_on_mastodon":{"url":"https:\/\/pubeurope.com\/@fr\/115447521835027940","error":""},"_links":{"self":[{"href":"https:\/\/www.europesays.com\/fr\/wp-json\/wp\/v2\/posts\/493712","targetHints":{"allow":["GET"]}}],"collection":[{"href":"https:\/\/www.europesays.com\/fr\/wp-json\/wp\/v2\/posts"}],"about":[{"href":"https:\/\/www.europesays.com\/fr\/wp-json\/wp\/v2\/types\/post"}],"author":[{"embeddable":true,"href":"https:\/\/www.europesays.com\/fr\/wp-json\/wp\/v2\/users\/2"}],"replies":[{"embeddable":true,"href":"https:\/\/www.europesays.com\/fr\/wp-json\/wp\/v2\/comments?post=493712"}],"version-history":[{"count":0,"href":"https:\/\/www.europesays.com\/fr\/wp-json\/wp\/v2\/posts\/493712\/revisions"}],"wp:featuredmedia":[{"embeddable":true,"href":"https:\/\/www.europesays.com\/fr\/wp-json\/wp\/v2\/media\/493713"}],"wp:attachment":[{"href":"https:\/\/www.europesays.com\/fr\/wp-json\/wp\/v2\/media?parent=493712"}],"wp:term":[{"taxonomy":"category","embeddable":true,"href":"https:\/\/www.europesays.com\/fr\/wp-json\/wp\/v2\/categories?post=493712"},{"taxonomy":"post_tag","embeddable":true,"href":"https:\/\/www.europesays.com\/fr\/wp-json\/wp\/v2\/tags?post=493712"}],"curies":[{"name":"wp","href":"https:\/\/api.w.org\/{rel}","templated":true}]}}