{"id":493714,"date":"2025-10-27T18:22:13","date_gmt":"2025-10-27T18:22:13","guid":{"rendered":"https:\/\/www.europesays.com\/fr\/493714\/"},"modified":"2025-10-27T18:22:13","modified_gmt":"2025-10-27T18:22:13","slug":"je-suis-tombe-amoureux-de-monaco","status":"publish","type":"post","link":"https:\/\/www.europesays.com\/fr\/493714\/","title":{"rendered":"\u00ab\u00a0Je suis tomb\u00e9 amoureux de Monaco\u00a0\u00bb"},"content":{"rendered":"\n<p>La Principaut\u00e9 plut\u00f4t que la France, Valentin Vacherot donne les raisons de son choix : \u00ab\u00a0Je suis tomb\u00e9 amoureux de Monaco\u00a0\u00bb<\/p>\n<p>R\u00e9v\u00e9l\u00e9 au grand public lors de son sacre au Masters 1000 de Shanghai, Valentin Vacherot (26\u00a0ans, 40e mondial), qui lance son Rolex Paris Masters ce mardi contre le Tch\u00e8que Jiri Lehecka (18e), explique pourquoi il repr\u00e9sente Monaco plut\u00f4t que la France et son lien profond avec la Principaut\u00e9.<\/p>\n","protected":false},"excerpt":{"rendered":"La Principaut\u00e9 plut\u00f4t que la France, Valentin Vacherot donne les raisons de son choix : \u00ab\u00a0Je suis tomb\u00e9&hellip;\n","protected":false},"author":2,"featured_media":493715,"comment_status":"","ping_status":"","sticky":false,"template":"","format":"standard","meta":{"footnotes":""},"categories":[1415],"tags":[1011,27,60,1467],"class_list":{"0":"post-493714","1":"post","2":"type-post","3":"status-publish","4":"format-standard","5":"has-post-thumbnail","7":"category-tennis","8":"tag-fr","9":"tag-france","10":"tag-sports","11":"tag-tennis"},"share_on_mastodon":{"url":"https:\/\/pubeurope.com\/@fr\/115447525788250052","error":""},"_links":{"self":[{"href":"https:\/\/www.europesays.com\/fr\/wp-json\/wp\/v2\/posts\/493714","targetHints":{"allow":["GET"]}}],"collection":[{"href":"https:\/\/www.europesays.com\/fr\/wp-json\/wp\/v2\/posts"}],"about":[{"href":"https:\/\/www.europesays.com\/fr\/wp-json\/wp\/v2\/types\/post"}],"author":[{"embeddable":true,"href":"https:\/\/www.europesays.com\/fr\/wp-json\/wp\/v2\/users\/2"}],"replies":[{"embeddable":true,"href":"https:\/\/www.europesays.com\/fr\/wp-json\/wp\/v2\/comments?post=493714"}],"version-history":[{"count":0,"href":"https:\/\/www.europesays.com\/fr\/wp-json\/wp\/v2\/posts\/493714\/revisions"}],"wp:featuredmedia":[{"embeddable":true,"href":"https:\/\/www.europesays.com\/fr\/wp-json\/wp\/v2\/media\/493715"}],"wp:attachment":[{"href":"https:\/\/www.europesays.com\/fr\/wp-json\/wp\/v2\/media?parent=493714"}],"wp:term":[{"taxonomy":"category","embeddable":true,"href":"https:\/\/www.europesays.com\/fr\/wp-json\/wp\/v2\/categories?post=493714"},{"taxonomy":"post_tag","embeddable":true,"href":"https:\/\/www.europesays.com\/fr\/wp-json\/wp\/v2\/tags?post=493714"}],"curies":[{"name":"wp","href":"https:\/\/api.w.org\/{rel}","templated":true}]}}