{"id":493720,"date":"2025-10-27T18:28:14","date_gmt":"2025-10-27T18:28:14","guid":{"rendered":"https:\/\/www.europesays.com\/fr\/493720\/"},"modified":"2025-10-27T18:28:14","modified_gmt":"2025-10-27T18:28:14","slug":"le-frere-du-rappeur-koba-lad-cette-petite-main-qui-a-rendu-un-service-comme-un-autre","status":"publish","type":"post","link":"https:\/\/www.europesays.com\/fr\/493720\/","title":{"rendered":"le fr\u00e8re du rappeur Koba LaD, cette petite main qui a rendu \u00abun service comme un autre\u00bb"},"content":{"rendered":"<p>\n    <strong>EXCLUSIF &#8211;<\/strong> \u00c9galement rappeur, le petit fr\u00e8re de Koba LaD, MattKe a \u00e9t\u00e9 mis en examen dans l\u2019enqu\u00eate tentaculaire sur l\u2019\u00e9vasion de Mohamed Amra. Il est accus\u00e9 d\u2019avoir transmis de l\u2019argent ayant financ\u00e9 la cavale de \u00abLa Mouche\u00bb.<\/p>\n<p class=\"fig-paragraph\">\u00abGros, c\u2019est la BMF, je suis pas ton BFF*\u00bb, scande MattKe dans une chanson sortie en 2023. Elle a pour titre \u00abBMF\u00bb, acronyme de la\u00a0<a href=\"http:\/\/www.lefigaro.fr\/faits-divers\/les-liens-troubles-de-mohamed-amra-avec-jean-charles-p-et-la-black-mafia-family-20250226\" target=\"_blank\" data-fig-type=\"Article\" rel=\"noopener\" data-gtm-custom-categorie=\"navigation\" data-gtm-custom-action=\"crossclick\" data-gtm-custom-label=\"Contextuel\" data-gtm-event=\"customEventSPE\" data-fig-domain=\"LEFIGARO\">\u00abBlack Manjak Family\u00bb,\u00a0<\/a>\u00e0 la fois nom du label de son grand fr\u00e8re le rappeur Koba LaD et organisation criminelle suspect\u00e9e d\u2019avoir orchestr\u00e9 le commando d\u2019\u00e9vasion puis la cavale de l\u2019ennemi public n\u00b01\u00a0<a href=\"http:\/\/www.lefigaro.fr\/faits-divers\/la-plainte-deposee-par-mohamed-amra-pour-des-violences-subies-en-prison-a-ete-classee-sans-suite-20250507\" target=\"_blank\" data-fig-type=\"NewsFlash\" rel=\"noopener\" data-gtm-custom-categorie=\"navigation\" data-gtm-custom-action=\"crossclick\" data-gtm-custom-label=\"Contextuel\" data-gtm-event=\"customEventSPE\" data-fig-domain=\"LEFIGARO\">Mohamed Amra.\u00a0<\/a>Tee-shirt blanc, cha\u00eene au cou, lunettes et dreadlocks, tous les deux se mettent en sc\u00e8ne dans le clip en chantant devant les baies vitr\u00e9es d\u2019une villa. La ressemblance entre ces deux fr\u00e8res originaires de l\u2019Essonne est troublante. Quatre ans s\u00e9parent celui qui a d\u00e9j\u00e0 \u00e9t\u00e9 r\u00e9compens\u00e9 d\u2019un disque d\u2019or de celui qui marche sur ses pas dans l\u2019industrie musicale\u2026 Mais pas seulement. Koba LaD\u00a0<a href=\"http:\/\/www.lefigaro.fr\/faits-divers\/il-a-fait-trembler-l-europe-wallah-quand-koba-lad-commentait-l-evasion-d-amra-depuis-la-prison-20250409\" data-fig-type=\"Article\" data-gtm-custom-categorie=\"navigation\" data-gtm-custom-action=\"crossclick\" data-gtm-custom-label=\"Contextuel\" data-gtm-event=\"customEventSPE\" data-fig-domain=\"LEFIGARO\" target=\"_blank\" rel=\"noopener\">a \u00e9t\u00e9 mis en examen en mars<\/a>\u00a0pour \u00abassociation de malfaiteurs en vue de commettre un d\u00e9lit\u00bb soup\u00e7onn\u00e9 d\u2019avoir aid\u00e9 \u00e0 financer la cavale de \u00abLa Mouche\u00bb ou ses complices. Son petit fr\u00e8re, de son vrai nom Matt Kennan Loutarila, 21 ans, a \u00e9galement \u00e9t\u00e9 mis en examen dans ce dossier tentaculaire, r\u00e9v\u00e8le Le Figaro.<\/p>\n<p class=\"fig-body-link\">\n<p>        Lire le dossier<br \/>\n        <a class=\"fig-body-link__link fig-premium-mark\" href=\"http:\/\/www.lefigaro.fr\/faits-divers\/dossier\/alias-la-mouche-le-destin-criminel-de-mohamed-amra\" data-fig-type=\"Topic\" data-gtm-custom-categorie=\"navigation\" data-gtm-custom-action=\"crossclick\" data-gtm-custom-label=\"Contextuel\" data-gtm-event=\"customEventSPE\" data-fig-domain=\"LEFIGARO\" target=\"_blank\" rel=\"noopener\"><\/p>\n<p>        Alias \u00abLa Mouche\u00bb\u00a0: le destin criminel de Mohamed Amra<br \/>\n    <\/a>\n<\/p>\n<p><strong>\u00abOfficieusement je fais partie de la BMF\u00bb<\/strong><\/p>\n<p class=\"fig-paragraph\">Le 26 mai dernier, les enqu\u00eateurs de l\u2019Office Central de Lutte contre le Crime Organis\u00e9 (OCLCO) se pr\u00e9sentent aux premi\u00e8res lueurs du jour devant le portail d\u2019une propri\u00e9t\u00e9 en travaux \u00e0 Vernouillet, dans les Yvelines\u2026<\/p>\n<p class=\"fig-premium-paywall__infos\">\n        Cet article est r\u00e9serv\u00e9 aux abonn\u00e9s.        Il vous reste 83% \u00e0 d\u00e9couvrir.\n    <\/p>\n<p>                <img  data- alt=\"Le Figaro\" class=\"fig-img--complete fig-img\"\/><\/p>\n<p class=\"fig-premium-paywall__title\">Vous avez envie de lire la suite ?<\/p>\n<p class=\"fig-premium-paywall__subtitle\">D\u00e9bloquez tous les articles imm\u00e9diatement.<\/p>\n<p class=\"fig-premium-paywall__connect\">\n                D\u00e9j\u00e0 abonn\u00e9\u00a0?                <a class=\"fig-premium-paywall__connect-link\" href=\"https:\/\/connect.lefigaro.fr\/login?client=horizon_web&amp;type=main&amp;redirect_uri=https%3A%2F%2Fwww.lefigaro.fr%2Ffaits-divers%2Fevasion-de-mohamed-amra-le-frere-du-rappeur-koba-lad-cette-petite-main-qui-a-rendu-un-service-comme-un-autre-20251027\" data-js-gtm=\"{&quot;customCategorie&quot;: &quot;conversion&quot;, &quot;customAction&quot;: &quot;before_Landing_Connexion_paywall_manuel&quot;, &quot;customLabel&quot;: &quot;bGVmaWdhcm8uZnJfXzFmMGIwZTVlLTE1MGUtNjYyYy1iY2MzLWNiNjIwMjhhOWU1Yl9fQXJ0aWNsZQ==_\u00c9vasion de Mohamed Amra: le fr\u00e8re du rappeur Koba LaD, cette petite main qui a rendu \u00abun service comme un autre\u00bb_217&quot;, &quot;customIDSPE&quot;: &quot;bGVmaWdhcm8uZnJfXzFmMGIwZTVlLTE1MGUtNjYyYy1iY2MzLWNiNjIwMjhhOWU1Yl9fQXJ0aWNsZQ==&quot;, &quot;event&quot;: &quot;customEventSPE&quot;}\" target=\"_blank\" rel=\"noopener\"><br \/>\n                    Connectez-vous<br \/>\n                <\/a>\n            <\/p>\n","protected":false},"excerpt":{"rendered":"EXCLUSIF &#8211; \u00c9galement rappeur, le petit fr\u00e8re de Koba LaD, MattKe a \u00e9t\u00e9 mis en examen dans l\u2019enqu\u00eate&hellip;\n","protected":false},"author":2,"featured_media":493721,"comment_status":"","ping_status":"","sticky":false,"template":"","format":"standard","meta":{"footnotes":""},"categories":[1359],"tags":[58,59,3727,1011,27,18240,973],"class_list":{"0":"post-493720","1":"post","2":"type-post","3":"status-publish","4":"format-standard","5":"has-post-thumbnail","7":"category-people","8":"tag-divertissement","9":"tag-entertainment","10":"tag-evasion","11":"tag-fr","12":"tag-france","13":"tag-koba-lad","14":"tag-people"},"share_on_mastodon":{"url":"https:\/\/pubeurope.com\/@fr\/115447549441700565","error":""},"_links":{"self":[{"href":"https:\/\/www.europesays.com\/fr\/wp-json\/wp\/v2\/posts\/493720","targetHints":{"allow":["GET"]}}],"collection":[{"href":"https:\/\/www.europesays.com\/fr\/wp-json\/wp\/v2\/posts"}],"about":[{"href":"https:\/\/www.europesays.com\/fr\/wp-json\/wp\/v2\/types\/post"}],"author":[{"embeddable":true,"href":"https:\/\/www.europesays.com\/fr\/wp-json\/wp\/v2\/users\/2"}],"replies":[{"embeddable":true,"href":"https:\/\/www.europesays.com\/fr\/wp-json\/wp\/v2\/comments?post=493720"}],"version-history":[{"count":0,"href":"https:\/\/www.europesays.com\/fr\/wp-json\/wp\/v2\/posts\/493720\/revisions"}],"wp:featuredmedia":[{"embeddable":true,"href":"https:\/\/www.europesays.com\/fr\/wp-json\/wp\/v2\/media\/493721"}],"wp:attachment":[{"href":"https:\/\/www.europesays.com\/fr\/wp-json\/wp\/v2\/media?parent=493720"}],"wp:term":[{"taxonomy":"category","embeddable":true,"href":"https:\/\/www.europesays.com\/fr\/wp-json\/wp\/v2\/categories?post=493720"},{"taxonomy":"post_tag","embeddable":true,"href":"https:\/\/www.europesays.com\/fr\/wp-json\/wp\/v2\/tags?post=493720"}],"curies":[{"name":"wp","href":"https:\/\/api.w.org\/{rel}","templated":true}]}}