{"id":493725,"date":"2025-10-27T18:32:21","date_gmt":"2025-10-27T18:32:21","guid":{"rendered":"https:\/\/www.europesays.com\/fr\/493725\/"},"modified":"2025-10-27T18:32:21","modified_gmt":"2025-10-27T18:32:21","slug":"je-suis-obligee-de-me-reposer","status":"publish","type":"post","link":"https:\/\/www.europesays.com\/fr\/493725\/","title":{"rendered":"Je suis oblig\u00e9e de me reposer&#8230;"},"content":{"rendered":"<p>Ce lundi 27 octobre, Zaz a annonc\u00e9 une mauvaise nouvelle \u00e0 ses fans. Comme elle l&rsquo;a expliqu\u00e9 sur les r\u00e9seaux sociaux, la chanteuse est contrainte d&rsquo;annuler ses deux prochains concerts pr\u00e9vus ce soir et demain \u00e0 Caluire-et-Cuire puis \u00e0 Clermont-Ferrand pour raisons m\u00e9dicales. <\/p>\n<p>Zaz a fait du chemin depuis qu&rsquo;elle a \u00e9t\u00e9 r\u00e9v\u00e9l\u00e9e au grand public gr\u00e2ce \u00e0 son titre Je veux, qui lui a valu le prix de la chanson de l&rsquo;ann\u00e9e aux Victoires de la musique en 2011. Aujourd&rsquo;hui \u00e2g\u00e9e de 45 ans, la chanteuse est une femme \u00e9panouie, aussi bien sur sc\u00e8ne qu&rsquo;\u00e0 la ville. <a href=\"https:\/\/www.programme-tv.net\/news\/musique\/383246-on-grandit-ensemble-zaz-mariee-ses-rares-confidences-sur-son-compagnon\/\" data-api-deeplink=\"teleloisirs:\/\/news\/383246\" target=\"_blank\" rel=\"noopener\">Mari\u00e9e depuis quatre ans \u00e0 un homme dont elle pr\u00e9serve l&rsquo;identit\u00e9<\/a>, la chanteuse, <a href=\"https:\/\/www.programme-tv.net\/news\/tv\/380628-elle-a-la-connerie-zaz-cash-sur-patricia-kaas-elle-devoile-l-envers-de-the-voice\/\" data-api-deeplink=\"teleloisirs:\/\/news\/380628\" target=\"_blank\" rel=\"noopener\">d\u00e9sormais coach dans The Voice<\/a>, a d\u00e9voil\u00e9 son sixi\u00e8me album intitul\u00e9 Sains et saufs, le 19 septembre dernier. Depuis, elle sillonne les routes de France, de Belgique et du Luxembourg dans le cadre d&rsquo;une nouvelle tourn\u00e9e. Mais ce lundi 27 octobre, Zaz a annonc\u00e9 une mauvaise nouvelle \u00e0 ses fans.<\/p>\n<p>Zaz annule ses deux prochains concerts en raison d&rsquo;une extinction de voix<\/p>\n<p>Dans un message publi\u00e9 sur les r\u00e9seaux sociaux, <b>Zaz a annonc\u00e9 l&rsquo;annulation de ses deux prochains concerts, pr\u00e9vus ce lundi 27 octobre au Radiant-Bellevue de Caluire-et-Cuire, pr\u00e8s de Lyon, et ce mardi 28 octobre \u00e0 la Maison de la Culture de Clermont-Ferrand<\/b>. \u00ab\u00a0Je pensais y arriver et r\u00e9ussir \u00e0 maintenir\u2026 C\u2019\u00e9tait d\u00e9j\u00e0 miraculeux de chanter hier soir \u00e0 Avignon. Mais l\u00e0, je suis totalement aphone, avec une sensation de couteaux dans la gorge. Impossible de chanter, je suis donc oblig\u00e9e de me reposer. Je suis tellement d\u00e9sol\u00e9e. Je vais retrouver ma voix tr\u00e8s vite et vous retrouver \u00e0 Bordeaux et Toulouse. Prenez soin de vous\u00a0\u00bb, a confi\u00e9 la chanteuse. Dans un communiqu\u00e9 relay\u00e9 sur le site de la salle de spectacle Radiant-Bellevue, son \u00e9quipe a pr\u00e9cis\u00e9 que Zaz souffrait d&rsquo;une \u00ab\u00a0extinction de voix n\u00e9cessitant un repos complet sur avis m\u00e9dical\u00a0\u00bb. Reste d\u00e9sormais \u00e0 savoir si l&rsquo;artiste sera en mesure d&rsquo;assurer ses deux prochains concerts, pr\u00e9vus le jeudi 30 octobre au Th\u00e9\u00e2tre F\u00e9mina de Bordeaux et le vendredi 31 octobre au Casino Barri\u00e8re de Toulouse.<\/p>\n<p>                        Les fans de Zaz invit\u00e9s \u00e0 se faire rembourser leurs billets<\/p>\n<p>Les fans qui s&rsquo;\u00e9taient procur\u00e9s des places pour les concerts de Zaz \u00e0 Caluire-et-Cuire et \u00e0 Clermont-Ferrand pourront se faire rembourser leurs billets. \u00ab\u00a0Les billets achet\u00e9s pour ces concerts seront enti\u00e8rement rembours\u00e9s. Les spectateurs ont invit\u00e9s \u00e0 se rapprocher de leur point de vente habituel pour les modalit\u00e9s de remboursement\u00a0\u00bb, a annonc\u00e9 l&rsquo;\u00e9quipe de la chanteuse.<\/p>\n<blockquote class=\"instagram-media\" data-instgrm-captioned=\"\" data-instgrm-permalink=\"https:\/\/www.instagram.com\/p\/DQUVtKBjL9Z\/?utm_source=ig_embed&amp;utm_campaign=loading\" data-instgrm-version=\"14\" style=\" background:#FFF; border:0; border-radius:3px; box-shadow:0 0 1px 0 rgba(0,0,0,0.5),0 1px 10px 0 rgba(0,0,0,0.15); margin: 1px; max-width:658px; min-width:326px; padding:0; width:99.375%; width:-webkit-calc(100% - 2px); width:calc(100% - 2px);\"\/>\n<p>        <script async src=\"\/\/www.instagram.com\/embed.js\"><\/script><\/p>\n","protected":false},"excerpt":{"rendered":"Ce lundi 27 octobre, Zaz a annonc\u00e9 une mauvaise nouvelle \u00e0 ses fans. Comme elle l&rsquo;a expliqu\u00e9 sur&hellip;\n","protected":false},"author":2,"featured_media":493726,"comment_status":"","ping_status":"","sticky":false,"template":"","format":"standard","meta":{"footnotes":""},"categories":[1355],"tags":[244,1697,58,59,1011,27,1361,873,6706],"class_list":{"0":"post-493725","1":"post","2":"type-post","3":"status-publish","4":"format-standard","5":"has-post-thumbnail","7":"category-musique","8":"tag-commentaire","9":"tag-concert","10":"tag-divertissement","11":"tag-entertainment","12":"tag-fr","13":"tag-france","14":"tag-music","15":"tag-musique","16":"tag-zaz"},"share_on_mastodon":{"url":"https:\/\/pubeurope.com\/@fr\/115447565267948346","error":""},"_links":{"self":[{"href":"https:\/\/www.europesays.com\/fr\/wp-json\/wp\/v2\/posts\/493725","targetHints":{"allow":["GET"]}}],"collection":[{"href":"https:\/\/www.europesays.com\/fr\/wp-json\/wp\/v2\/posts"}],"about":[{"href":"https:\/\/www.europesays.com\/fr\/wp-json\/wp\/v2\/types\/post"}],"author":[{"embeddable":true,"href":"https:\/\/www.europesays.com\/fr\/wp-json\/wp\/v2\/users\/2"}],"replies":[{"embeddable":true,"href":"https:\/\/www.europesays.com\/fr\/wp-json\/wp\/v2\/comments?post=493725"}],"version-history":[{"count":0,"href":"https:\/\/www.europesays.com\/fr\/wp-json\/wp\/v2\/posts\/493725\/revisions"}],"wp:featuredmedia":[{"embeddable":true,"href":"https:\/\/www.europesays.com\/fr\/wp-json\/wp\/v2\/media\/493726"}],"wp:attachment":[{"href":"https:\/\/www.europesays.com\/fr\/wp-json\/wp\/v2\/media?parent=493725"}],"wp:term":[{"taxonomy":"category","embeddable":true,"href":"https:\/\/www.europesays.com\/fr\/wp-json\/wp\/v2\/categories?post=493725"},{"taxonomy":"post_tag","embeddable":true,"href":"https:\/\/www.europesays.com\/fr\/wp-json\/wp\/v2\/tags?post=493725"}],"curies":[{"name":"wp","href":"https:\/\/api.w.org\/{rel}","templated":true}]}}