{"id":493731,"date":"2025-10-27T18:36:15","date_gmt":"2025-10-27T18:36:15","guid":{"rendered":"https:\/\/www.europesays.com\/fr\/493731\/"},"modified":"2025-10-27T18:36:15","modified_gmt":"2025-10-27T18:36:15","slug":"star-academy-charlotte-cardin-consternee-face-au-niveau-des-eleves-une-sequence-fait-le-buzz","status":"publish","type":"post","link":"https:\/\/www.europesays.com\/fr\/493731\/","title":{"rendered":"Star Academy : Charlotte Cardin constern\u00e9e face au niveau des \u00e9l\u00e8ves ? Une s\u00e9quence fait le buzz"},"content":{"rendered":"<p>      R\u00e9sum\u00e9<\/p>\n<p>Charlotte Cardin, marraine de la Star Academy, a affich\u00e9 une expression impassible lors des \u00e9valuations, suscitant buzz et questionnements sur le niveau des \u00e9l\u00e8ves.<\/p>\n<p>        Sommaire<\/p>\n<p>La <strong>Star Academy<\/strong> reprend ses droits et cette nouvelle saison promet d\u00e9j\u00e0 son lot de moments m\u00e9morables. Si le dernier prime a offert son lot d\u2019\u00e9motions avec <strong><a href=\"https:\/\/www.public.fr\/star-academy-letonnante-reaction-de-mehdi-apres-son-elimination-ses-projets-devoiles\" target=\"_blank\" rel=\"noopener\">l\u2019\u00e9limination douloureuse de Mehdi<\/a><\/strong>, premier candidat \u00e0 quitter l\u2019aventure cette saison, la semaine n\u2019a pas \u00e9t\u00e9 de tout repos pour les \u00e9l\u00e8ves. \u00c0 peine remis de cette premi\u00e8re perte, ils ont d\u00fb affronter la <strong>col\u00e8re de Marl\u00e8ne Schaff<\/strong> apr\u00e8s une prestation collective sur l\u2019hymne de l\u2019Acad\u00e9mie.<\/p>\n<p>Charlotte : la marraine de la Star Academy fait le buzz <\/p>\n<p>Mais la surprise de taille est venue d\u2019une autre figure embl\u00e9matique de la musique francophone : <strong>Charlotte Cardin<\/strong>, marraine de cette saison, pr\u00e9sente pour \u00e9valuer les \u00e9l\u00e8ves lors des premi\u00e8res matin\u00e9es d\u2019\u00e9valuation. La chanteuse canadienne, au visage impassible, n\u2019a laiss\u00e9 transpara\u00eetre aucune \u00e9motion\u2026 et le public s\u2019en est donn\u00e9 \u00e0 c\u0153ur joie sur les r\u00e9seaux sociaux.<\/p>\n<p>Les internautes n\u2019ont pas tard\u00e9 \u00e0 commenter la <strong>mine s\u00e9rieuse, presque glaciale, de Charlotte Cardin<\/strong>. Les blagues ont fus\u00e9 : \u00ab\u00a0Charlotte qui remet en question son choix d&rsquo;avoir travers\u00e9 l&rsquo;Atlantique pour \u00e9couter des prestations catastrophiques.\u00a0\u00bb, \u00ab\u00a0Charlotte quand elle r\u00e9alise qu\u2019il y a encore une matin\u00e9e d\u2019\u00e9valuation demain matin.\u00a0\u00bb, \u00ab\u00a0Tu passes une \u00e9valuation devant elle, tu as peur tant elle contr\u00f4le toutes ses \u00e9motions avec un regard froid et ind\u00e9chiffrable.\u00a0\u00bb<\/p>\n<p>Des matin\u00e9es d\u2019\u00e9valuation sous haute tension<\/p>\n<p>Cette semaine, les Acad\u00e9miciens ont \u00e9t\u00e9 <strong>s\u00e9par\u00e9s en deux groupes<\/strong> pour leurs \u00e9valuations. La consigne : apprendre par c\u0153ur le texte de leur morceau et \u00e9viter de se r\u00e9f\u00e9rer au texte pendant leur passage. Mieux encore, chaque candidat devait proposer <strong>une mise en sc\u00e8ne personnelle<\/strong>, testant ainsi non seulement leur voix, mais \u00e9galement leur capacit\u00e9 \u00e0 captiver un public.<\/p>\n<p>Charlotte Cardin n\u2019a pas simplement observ\u00e9 les prestations depuis les coulisses. <strong>Elle est venue directement au ch\u00e2teau<\/strong>, jouant un r\u00f4le central dans ces \u00e9valuations. Pr\u00e9sente lors des deux journ\u00e9es, elle prodigue <strong>conseils et encouragements<\/strong>, mais n\u2019h\u00e9site pas non plus \u00e0 <strong>montrer son exigence<\/strong> face \u00e0 des interpr\u00e9tations jug\u00e9es insuffisantes.<\/p>\n<blockquote class=\"wp-block-quote is-layout-flow wp-block-quote-is-layout-flow\">\n<p>\u00ab\u00a0La barre est d\u00e9j\u00e0 tr\u00e8s haute, et il est interdit de se reposer sur ses lauriers\u00a0\u00bb, confiait un membre de la production. \u00ab\u00a0Sinon, c\u2019est la nomination et le risque de rentrer chez soi avant d\u2019avoir prouv\u00e9 quoi que ce soit.\u00a0\u00bb<\/p>\n<\/blockquote>\n<p>Selon les spectateurs du live, c\u2019est <strong>le passage de Th\u00e9o L., tr\u00e8s proche de L\u00e9ane<\/strong>, qui aurait d\u00e9clench\u00e9 cette expression impassible. Le jeune candidat, en pleine interpr\u00e9tation, semble avoir mis la juge dans une posture de pure concentration\u2026 mais aussi d\u2019incompr\u00e9hension, laissant planer le doute sur ses comp\u00e9tences vocales.<\/p>\n<p>\n          Hits &amp; People en continu\n        <\/p>\n<p>\n          Public Radio\n        <\/p>\n<p>      Mentionn\u00e9s dans cet article<\/p>\n<p>      Sur le m\u00eame sujet<\/p>\n","protected":false},"excerpt":{"rendered":"R\u00e9sum\u00e9 Charlotte Cardin, marraine de la Star Academy, a affich\u00e9 une expression impassible lors des \u00e9valuations, suscitant buzz&hellip;\n","protected":false},"author":2,"featured_media":493732,"comment_status":"","ping_status":"","sticky":false,"template":"","format":"standard","meta":{"footnotes":""},"categories":[8],"tags":[30350,4811,58,59,1011,27,5095],"class_list":{"0":"post-493731","1":"post","2":"type-post","3":"status-publish","4":"format-standard","5":"has-post-thumbnail","7":"category-divertissement","8":"tag-charlotte-cardin","9":"tag-chateau","10":"tag-divertissement","11":"tag-entertainment","12":"tag-fr","13":"tag-france","14":"tag-star-academy"},"share_on_mastodon":{"url":"https:\/\/pubeurope.com\/@fr\/115447580991227961","error":""},"_links":{"self":[{"href":"https:\/\/www.europesays.com\/fr\/wp-json\/wp\/v2\/posts\/493731","targetHints":{"allow":["GET"]}}],"collection":[{"href":"https:\/\/www.europesays.com\/fr\/wp-json\/wp\/v2\/posts"}],"about":[{"href":"https:\/\/www.europesays.com\/fr\/wp-json\/wp\/v2\/types\/post"}],"author":[{"embeddable":true,"href":"https:\/\/www.europesays.com\/fr\/wp-json\/wp\/v2\/users\/2"}],"replies":[{"embeddable":true,"href":"https:\/\/www.europesays.com\/fr\/wp-json\/wp\/v2\/comments?post=493731"}],"version-history":[{"count":0,"href":"https:\/\/www.europesays.com\/fr\/wp-json\/wp\/v2\/posts\/493731\/revisions"}],"wp:featuredmedia":[{"embeddable":true,"href":"https:\/\/www.europesays.com\/fr\/wp-json\/wp\/v2\/media\/493732"}],"wp:attachment":[{"href":"https:\/\/www.europesays.com\/fr\/wp-json\/wp\/v2\/media?parent=493731"}],"wp:term":[{"taxonomy":"category","embeddable":true,"href":"https:\/\/www.europesays.com\/fr\/wp-json\/wp\/v2\/categories?post=493731"},{"taxonomy":"post_tag","embeddable":true,"href":"https:\/\/www.europesays.com\/fr\/wp-json\/wp\/v2\/tags?post=493731"}],"curies":[{"name":"wp","href":"https:\/\/api.w.org\/{rel}","templated":true}]}}