{"id":493739,"date":"2025-10-27T18:40:16","date_gmt":"2025-10-27T18:40:16","guid":{"rendered":"https:\/\/www.europesays.com\/fr\/493739\/"},"modified":"2025-10-27T18:40:16","modified_gmt":"2025-10-27T18:40:16","slug":"a-la-prison-de-la-sante-deux-deputes-lfi-ont-echoue-a-rencontrer-nicolas-sarkozy","status":"publish","type":"post","link":"https:\/\/www.europesays.com\/fr\/493739\/","title":{"rendered":"\u00e0 la prison de la Sant\u00e9, deux d\u00e9put\u00e9s LFI ont \u00e9chou\u00e9 \u00e0 rencontrer Nicolas Sarkozy"},"content":{"rendered":"<p>\n    Selon des sources proches du dossier, les m\u00e9lenchonistes ont explicitement demand\u00e9 \u00e0 l\u2019administration p\u00e9nitentiaire de visiter le quartier d\u2019isolement et d\u2019y \u00e9changer avec l\u2019ancien pr\u00e9sident et les policiers qui assurent sa s\u00e9curit\u00e9.<\/p>\n<p class=\"fig-paragraph\">\u00abC\u2019\u00e9tait du voyeurisme\u00bb, n\u2019en revient toujours pas un t\u00e9moin de la sc\u00e8ne. Deux d\u00e9put\u00e9s de\u00a0<a href=\"http:\/\/www.lefigaro.fr\/vox\/politique\/omar-youssef-souleimane-les-islamistes-utilisent-la-france-insoumise-comme-un-cheval-de-troie-20251001\" target=\"_blank\" data-fig-type=\"Article\" rel=\"noopener\" data-gtm-custom-categorie=\"navigation\" data-gtm-custom-action=\"crossclick\" data-gtm-custom-label=\"Contextuel\" data-gtm-event=\"customEventSPE\" data-fig-domain=\"LEFIGARO\">La France insoumise<\/a>\u00a0ont fait valoir leur droit de visite pour se rendre ce lundi \u00e0 la\u00a0<a href=\"http:\/\/www.lefigaro.fr\/actualite-france\/nicolas-sarkozy-en-prison-comment-ses-officiers-de-securite-personnels-veillent-sur-lui-a-la-sante-20251022\" target=\"_blank\" data-fig-type=\"Article\" rel=\"noopener\" data-gtm-custom-categorie=\"navigation\" data-gtm-custom-action=\"crossclick\" data-gtm-custom-label=\"Contextuel\" data-gtm-event=\"customEventSPE\" data-fig-domain=\"LEFIGARO\">prison parisienne de la Sant\u00e9<\/a>, o\u00f9 l\u2019ancien pr\u00e9sident de la R\u00e9publique,\u00a0<a href=\"http:\/\/www.lefigaro.fr\/actualite-france\/nicolas-sarkozy-en-prison-le-recit-d-une-incarceration-inedite-20251021\" target=\"_blank\" data-fig-type=\"Article\" rel=\"noopener\" data-gtm-custom-categorie=\"navigation\" data-gtm-custom-action=\"crossclick\" data-gtm-custom-label=\"Contextuel\" data-gtm-event=\"customEventSPE\" data-fig-domain=\"LEFIGARO\">Nicolas Sarkozy<\/a>, est incarc\u00e9r\u00e9 depuis la semaine derni\u00e8re. Il s\u2019agit des m\u00e9lenchonistes Ugo Bernalicis (Nord) et Dani\u00e8le Obono (Paris), tous deux \u00e9lus \u00e0 l\u2019Assembl\u00e9e nationale depuis 2017 sous l\u2019\u00e9tiquette LFI. Selon\u00a0<a href=\"https:\/\/www.lejdd.fr\/Societe\/info-jdd-les-deputes-lfi-ugo-bernalicis-et-daniele-obono-tentent-de-rencontrer-nicolas-sarkozy-a-la-prison-de-la-sante-163410\" target=\"_blank\" rel=\"sponsored noopener\" data-gtm-custom-categorie=\"navigation\" data-gtm-custom-action=\"crossclick\" data-gtm-custom-label=\"Contextuel\" data-gtm-event=\"customEventSPE\">Le JDD<\/a>, qui a r\u00e9v\u00e9l\u00e9 l\u2019information, les parlementaires \u00e9taient venus accompagn\u00e9s de journalistes du Monde et de Politis.<\/p>\n<p class=\"fig-paragraph\">\u00abCette visite avait pour objectif de s\u2019int\u00e9resser au contr\u00f4le des conditions de d\u00e9tention des personnes incarc\u00e9r\u00e9es, ainsi qu\u2019aux diff\u00e9rentes unit\u00e9s de la prison (quartiers de d\u00e9tention ordinaire, quartiers de soin et quartiers de d\u00e9tention provisoire)\u00bb, explique-t-on dans l\u2019entourage des int\u00e9ress\u00e9s, sans faire mention de la pr\u00e9sence de l\u2019ancien chef de l\u2019\u00c9tat dans la maison d\u2019arr\u00eat. Reste que, de sources concordantes, les Insoumis ont explicitement demand\u00e9 \u00e0 l\u2019administration p\u00e9nitentiaire de visiter le quartier d\u2019isolement, et d\u2019y \u00e9changer avec\u00a0<a href=\"http:\/\/www.lefigaro.fr\/actualite-france\/nicolas-sarkozy-en-prison-comment-ses-officiers-de-securite-personnels-veillent-sur-lui-a-la-sante-20251022\" data-fig-type=\"Article\" data-gtm-custom-categorie=\"navigation\" data-gtm-custom-action=\"crossclick\" data-gtm-custom-label=\"Contextuel\" data-gtm-event=\"customEventSPE\" data-fig-domain=\"LEFIGARO\" target=\"_blank\" rel=\"noopener\">Nicolas Sarkozy et les deux policiers qui assurent sa s\u00e9curit\u00e9<\/a>.<\/p>\n<p>                                    <a class=\"fig-a11y-skip a11y-hidden\" href=\"#fig-a11y-skip-main-inarticle\"><br \/>\n        Passer la publicit\u00e9<br \/>\n    <\/a><\/p>\n<p>Visites d\u00e9cal\u00e9es<\/p>\n<p class=\"fig-paragraph\">Face \u00e0 cette nouvelle, la collaboratrice historique de l\u2019ex-chef de l\u2019\u00c9tat, V\u00e9ronique Wach\u00e9, a fait part de sa \u00abnaus\u00e9e\u00bb sur le r\u00e9seau social\u00a0<a href=\"https:\/\/x.com\/VeroniqueWache\/status\/1982775964057866330\" target=\"_blank\" rel=\"sponsored noopener\" data-gtm-custom-categorie=\"navigation\" data-gtm-custom-action=\"crossclick\" data-gtm-custom-label=\"Contextuel\" data-gtm-event=\"customEventSPE\">X (ex-Twitter)<\/a>. Quant aux deux \u00e9lus de la gauche radicale, ils se sont indign\u00e9s dans un communiqu\u00e9 de ne pas avoir pu visiter le quartier d\u2019isolement avec leur t\u00e9l\u00e9phone et accompagn\u00e9s des journalistes. \u00abDe mani\u00e8re inattendue et contraire \u00e0 l\u2019article 719 du code de proc\u00e9dure p\u00e9nale, les d\u00e9put\u00e9.es ont vu leur droit de visite ill\u00e9galement restreint\u00bb, est-il \u00e9crit \u00e0 ce propos. \u00abLe tribunal administratif de Paris a \u00e9t\u00e9 saisi sur ce point en r\u00e9f\u00e9r\u00e9\u00bb, ajoute le communiqu\u00e9.<\/p>\n<p class=\"fig-paragraph\">Le droit de visite est une pr\u00e9rogative des parlementaires pr\u00e9vue par le Code de proc\u00e9dure p\u00e9nale. Il permet \u00e0 n\u2019importe quel d\u00e9put\u00e9 ou s\u00e9nateur de se rendre dans un \u00e9tablissement p\u00e9nitentiaire sans avoir \u00e0 pr\u00e9venir l\u2019administration pour contr\u00f4ler les conditions de d\u00e9tention. Cet \u00e9pisode a toutefois entra\u00een\u00e9 le report des visites des avocats et de la famille de Nicolas Sarkozy, pr\u00e9vues ce lundi.<\/p>\n","protected":false},"excerpt":{"rendered":"Selon des sources proches du dossier, les m\u00e9lenchonistes ont explicitement demand\u00e9 \u00e0 l\u2019administration p\u00e9nitentiaire de visiter le quartier&hellip;\n","protected":false},"author":2,"featured_media":493740,"comment_status":"","ping_status":"","sticky":false,"template":"","format":"standard","meta":{"footnotes":""},"categories":[4],"tags":[11,1011,27,2338,12,3091,25],"class_list":{"0":"post-493739","1":"post","2":"type-post","3":"status-publish","4":"format-standard","5":"has-post-thumbnail","7":"category-france","8":"tag-actualites","9":"tag-fr","10":"tag-france","11":"tag-la-france-insoumise","12":"tag-news","13":"tag-nicolas-sarkozy","14":"tag-republique-francaise"},"share_on_mastodon":{"url":"https:\/\/pubeurope.com\/@fr\/115447596650890317","error":""},"_links":{"self":[{"href":"https:\/\/www.europesays.com\/fr\/wp-json\/wp\/v2\/posts\/493739","targetHints":{"allow":["GET"]}}],"collection":[{"href":"https:\/\/www.europesays.com\/fr\/wp-json\/wp\/v2\/posts"}],"about":[{"href":"https:\/\/www.europesays.com\/fr\/wp-json\/wp\/v2\/types\/post"}],"author":[{"embeddable":true,"href":"https:\/\/www.europesays.com\/fr\/wp-json\/wp\/v2\/users\/2"}],"replies":[{"embeddable":true,"href":"https:\/\/www.europesays.com\/fr\/wp-json\/wp\/v2\/comments?post=493739"}],"version-history":[{"count":0,"href":"https:\/\/www.europesays.com\/fr\/wp-json\/wp\/v2\/posts\/493739\/revisions"}],"wp:featuredmedia":[{"embeddable":true,"href":"https:\/\/www.europesays.com\/fr\/wp-json\/wp\/v2\/media\/493740"}],"wp:attachment":[{"href":"https:\/\/www.europesays.com\/fr\/wp-json\/wp\/v2\/media?parent=493739"}],"wp:term":[{"taxonomy":"category","embeddable":true,"href":"https:\/\/www.europesays.com\/fr\/wp-json\/wp\/v2\/categories?post=493739"},{"taxonomy":"post_tag","embeddable":true,"href":"https:\/\/www.europesays.com\/fr\/wp-json\/wp\/v2\/tags?post=493739"}],"curies":[{"name":"wp","href":"https:\/\/api.w.org\/{rel}","templated":true}]}}