{"id":493744,"date":"2025-10-27T18:44:22","date_gmt":"2025-10-27T18:44:22","guid":{"rendered":"https:\/\/www.europesays.com\/fr\/493744\/"},"modified":"2025-10-27T18:44:22","modified_gmt":"2025-10-27T18:44:22","slug":"une-famille-de-nancy-au-coeur-de-la-condamnation-de-lancien-chef-detat","status":"publish","type":"post","link":"https:\/\/www.europesays.com\/fr\/493744\/","title":{"rendered":"une famille de Nancy au c\u0153ur de la condamnation de l\u2019ancien chef d\u2019\u00c9tat"},"content":{"rendered":"<p>Dans le proc\u00e8s tr\u00e8s technique sur les soup\u00e7ons de financement libyen de la campagne pr\u00e9sidentielle 2007 de <a href=\"https:\/\/www.republicain-lorrain.fr\/p\/nicolas-sarkozy\" target=\"_blank\" rel=\"noopener\">Nicolas Sarkozy<\/a>, c\u2019est par elles que l\u2019\u00e9motion est arriv\u00e9e. Dani\u00e8le Klein et sa s\u0153ur Fran\u00e7oise Tenenbaum ont \u00e9t\u00e9 <a href=\"https:\/\/www.ouest-france.fr\/politique\/nicolas-sarkozy\/au-proces-sarkozy-kadhafi-les-familles-trahies-de-lattentat-du-dc-10-duta-b6fe5700-d9a0-11ef-8f51-eac5203dc552\" target=\"_blank\" rel=\"noopener\">parmi les premi\u00e8res du collectif de l\u2019attentat du DC-10 UTA \u00e0 t\u00e9moigner<\/a> , \u00e0 la barre du tribunal de Paris, le 23\u00a0janvier. Cet attentat a fait 170 victimes dont 54 Fran\u00e7ais.<\/p>\n<p>Parmi eux\u00a0: leur fr\u00e8re, Jean-Pierre Klein, com\u00e9dien et metteur en sc\u00e8ne de 30 ans (lire par ailleurs). Trente-cinq ans apr\u00e8s, la douleur et la col\u00e8re sont toujours l\u00e0 pour ces deux s\u0153urs de Nancy, parties civiles comme leur cousin Denis Weill ou la fille de Jean-Pierre Klein, M\u00e9lanie Hoedts-Klein.<\/p>\n<p class=\"xsm-p emxed-markup\">Le 19\u00a0septembre 1989, l\u2019avion DC-10 de la compagnie UTA (Une ancienne compagnie a\u00e9rienne fran\u00e7aise), parti de Brazzaville au Congo, en direction de Paris, s\u2019ab\u00eeme au Niger. Bilan\u00a0: 170 morts de 18 nationalit\u00e9s, dont 54 Fran\u00e7ais. L\u2019enqu\u00eate du&#8230;<\/p>\n","protected":false},"excerpt":{"rendered":"Dans le proc\u00e8s tr\u00e8s technique sur les soup\u00e7ons de financement libyen de la campagne pr\u00e9sidentielle 2007 de Nicolas&hellip;\n","protected":false},"author":2,"featured_media":493745,"comment_status":"","ping_status":"","sticky":false,"template":"","format":"standard","meta":{"footnotes":""},"categories":[9635],"tags":[1111,11,271,272,5598,1777,674,274,107,1011,27,775,6212,6213,5599,1702,12,3456,25,104,1254],"class_list":{"0":"post-493744","1":"post","2":"type-post","3":"status-publish","4":"format-standard","5":"has-post-thumbnail","7":"category-nancy","8":"tag-actu","9":"tag-actualites","10":"tag-crime","11":"tag-delit-et-contravention","12":"tag-edition-metz-et-agglomeration","13":"tag-eu","14":"tag-europe","15":"tag-faits-divers-justice","16":"tag-fil-info","17":"tag-fr","18":"tag-france","19":"tag-grand-est","20":"tag-metz","21":"tag-metz-ville-57b","22":"tag-moselle","23":"tag-nancy","24":"tag-news","25":"tag-region-lorraine","26":"tag-republique-francaise","27":"tag-societe","28":"tag-terrorisme"},"share_on_mastodon":{"url":"https:\/\/pubeurope.com\/@fr\/115447612371708922","error":""},"_links":{"self":[{"href":"https:\/\/www.europesays.com\/fr\/wp-json\/wp\/v2\/posts\/493744","targetHints":{"allow":["GET"]}}],"collection":[{"href":"https:\/\/www.europesays.com\/fr\/wp-json\/wp\/v2\/posts"}],"about":[{"href":"https:\/\/www.europesays.com\/fr\/wp-json\/wp\/v2\/types\/post"}],"author":[{"embeddable":true,"href":"https:\/\/www.europesays.com\/fr\/wp-json\/wp\/v2\/users\/2"}],"replies":[{"embeddable":true,"href":"https:\/\/www.europesays.com\/fr\/wp-json\/wp\/v2\/comments?post=493744"}],"version-history":[{"count":0,"href":"https:\/\/www.europesays.com\/fr\/wp-json\/wp\/v2\/posts\/493744\/revisions"}],"wp:featuredmedia":[{"embeddable":true,"href":"https:\/\/www.europesays.com\/fr\/wp-json\/wp\/v2\/media\/493745"}],"wp:attachment":[{"href":"https:\/\/www.europesays.com\/fr\/wp-json\/wp\/v2\/media?parent=493744"}],"wp:term":[{"taxonomy":"category","embeddable":true,"href":"https:\/\/www.europesays.com\/fr\/wp-json\/wp\/v2\/categories?post=493744"},{"taxonomy":"post_tag","embeddable":true,"href":"https:\/\/www.europesays.com\/fr\/wp-json\/wp\/v2\/tags?post=493744"}],"curies":[{"name":"wp","href":"https:\/\/api.w.org\/{rel}","templated":true}]}}