{"id":493746,"date":"2025-10-27T18:45:39","date_gmt":"2025-10-27T18:45:39","guid":{"rendered":"https:\/\/www.europesays.com\/fr\/493746\/"},"modified":"2025-10-27T18:45:39","modified_gmt":"2025-10-27T18:45:39","slug":"100-asnl-le-debrief-de-la-lourde-defaite-de-las-nancy-lorraine-a-montpellier-4-1","status":"publish","type":"post","link":"https:\/\/www.europesays.com\/fr\/493746\/","title":{"rendered":"100% ASNL\u00a0: le d\u00e9brief de la lourde d\u00e9faite de l&rsquo;AS Nancy Lorraine \u00e0 Montpellier (4-1)"},"content":{"rendered":"<p>L&rsquo;AS Nancy Lorraine s&rsquo;est inclin\u00e9e ce samedi \u00e0 Montpellier, 4-1, un revers qui met les Nanc\u00e9iens dans une position embarrassante  au classement. Cette d\u00e9faite, l&rsquo;ASNL ne l&rsquo;a doit qu&rsquo;a elle-m\u00eame apr\u00e8s une succession d&rsquo;erreurs et surtout une expulsion apr\u00e8s son ouverture du score. <\/p>\n<p>L&rsquo;AS Nancy Lorraine s&rsquo;est inclin\u00e9e lourdement ce samedi \u00e0 Montpellier, 4-1. Ce revers, l&rsquo;ASNL ne le doit qu&rsquo;\u00e0 elle-m\u00eame\u00a0! Il met les Nanc\u00e9iens dans une position tr\u00e8s d\u00e9licate au classement.\u00a0Pourtant, la rencontre avait bien commenc\u00e9 pour l&rsquo;ASNL avec l&rsquo;ouverture du score. Malheureusement, la suite a \u00e9t\u00e9 une succession d&rsquo;erreurs.<\/p>\n<p>Les joueurs de l&rsquo;AS Nancy Lorraine se sont litt\u00e9ralement\u00a0<a class=\"IciLink ici-link IciArticleLink g-ici-body-regular-1 underline brand svelte-lu7k6w\" href=\"https:\/\/www.francebleu.fr\/sports\/football\/direct-ligue-2-ecoutez-le-deplacement-de-l-as-nancy-lorraine-a-montpellier-4517258\" rel=\"nofollow noopener\" target=\"_blank\">\u00ab\u00a0tir\u00e9s une balle dans le pied\u00a0\u00bb<\/a>\u00a0en se retrouvant en inf\u00e9riorit\u00e9 num\u00e9rique juste apr\u00e8s avoir men\u00e9 au score. Cette expulsion a \u00e9t\u00e9 un tournant, exploit\u00e9e imm\u00e9diatement par les Montpelli\u00e9rains.<\/p>\n<p>L&rsquo;ASNL a encaiss\u00e9 deux buts au plus mauvais moment de la rencontre, offrant ainsi le match \u00e0 son adversaire sur un plateau. Ce manque de ma\u00eetrise et de discipline est particuli\u00e8rement inqui\u00e9tant et soul\u00e8ve de nombreuses questions sur la capacit\u00e9 de l&rsquo;\u00e9quipe \u00e0 g\u00e9rer la pression.\u00a0Laurent Pilloni et ses d\u00e9batteurs d\u00e9cortiquent cette contre-performance dans <strong>100% ASNL<\/strong>.<\/p>\n<p>\u00c0 \u00e9couter aussi   <img decoding=\"async\" src=\"https:\/\/www.europesays.com\/fr\/wp-content\/uploads\/2025\/10\/1761590739_784_200x200\" alt=\"L'ASNL doit aller chercher au moins un point \u00e0 Montpellier pour \u00e9viter d'aborder la suite avec une certaine pression\" style=\"--_image-preview:url('data:image\/jpeg;base64,\/9j\/2wBDACgcHiMeGSgjISMtKygwPGRBPDc3PHtYXUlkkYCZlo+AjIqgtObDoKrarYqMyP\/L2u71\/\/\/\/m8H\/\/\/\/6\/+b9\/\/j\/2wBDASstLTw1PHZBQXb4pYyl+Pj4+Pj4+Pj4+Pj4+Pj4+Pj4+Pj4+Pj4+Pj4+Pj4+Pj4+Pj4+Pj4+Pj4+Pj4+Pj4+Pj\/wAARCAAqACoDASIAAhEBAxEB\/8QAGAABAQEBAQAAAAAAAAAAAAAAAAECAwX\/xAAWEAEBAQAAAAAAAAAAAAAAAAAAEQH\/xAAWAQEBAQAAAAAAAAAAAAAAAAAAAQL\/xAAVEQEBAAAAAAAAAAAAAAAAAAAAEf\/aAAwDAQACEQMRAD8A8+LG4RFYhGtxNBkioDsJSs1mprOrqaUrICrW6VlWWAAVBQH\/2Q==');\" loading=\"lazy\" fetchpriority=\"low\" aria-hidden=\"true\" class=\"svelte-1pnmlwx rounded\" onload=\"this.__e=event\" onerror=\"this.__e=event\"\/><\/p>\n","protected":false},"excerpt":{"rendered":"L&rsquo;AS Nancy Lorraine s&rsquo;est inclin\u00e9e ce samedi \u00e0 Montpellier, 4-1, un revers qui met les Nanc\u00e9iens dans une&hellip;\n","protected":false},"author":2,"featured_media":493747,"comment_status":"","ping_status":"","sticky":false,"template":"","format":"standard","meta":{"footnotes":""},"categories":[9635],"tags":[1111,11,1777,674,1011,27,775,1702,12,25],"class_list":{"0":"post-493746","1":"post","2":"type-post","3":"status-publish","4":"format-standard","5":"has-post-thumbnail","7":"category-nancy","8":"tag-actu","9":"tag-actualites","10":"tag-eu","11":"tag-europe","12":"tag-fr","13":"tag-france","14":"tag-grand-est","15":"tag-nancy","16":"tag-news","17":"tag-republique-francaise"},"share_on_mastodon":{"url":"https:\/\/pubeurope.com\/@fr\/115447616749138848","error":""},"_links":{"self":[{"href":"https:\/\/www.europesays.com\/fr\/wp-json\/wp\/v2\/posts\/493746","targetHints":{"allow":["GET"]}}],"collection":[{"href":"https:\/\/www.europesays.com\/fr\/wp-json\/wp\/v2\/posts"}],"about":[{"href":"https:\/\/www.europesays.com\/fr\/wp-json\/wp\/v2\/types\/post"}],"author":[{"embeddable":true,"href":"https:\/\/www.europesays.com\/fr\/wp-json\/wp\/v2\/users\/2"}],"replies":[{"embeddable":true,"href":"https:\/\/www.europesays.com\/fr\/wp-json\/wp\/v2\/comments?post=493746"}],"version-history":[{"count":0,"href":"https:\/\/www.europesays.com\/fr\/wp-json\/wp\/v2\/posts\/493746\/revisions"}],"wp:featuredmedia":[{"embeddable":true,"href":"https:\/\/www.europesays.com\/fr\/wp-json\/wp\/v2\/media\/493747"}],"wp:attachment":[{"href":"https:\/\/www.europesays.com\/fr\/wp-json\/wp\/v2\/media?parent=493746"}],"wp:term":[{"taxonomy":"category","embeddable":true,"href":"https:\/\/www.europesays.com\/fr\/wp-json\/wp\/v2\/categories?post=493746"},{"taxonomy":"post_tag","embeddable":true,"href":"https:\/\/www.europesays.com\/fr\/wp-json\/wp\/v2\/tags?post=493746"}],"curies":[{"name":"wp","href":"https:\/\/api.w.org\/{rel}","templated":true}]}}