{"id":493768,"date":"2025-10-27T19:00:14","date_gmt":"2025-10-27T19:00:14","guid":{"rendered":"https:\/\/www.europesays.com\/fr\/493768\/"},"modified":"2025-10-27T19:00:14","modified_gmt":"2025-10-27T19:00:14","slug":"strasbourg-une-equipe-de-chercheurs-sonde-les-dechets-radioactifs-des-abysses-de-latlantique","status":"publish","type":"post","link":"https:\/\/www.europesays.com\/fr\/493768\/","title":{"rendered":"Strasbourg. Une \u00e9quipe de chercheurs sonde les d\u00e9chets radioactifs des abysses de l\u2019Atlantique"},"content":{"rendered":"<p>                             Un poisson coup\u00e9 en morceaux\u00a0; de l\u2019eau extraite de s\u00e9diments\u00a0; des mati\u00e8res pi\u00e9g\u00e9es dans un filtre. Le contenu des trois sachets congel\u00e9s pos\u00e9s sur un plan de travail de l\u2019Institut pluridisciplinaire Hubert-Curien (IPHC) de Cronenbourg arrive tout droit des plaines abyssales de l\u2019Atlantique Nord-Est, \u00e0 pr\u00e8s de 5\u00a0000\u00a0m de profondeur. Ces \u00e9chantillons proviennent de la campagne oc\u00e9anographique NODSSUM (*), un projet port\u00e9 par des scientifiques fran\u00e7ais dont l\u2019objectif est de cartographier les zones d\u2019immersion de 200\u00a0000 f\u00fbts de d\u00e9chets radioactifs et de comprendre le comportement des \u00e9l\u00e9ments radioactifs. Des radionucl\u00e9ides dans les s\u00e9diments<\/p>\n<p>Membres de l\u2019IPHC, la chercheuse Mireille Del Nero, la doctorante \u00c9lo\u00efse Harrois et l\u2019ing\u00e9nieur radioprotection Addil Sellam \u00e9taient \u00e0 bord de \u201c L\u2019Atalante\u201d , navire de l\u2019Ifremer, pour mener \u00e0&#8230;<\/p>\n","protected":false},"excerpt":{"rendered":"Un poisson coup\u00e9 en morceaux\u00a0; de l\u2019eau extraite de s\u00e9diments\u00a0; des mati\u00e8res pi\u00e9g\u00e9es dans un filtre. Le contenu&hellip;\n","protected":false},"author":2,"featured_media":493769,"comment_status":"","ping_status":"","sticky":false,"template":"","format":"standard","meta":{"footnotes":""},"categories":[2820],"tags":[1111,11,2389,2649,2880,436,1777,674,107,1011,27,5325,2798,775,1757,12,1800,25,767,640,2879],"class_list":{"0":"post-493768","1":"post","2":"type-post","3":"status-publish","4":"format-standard","5":"has-post-thumbnail","7":"category-strasbourg","8":"tag-actu","9":"tag-actualites","10":"tag-alsace","11":"tag-bas-rhin","12":"tag-edition-strasbourg","13":"tag-environnement","14":"tag-eu","15":"tag-europe","16":"tag-fil-info","17":"tag-fr","18":"tag-france","19":"tag-galerie-media","20":"tag-galerie-photo","21":"tag-grand-est","22":"tag-insolite","23":"tag-news","24":"tag-pollution","25":"tag-republique-francaise","26":"tag-science-et-technologie","27":"tag-strasbourg","28":"tag-strasbourg-ville"},"share_on_mastodon":{"url":"https:\/\/pubeurope.com\/@fr\/115447675331504126","error":""},"_links":{"self":[{"href":"https:\/\/www.europesays.com\/fr\/wp-json\/wp\/v2\/posts\/493768","targetHints":{"allow":["GET"]}}],"collection":[{"href":"https:\/\/www.europesays.com\/fr\/wp-json\/wp\/v2\/posts"}],"about":[{"href":"https:\/\/www.europesays.com\/fr\/wp-json\/wp\/v2\/types\/post"}],"author":[{"embeddable":true,"href":"https:\/\/www.europesays.com\/fr\/wp-json\/wp\/v2\/users\/2"}],"replies":[{"embeddable":true,"href":"https:\/\/www.europesays.com\/fr\/wp-json\/wp\/v2\/comments?post=493768"}],"version-history":[{"count":0,"href":"https:\/\/www.europesays.com\/fr\/wp-json\/wp\/v2\/posts\/493768\/revisions"}],"wp:featuredmedia":[{"embeddable":true,"href":"https:\/\/www.europesays.com\/fr\/wp-json\/wp\/v2\/media\/493769"}],"wp:attachment":[{"href":"https:\/\/www.europesays.com\/fr\/wp-json\/wp\/v2\/media?parent=493768"}],"wp:term":[{"taxonomy":"category","embeddable":true,"href":"https:\/\/www.europesays.com\/fr\/wp-json\/wp\/v2\/categories?post=493768"},{"taxonomy":"post_tag","embeddable":true,"href":"https:\/\/www.europesays.com\/fr\/wp-json\/wp\/v2\/tags?post=493768"}],"curies":[{"name":"wp","href":"https:\/\/api.w.org\/{rel}","templated":true}]}}