{"id":493792,"date":"2025-10-27T19:14:35","date_gmt":"2025-10-27T19:14:35","guid":{"rendered":"https:\/\/www.europesays.com\/fr\/493792\/"},"modified":"2025-10-27T19:14:35","modified_gmt":"2025-10-27T19:14:35","slug":"lenquete-sur-lassassinat-de-socayna-partiellement-annulee-apres-une-faute-de-procedure","status":"publish","type":"post","link":"https:\/\/www.europesays.com\/fr\/493792\/","title":{"rendered":"l\u2019enqu\u00eate sur l\u2019assassinat de Socayna partiellement annul\u00e9e apr\u00e8s une faute de proc\u00e9dure"},"content":{"rendered":"<p>\n    Une partie des \u00e9l\u00e9ments d\u2019enqu\u00eate r\u00e9alis\u00e9s ces derniers mois pour faire la lumi\u00e8re sur la mort de la jeune \u00e9tudiante, tu\u00e9e chez elle par balles alors qu\u2019elle r\u00e9visait dans sa chambre, se retrouve annul\u00e9e en raison d\u2019une erreur de proc\u00e9dure. Le proc\u00e8s sera retard\u00e9.<\/p>\n<p class=\"fig-paragraph\">Il y a certaines erreurs qui se paient cher. La justice marseillaise en a visiblement commis une dans l\u2019affaire\u00a0<a href=\"http:\/\/www.lefigaro.fr\/marseille\/marseille-un-an-apres-la-cite-saint-thys-toujours-traumatisee-par-la-mort-de-socayna-20240910\" data-fig-type=\"NewsFlash\" data-gtm-custom-categorie=\"navigation\" data-gtm-custom-action=\"crossclick\" data-gtm-custom-label=\"Contextuel\" data-gtm-event=\"customEventSPE\" data-fig-domain=\"LEFIGARO\" target=\"_blank\" rel=\"noopener\">Socayna<\/a>, du nom de cette jeune \u00e9tudiante tu\u00e9e par balles alors qu\u2019elle r\u00e9visait dans sa chambre, chez elle, \u00e0 Marseille, en septembre 2023. Comme l\u2019a r\u00e9v\u00e9l\u00e9\u00a0<a href=\"https:\/\/www.laprovence.com\/article\/faits-divers-justice\/46692113992244\/info-la-provence-assassinat-de-socayna-en-2023-a-marseille-une-incroyable-bevue-du-tribunal-fragilise-lenquete\" target=\"_blank\" rel=\"sponsored noopener\" data-gtm-custom-categorie=\"navigation\" data-gtm-custom-action=\"crossclick\" data-gtm-custom-label=\"Contextuel\" data-gtm-event=\"customEventSPE\">La Provence<\/a>, la chambre de l\u2019instruction a convoqu\u00e9 en mars dernier le mauvais avocat de la d\u00e9fense lors de l\u2019audience cens\u00e9e examiner l\u2019appel de l\u2019ordonnance de mise en accusation du principal suspect, un jeune gar\u00e7on mineur \u00e0 l\u2019\u00e9poque des faits.<\/p>\n<p class=\"fig-paragraph\">Le suspect venait en effet de changer de conseil \u00e0 l\u2019\u00e9poque et b\u00e9n\u00e9ficiait des services de l\u2019avocat p\u00e9naliste au barreau de Paris Rapha\u00ebl Chiche. Apprenant que cette audience se tiendrait sans qu\u2019il en soit avis\u00e9, Me Chiche s\u2019\u00e9tait quand m\u00eame rendu sur place pour demander un renvoi, qui lui a \u00e9t\u00e9 refus\u00e9. L\u2019avocat a alors saisi la cour de cassation qui, dans un arr\u00eat du 24 septembre dernier, a annul\u00e9 les actes d\u2019enqu\u00eate r\u00e9alis\u00e9s depuis l\u2019appel. \u00abNous avions pourtant alert\u00e9 et donn\u00e9 \u00e0 la chambre les moyens d\u2019\u00e9viter cela\u00bb, affirme Me Chiche.<\/p>\n<p>                                    <a class=\"fig-a11y-skip a11y-hidden\" href=\"#fig-a11y-skip-main-inarticle\"><br \/>\n        Passer la publicit\u00e9<br \/>\n    <\/a><\/p>\n<p>Retard<\/p>\n<p class=\"fig-paragraph\">\u00abCe qui s\u2019est pass\u00e9 est un facteur regrettable de retard du proc\u00e8s que ma cliente attend, soupire Me Marc-Andr\u00e9 Ceccaldi, avocat de la m\u00e8re de Socayna. Mais elle garde la d\u00e9termination que le fond plut\u00f4t que la forme soit prochainement abord\u00e9e dans ce dossier.\u00bb Le proc\u00e8s du mis en cause avait \u00e9t\u00e9 envisag\u00e9 un temps avant l\u2019\u00e9t\u00e9, mais ne devrait finalement pas se tenir cette ann\u00e9e. La d\u00e9fense a par ailleurs soulev\u00e9 des requ\u00eates en nullit\u00e9 dans cette proc\u00e9dure.<\/p>\n<p class=\"fig-paragraph\">Socayna \u00e9tait une \u00e9tudiante de 24 ans, victime collat\u00e9rale du trafic de stup\u00e9fiants, tu\u00e9e par une balle perdue qui avait travers\u00e9 le contre-plaqu\u00e9 de bois situ\u00e9 en dessous de la fen\u00eatre de sa chambre de la cit\u00e9 Saint-Thys, dans le 10e arrondissement de Marseille. En \u00e9tat de mort c\u00e9r\u00e9brale, elle avait \u00e9t\u00e9 transf\u00e9r\u00e9e \u00e0 l\u2019h\u00f4pital, o\u00f9 elle \u00e9tait finalement d\u00e9c\u00e9d\u00e9e deux jours plus tard. Le suspect avait \u00e9t\u00e9 arr\u00eat\u00e9 apr\u00e8s cinq mois d\u2019enqu\u00eate.<\/p>\n","protected":false},"excerpt":{"rendered":"Une partie des \u00e9l\u00e9ments d\u2019enqu\u00eate r\u00e9alis\u00e9s ces derniers mois pour faire la lumi\u00e8re sur la mort de la&hellip;\n","protected":false},"author":2,"featured_media":493793,"comment_status":"","ping_status":"","sticky":false,"template":"","format":"standard","meta":{"footnotes":""},"categories":[2814],"tags":[1111,11,1067,1777,674,1011,27,884,777,12,882,25],"class_list":{"0":"post-493792","1":"post","2":"type-post","3":"status-publish","4":"format-standard","5":"has-post-thumbnail","7":"category-marseille","8":"tag-actu","9":"tag-actualites","10":"tag-enquete","11":"tag-eu","12":"tag-europe","13":"tag-fr","14":"tag-france","15":"tag-marseille","16":"tag-meurtre","17":"tag-news","18":"tag-provence-alpes-cote-dazur","19":"tag-republique-francaise"},"share_on_mastodon":{"url":"https:\/\/pubeurope.com\/@fr\/115447730237711791","error":""},"_links":{"self":[{"href":"https:\/\/www.europesays.com\/fr\/wp-json\/wp\/v2\/posts\/493792","targetHints":{"allow":["GET"]}}],"collection":[{"href":"https:\/\/www.europesays.com\/fr\/wp-json\/wp\/v2\/posts"}],"about":[{"href":"https:\/\/www.europesays.com\/fr\/wp-json\/wp\/v2\/types\/post"}],"author":[{"embeddable":true,"href":"https:\/\/www.europesays.com\/fr\/wp-json\/wp\/v2\/users\/2"}],"replies":[{"embeddable":true,"href":"https:\/\/www.europesays.com\/fr\/wp-json\/wp\/v2\/comments?post=493792"}],"version-history":[{"count":0,"href":"https:\/\/www.europesays.com\/fr\/wp-json\/wp\/v2\/posts\/493792\/revisions"}],"wp:featuredmedia":[{"embeddable":true,"href":"https:\/\/www.europesays.com\/fr\/wp-json\/wp\/v2\/media\/493793"}],"wp:attachment":[{"href":"https:\/\/www.europesays.com\/fr\/wp-json\/wp\/v2\/media?parent=493792"}],"wp:term":[{"taxonomy":"category","embeddable":true,"href":"https:\/\/www.europesays.com\/fr\/wp-json\/wp\/v2\/categories?post=493792"},{"taxonomy":"post_tag","embeddable":true,"href":"https:\/\/www.europesays.com\/fr\/wp-json\/wp\/v2\/tags?post=493792"}],"curies":[{"name":"wp","href":"https:\/\/api.w.org\/{rel}","templated":true}]}}