{"id":493796,"date":"2025-10-27T19:16:25","date_gmt":"2025-10-27T19:16:25","guid":{"rendered":"https:\/\/www.europesays.com\/fr\/493796\/"},"modified":"2025-10-27T19:16:25","modified_gmt":"2025-10-27T19:16:25","slug":"municipales-2026-a-lyon-trois-mouvements-de-gauche-se-rangent-derriere-le-maire-gregory-doucet","status":"publish","type":"post","link":"https:\/\/www.europesays.com\/fr\/493796\/","title":{"rendered":"Municipales 2026 \u00e0 Lyon\u00a0: trois mouvements de gauche se rangent derri\u00e8re le maire Gr\u00e9gory Doucet"},"content":{"rendered":"<p class=\"paragraph text_align_left lp-f-body-02\">Une union des gauches de plus en plus significative derri\u00e8re le maire sortant \u00e0 Lyon (<a href=\"https:\/\/www.leparisien.fr\/rhone-69\/\" target=\"_blank\" rel=\"noreferrer nofollow noopener\">Rh\u00f4ne<\/a>)\u00a0? Dans un communiqu\u00e9 conjoint publi\u00e9 ce lundi matin et relay\u00e9 par <a href=\"https:\/\/www.lyonmag.com\/article\/147771\/municipales-a-lyon-trois-nouveaux-partis-politiques-se-rangent-derriere-gregory-doucet\" target=\"_blank\" rel=\"noreferrer nofollow noopener\">Lyon Mag<\/a>, trois mouvements de gauche annoncent se rallier derri\u00e8re l\u2019\u00e9cologiste Gr\u00e9gory Doucet, principalement oppos\u00e9 \u00e0 l\u2019ancien pr\u00e9sident de l\u2019Olympique Lyonnais (OL) <a href=\"https:\/\/www.leparisien.fr\/rhone-69\/jean-michel-aulas-officialise-sa-candidature-a-la-mairie-de-lyon-dans-une-lettre-aux-lyonnais-25-09-2025-6F3Q7BWDVJGMJNR2BJ66ZCBD34.php\" target=\"_blank\" rel=\"noreferrer nofollow noopener\">Jean-Michel Aulas, sans \u00e9tiquette mais soutenu par Renaissance et LR.<\/a><\/p>\n<blockquote class=\"twitter-tweet\">\n<p lang=\"fr\" dir=\"ltr\">Tenir le cap d\u2019une ville humaniste, solidaire, inclusive.<\/p>\n<p>G\u00e9n\u00e9ration\u00b7s 69, Rh\u00f4ne Debout! et L&rsquo;APR\u00c8S Rh\u00f4ne annoncent officiellement leur soutien plein et entier, d\u00e9termin\u00e9, \u00e0 la majorit\u00e9 sortante pour les municipales de Lyon de 2026. <a href=\"https:\/\/t.co\/ne2zCBvh66\" rel=\"nofollow\">pic.twitter.com\/ne2zCBvh66<\/a><\/p>\n<p>\u2014 L&rsquo;APR\u00c8S Rh\u00f4ne (@L_APRES69) <a href=\"https:\/\/twitter.com\/L_APRES69\/status\/1982700954446426336?ref_src=twsrc%5Etfw\" rel=\"nofollow noopener\" target=\"_blank\">October 27, 2025<\/a><\/p><\/blockquote>\n<p class=\"paragraph text_align_left lp-f-body-02\">Il s\u2019agit de l\u2019Apr\u00e8s &#8211; cr\u00e9\u00e9 par des ex-dissidents insoumis comme Cl\u00e9mentine Autain ou Alexis Corbi\u00e8re -, de G\u00e9n\u00e9ration\u00b7s &#8211; fond\u00e9 par Beno\u00eet Hamon &#8211; et Debout\u00a0!, le mouvement de Fran\u00e7ois Ruffin. \u00ab\u00a0Nous salons les projets et r\u00e9alisations, nombreuses, men\u00e9s sous ce mandat (de la majorit\u00e9 sortante), renfor\u00e7ant Lyon comme \u00e9tant une ville profond\u00e9ment humaniste, solidaire et inclusive, r\u00e9siliente face aux transformations climatiques\u00a0\u00bb, expliquent notamment leurs repr\u00e9sentants locaux.<\/p>\n<p class=\"paragraph text_align_left lp-f-body-02\">\u00c0 gauche, LFI pourrait faire figure d\u2019exception &#8211; si le PS et le PCF se rangeaient aussi derri\u00e8re Gr\u00e9gory Doucet, comme le laisse entendre <a href=\"https:\/\/actu.fr\/auvergne-rhone-alpes\/lyon_69123\/lyon-gregory-doucet-decroche-de-nouveaux-soutiens-face-au-risque-d-un-virage-a-droite_63354645.html\" target=\"_blank\" rel=\"noreferrer nofollow noopener\">actuLyon <\/a>-, sa candidate Ana\u00efs Belouassa-Cherifi, d\u00e9put\u00e9e du Rh\u00f4ne, ayant annonc\u00e9 se lancer la semaine derni\u00e8re. \u00ab\u00a0On ne fait pas l\u2019union juste pour faire l\u2019union\u00a0\u00bb, a-t-elle <a href=\"https:\/\/www.leparisien.fr\/elections\/municipales\/municipales-2026-a-lyon-on-propose-de-faire-mieux-linsoumise-anais-belouassa-cherifi-defie-aulas-et-le-maire-ecologiste-doucet-23-10-2025-THRF7ZAL6RGPVNBIRFKRFLNU4U.php\" target=\"_blank\" rel=\"noreferrer nofollow noopener\">justifi\u00e9 dans nos colonnes<\/a>, mettant en avant la question du programme. \u00ab\u00a0Nous appelons tous les acteurs et actrices de la soci\u00e9t\u00e9 civile ainsi que nos camarades des partis de gauche, socialistes, \u00e9cologistes, communistes, insoumis, \u00e0 faire vivre tous ensemble l\u2019h\u00e9ritage du Nouveau Front Populaire \u00e0 Lyon\u00a0\u00bb, r\u00e9pond le communiqu\u00e9 commun.<\/p>\n<p>Un tacle \u00e0 Jean-Michel Aulas<\/p>\n<p class=\"paragraph text_align_left lp-f-body-02\">Si ces trois mouvements font front, disent-ils, c\u2019est parce qu\u2019ils se d\u00e9clarent \u00ab\u00a0profond\u00e9ment pr\u00e9occup\u00e9s par les premi\u00e8res propositions du camp des droites incarn\u00e9 par Jean-Michel Aulas et V\u00e9ronique Sarselli (la cheffe de file des R\u00e9publicains)\u00a0\u00bb. \u00ab\u00a0Le camp du c\u2019\u00e9tait mieux avant veut renvoyer Lyon au si\u00e8cle dernier, faisant place au tout automobile sur les voies de bus ou les zones pi\u00e9tonnes\u00a0\u00bb, taclent les partis de gauche.<\/p>\n<p class=\"paragraph text_align_left lp-f-body-02\">Dans un entretien accord\u00e9 \u00e0 <a href=\"https:\/\/www.facebook.com\/watch\/?v=831329299421521\" target=\"_blank\" rel=\"noreferrer nofollow noopener\">BFM Lyon<\/a> mi-octobre, Jean-Michel Aulas n\u2019excluait pas de revoir certains am\u00e9nagements urbains r\u00e9alis\u00e9s par la majorit\u00e9 sortante, s\u2019il \u00e9tait \u00e9lu. \u00ab\u00a0Il y a des choses qu\u2019il faut changer\u00a0\u00bb, avait-il d\u00e9clar\u00e9, en citant des exemples locaux probl\u00e9matiques, selon lui, pour les voitures.<\/p>\n<p class=\"paragraph text_align_left lp-f-body-02\">Selon <a href=\"https:\/\/www.leparisien.fr\/elections\/municipales\/municipales-2026-un-sondage-donne-jean-michel-aulas-largement-vainqueur-a-lyon-avec-des-ecologistes-en-grande-difficulte-14-10-2025-32NEYH5AMZH7XGOPY6SVAFVENI.php\" target=\"_blank\" rel=\"noreferrer nofollow noopener\">un sondage paru \u00e0 la mi-octobre<\/a>, Jean-Michel Aulas est donn\u00e9 largement en t\u00eate au 1er tour avec 47\u00a0% des voix, loin devant Gr\u00e9gory Doucet (23\u00a0%) et Ana\u00efs Belouassa-Cherifi (15\u00a0%). Au second tour, l\u2019ancien pr\u00e9sident de l\u2019OL l\u2019emporterait avec 61\u00a0% face au maire sortant. \u00ab\u00a0C\u2019est un \u00e9lectrochoc\u00a0\u00bb, a r\u00e9agi Jean-Charles Kohlhaas, vice-pr\u00e9sident \u00e9cologiste de la m\u00e9tropole de Lyon sur <a href=\"https:\/\/x.com\/actufr_lyon\/status\/1979116227554418722?ref_src=twsrc%5Etfw%7Ctwcamp%5Etweetembed%7Ctwterm%5E1979116227554418722%7Ctwgr%5E%7Ctwcon%5Es1_&amp;ref_url=\" target=\"_blank\" rel=\"noreferrer nofollow\">BFM Lyon<\/a>.<\/p>\n<p><script async src=\"https:\/\/platform.twitter.com\/widgets.js\" charset=\"utf-8\"><\/script><\/p>\n","protected":false},"excerpt":{"rendered":"Une union des gauches de plus en plus significative derri\u00e8re le maire sortant \u00e0 Lyon (Rh\u00f4ne)\u00a0? Dans un&hellip;\n","protected":false},"author":2,"featured_media":16745,"comment_status":"","ping_status":"","sticky":false,"template":"","format":"standard","meta":{"footnotes":""},"categories":[1889],"tags":[1111,11,2430,5949,1777,674,1011,27,2428,3554,12,316,25],"class_list":{"0":"post-493796","1":"post","2":"type-post","3":"status-publish","4":"format-standard","5":"has-post-thumbnail","7":"category-lyon","8":"tag-actu","9":"tag-actualites","10":"tag-auvergne-rhone-alpes","11":"tag-elections","12":"tag-eu","13":"tag-europe","14":"tag-fr","15":"tag-france","16":"tag-lyon","17":"tag-municipales","18":"tag-news","19":"tag-politique","20":"tag-republique-francaise"},"share_on_mastodon":{"url":"https:\/\/pubeurope.com\/@fr\/115447738115031944","error":""},"_links":{"self":[{"href":"https:\/\/www.europesays.com\/fr\/wp-json\/wp\/v2\/posts\/493796","targetHints":{"allow":["GET"]}}],"collection":[{"href":"https:\/\/www.europesays.com\/fr\/wp-json\/wp\/v2\/posts"}],"about":[{"href":"https:\/\/www.europesays.com\/fr\/wp-json\/wp\/v2\/types\/post"}],"author":[{"embeddable":true,"href":"https:\/\/www.europesays.com\/fr\/wp-json\/wp\/v2\/users\/2"}],"replies":[{"embeddable":true,"href":"https:\/\/www.europesays.com\/fr\/wp-json\/wp\/v2\/comments?post=493796"}],"version-history":[{"count":0,"href":"https:\/\/www.europesays.com\/fr\/wp-json\/wp\/v2\/posts\/493796\/revisions"}],"wp:featuredmedia":[{"embeddable":true,"href":"https:\/\/www.europesays.com\/fr\/wp-json\/wp\/v2\/media\/16745"}],"wp:attachment":[{"href":"https:\/\/www.europesays.com\/fr\/wp-json\/wp\/v2\/media?parent=493796"}],"wp:term":[{"taxonomy":"category","embeddable":true,"href":"https:\/\/www.europesays.com\/fr\/wp-json\/wp\/v2\/categories?post=493796"},{"taxonomy":"post_tag","embeddable":true,"href":"https:\/\/www.europesays.com\/fr\/wp-json\/wp\/v2\/tags?post=493796"}],"curies":[{"name":"wp","href":"https:\/\/api.w.org\/{rel}","templated":true}]}}