{"id":493801,"date":"2025-10-27T19:20:18","date_gmt":"2025-10-27T19:20:18","guid":{"rendered":"https:\/\/www.europesays.com\/fr\/493801\/"},"modified":"2025-10-27T19:20:18","modified_gmt":"2025-10-27T19:20:18","slug":"ca-passe-pour-cazaux-muller-et-rinderknech-humbert-forfait","status":"publish","type":"post","link":"https:\/\/www.europesays.com\/fr\/493801\/","title":{"rendered":"\u00e7a passe pour Cazaux, M\u00fcller et Rinderknech, Humbert forfait"},"content":{"rendered":"<p class=\"mb-4 text-lg md:leading-8 break-words\">Arthur Cazaux, Arthur Rinderknech et Alexandre M\u00fcller ont obtenu lundi leur ticket pour le deuxi\u00e8me tour du Masters 1000 de Paris, dans sa nouvelle salle de la D\u00e9fense Arena, alors que le N.1 fran\u00e7ais Ugo Humbert a d\u00e9clar\u00e9 forfait, bless\u00e9 au dos.<\/p>\n<p class=\"mb-4 text-lg md:leading-8 break-words\">&#8211; Cazaux in, Humbert out &#8211;<\/p>\n<p class=\"mb-4 text-lg md:leading-8 break-words\">Il ne fallait pas se louper pour Arthur Cazaux, premier repr\u00e9sentant tricolore \u00e0 fouler le court central de la D\u00e9fense Arena, qui a d\u00e9m\u00e9nag\u00e9 dans l&rsquo;ouest parisien apr\u00e8s 40 ans \u00e0 Bercy.<\/p>\n<p class=\"mb-4 text-lg md:leading-8 break-words\">\u00ab\u00a0Ce n&rsquo;est pas \u00e9vident d&rsquo;\u00eatre le premier \u00e0 inaugurer ce court central, je n&rsquo;avais pas envie d&rsquo;\u00eatre le premier \u00e0 perdre dans le tournoi\u00a0\u00bb, a souri le Fran\u00e7ais de 23 ans, vainqueur 7-6 (7\/5), 7-6 (7\/5) de l&rsquo;Italien Luciano Darderi (27e).<\/p>\n<p class=\"mb-4 text-lg md:leading-8 break-words\">Le 62e joueur mondial, invit\u00e9 par les organisateurs, \u00e9tait men\u00e9 5-2 dans le deuxi\u00e8me set avant de remonter et de conclure une nouvelle fois au tie-break, bien aid\u00e9 par le public.<\/p>\n<p class=\"mb-4 text-lg md:leading-8 break-words\">\u00ab\u00a0Je n&rsquo;avais jamais jou\u00e9 sur un court aussi grand. Il y avait une super ambiance, m\u00eame si ce n&rsquo;\u00e9tait pas complet. Quand il y aura encore plus de monde cette semaine, \u00e7a va \u00eatre quelque chose\u00a0\u00bb, a expliqu\u00e9 Cazaux.<\/p>\n<p class=\"mb-4 text-lg md:leading-8 break-words\">Il affrontera au prochain tour l&rsquo;Espagnol Alejandro Davidovich (15e) ou le Fran\u00e7ais Valentin Royer (59e), rep\u00each\u00e9 apr\u00e8s le forfait d&rsquo;Ugo Humbert.<\/p>\n<p class=\"mb-4 text-lg md:leading-8 break-words\">Le N.1 fran\u00e7ais, finaliste sortant du tournoi, souffre d&rsquo;une blessure au dos contract\u00e9e la semaine derni\u00e8re au tournoi de B\u00e2le, o\u00f9 il avait d\u00fb abandonner en demi-finales.<\/p>\n<p class=\"mb-4 text-lg md:leading-8 break-words\">\u00ab\u00a0Je suis triste d\u2019annoncer que je ne vais pas pouvoir participer au tournoi cette ann\u00e9e. A la suite de mon retrait \u00e0 B\u00e2le o\u00f9 j\u2019ai ressenti des douleurs au dos, il est pr\u00e9f\u00e9rable pour moi de privil\u00e9gier le repos\u00a0\u00bb, souligne le Fran\u00e7ais, cit\u00e9 dans un communiqu\u00e9 de la F\u00e9d\u00e9ration fran\u00e7aise de tennis.<\/p>\n<p class=\"mb-4 text-lg md:leading-8 break-words\">Le Messin de 27 ans, finaliste du tournoi ATP 250 de Stokcholm (dur indoor) ce mois-ci, est g\u00ean\u00e9 par des douleurs au dos depuis qu&rsquo;il se l&rsquo;est bloqu\u00e9 \u00e0 l&rsquo;entra\u00eenement en juillet.<\/p>\n<p class=\"mb-4 text-lg md:leading-8 break-words\">&#8211; Rinderknech attend son cousin &#8211;<\/p>\n<p class=\"mb-4 text-lg md:leading-8 break-words\">Arthur Rinderknech (29e), finaliste il y a deux semaines du Masters 1000 de Shanghai et deuxi\u00e8me Tricolore \u00e0 fouler le nouveau Central face au Hongrois Fabian Marozsan (48e), a eu du mal \u00e0 mettre la machine en route.<\/p>\n<p class=\"mb-4 text-lg md:leading-8 break-words\">\u00ab\u00a0C&rsquo;\u00e9tait mon premier match en indoor, donc je n&rsquo;avais pas forc\u00e9ment tous les rep\u00e8res. Il a tr\u00e8s bien jou\u00e9. Gr\u00e2ce au public, les deux tie-break tournent dans mon sens. Et \u00e7a, c&rsquo;est important\u00a0\u00bb, a r\u00e9sum\u00e9 le Fran\u00e7ais de 30 ans, lui aussi invit\u00e9 par la FFT.<\/p>\n<p class=\"mb-4 text-lg md:leading-8 break-words\">Men\u00e9 5 jeux \u00e0 2 dans la premi\u00e8re manche, il a repouss\u00e9 une balle de set sur son service \u00e0 5-6 avant de d\u00e9crocher la premi\u00e8re manche au tie-break, sous les yeux de son cousin Valentin Vacherot, face \u00e0 qui il s&rsquo;\u00e9tait inclin\u00e9 lors d&rsquo;une finale improbable \u00e0 Shanghai.<\/p>\n<p class=\"mb-4 text-lg md:leading-8 break-words\">Le Hongrois accrochera Rinderknech jusqu&rsquo;au tie-break du deuxi\u00e8me set, avant de c\u00e9der trois points faciles et d&rsquo;offrir la victoire \u00e0 Rinderknech 7-6 (7\/5), 7-6 (7\/4). <\/p>\n<p class=\"mb-4 text-lg md:leading-8 break-words\">Au prochain tour, le N.2 fran\u00e7ais pourrait retrouver Vacherot (40e) ou le Tch\u00e8que Jiri Lehecka (18e). Ira-t-il voir son cousin avant la revanche ?<\/p>\n<p class=\"mb-4 text-lg md:leading-8 break-words\">\u00ab\u00a0J&rsquo;aurais bien aim\u00e9, mais j&rsquo;ai le double avec Giovanni (Mpetshi Perricard) \u00e0 pr\u00e9parer\u00a0\u00bb, a esquiv\u00e9 Rinderknech.<\/p>\n<p class=\"mb-4 text-lg md:leading-8 break-words\">Sur le court N.1, Alexandre M\u00fcller (44e) a \u00e9cart\u00e9 6-2, 7-5 l&rsquo;Am\u00e9ricain Brandon Nakashima (33e) en 1H30, port\u00e9 par des spectateurs bruyants, dont les cris et les tambours r\u00e9sonnaient jusqu&rsquo;au court central. <\/p>\n<p class=\"mb-4 text-lg md:leading-8 break-words\">L&rsquo;aventure s&rsquo;arr\u00eate en revanche d&rsquo;entr\u00e9e pour Terence Atmane (69e), demi-finaliste au Masters 1000 de Cincinnati (Etats-Unis) cet \u00e9t\u00e9, battu en trois sets 6-4, 2-6, 6-4 par l&rsquo;Australien Aleksandar Vukic (103e).<\/p>\n<p class=\"mb-4 text-lg md:leading-8 break-words\">Dernier Fran\u00e7ais engag\u00e9 lundi soir, Giovanni Mpetshi Perricard (56e) affronte depuis 19H00 le Bulgare Grigor Dimitrov (38e), de retour plus de trois mois et demi apr\u00e8s sa blessure au pectoral en huiti\u00e8me de finale de Wimbledon.<\/p>\n<p class=\"mb-4 text-lg md:leading-8 break-words\">aco\/bm<\/p>\n","protected":false},"excerpt":{"rendered":"Arthur Cazaux, Arthur Rinderknech et Alexandre M\u00fcller ont obtenu lundi leur ticket pour le deuxi\u00e8me tour du Masters&hellip;\n","protected":false},"author":2,"featured_media":493802,"comment_status":"","ping_status":"","sticky":false,"template":"","format":"standard","meta":{"footnotes":""},"categories":[1888],"tags":[1111,1928,11,1927,29536,32066,1777,674,3795,1011,27,24558,4177,12,1926,626,1925,25,6602],"class_list":{"0":"post-493801","1":"post","2":"type-post","3":"status-publish","4":"format-standard","5":"has-post-thumbnail","7":"category-paris","8":"tag-actu","9":"tag-actu-paris","10":"tag-actualites","11":"tag-actualites-paris","12":"tag-arthur-cazaux","13":"tag-arthur-rinderknech","14":"tag-eu","15":"tag-europe","16":"tag-federation-francaise-de-tennis","17":"tag-fr","18":"tag-france","19":"tag-le-francais","20":"tag-masters-1000","21":"tag-news","22":"tag-news-paris","23":"tag-paris","24":"tag-paris-news","25":"tag-republique-francaise","26":"tag-ugo-humbert"},"share_on_mastodon":{"url":"https:\/\/pubeurope.com\/@fr\/115447753806209935","error":""},"_links":{"self":[{"href":"https:\/\/www.europesays.com\/fr\/wp-json\/wp\/v2\/posts\/493801","targetHints":{"allow":["GET"]}}],"collection":[{"href":"https:\/\/www.europesays.com\/fr\/wp-json\/wp\/v2\/posts"}],"about":[{"href":"https:\/\/www.europesays.com\/fr\/wp-json\/wp\/v2\/types\/post"}],"author":[{"embeddable":true,"href":"https:\/\/www.europesays.com\/fr\/wp-json\/wp\/v2\/users\/2"}],"replies":[{"embeddable":true,"href":"https:\/\/www.europesays.com\/fr\/wp-json\/wp\/v2\/comments?post=493801"}],"version-history":[{"count":0,"href":"https:\/\/www.europesays.com\/fr\/wp-json\/wp\/v2\/posts\/493801\/revisions"}],"wp:featuredmedia":[{"embeddable":true,"href":"https:\/\/www.europesays.com\/fr\/wp-json\/wp\/v2\/media\/493802"}],"wp:attachment":[{"href":"https:\/\/www.europesays.com\/fr\/wp-json\/wp\/v2\/media?parent=493801"}],"wp:term":[{"taxonomy":"category","embeddable":true,"href":"https:\/\/www.europesays.com\/fr\/wp-json\/wp\/v2\/categories?post=493801"},{"taxonomy":"post_tag","embeddable":true,"href":"https:\/\/www.europesays.com\/fr\/wp-json\/wp\/v2\/tags?post=493801"}],"curies":[{"name":"wp","href":"https:\/\/api.w.org\/{rel}","templated":true}]}}