{"id":493803,"date":"2025-10-27T19:22:28","date_gmt":"2025-10-27T19:22:28","guid":{"rendered":"https:\/\/www.europesays.com\/fr\/493803\/"},"modified":"2025-10-27T19:22:28","modified_gmt":"2025-10-27T19:22:28","slug":"municipales-a-paris-entre-rachida-dati-et-pierre-yves-bournazel-les-macronistes-se-dechirent","status":"publish","type":"post","link":"https:\/\/www.europesays.com\/fr\/493803\/","title":{"rendered":"Municipales \u00e0 Paris\u00a0: entre Rachida Dati et Pierre-Yves Bournazel, les macronistes se d\u00e9chirent"},"content":{"rendered":"<p class=\"paragraph text_align_left lp-f-body-02\">Qui conna\u00eet <a href=\"https:\/\/www.leparisien.fr\/politique\/rachida-dati\/\" target=\"_blank\" rel=\"noreferrer nofollow noopener\">Rachida Dati<\/a> sait parfaitement que l\u2019adage \u00ab qui s\u2019y frotte, s\u2019y pique \u00bb lui sied bien. <a href=\"https:\/\/www.leparisien.fr\/elections\/municipales\/municipales-paris\/\" target=\"_blank\" rel=\"noreferrer nofollow noopener\">Dans la course \u00e0 la mairie de Paris<\/a>, dont elle aspire prendre la t\u00eate, la ministre de la Culture ne compte pas se faire doubler. Alors quand elle a appris que Renaissance allait, mardi soir, investir <a href=\"https:\/\/www.leparisien.fr\/elections\/municipales\/municipales-a-paris-renaissance-soriente-vers-un-soutien-a-pierre-yves-bournazel-plutot-qua-rachida-dati-21-10-2025-TSTVA3LKY5BPBK2NCDTRDZGP6Q.php\" target=\"_blank\" rel=\"noreferrer nofollow noopener\">son rival Pierre-Yves Bournazel<\/a> (Horizons), la maire du VIIe arrondissement de la capitale a organis\u00e9 la riposte.<\/p>\n<p class=\"paragraph text_align_left lp-f-body-02\">D\u00e8s le lendemain matin, elle s\u2019affichera aux c\u00f4t\u00e9s de deux t\u00e9nors macronistes parisiens, Benjamin Haddad (ministre de l\u2019Europe) et Sylvain Maillard (patron de Renaissance 75) afin de d\u00e9montrer qu\u2019elle peut rassembler. Quasiment \u00e0 la m\u00eame heure, un d\u00e9placement commun entre <a href=\"https:\/\/www.leparisien.fr\/politique\/gabriel-attal\/\" target=\"_blank\" rel=\"noreferrer nofollow noopener\">Gabriel Attal<\/a> et Pierre-Yves Bournazel est envisag\u00e9, juste apr\u00e8s la publication d\u2019une tribune de soutien au proche <a href=\"https:\/\/www.leparisien.fr\/politique\/edouard-philippe\/\" target=\"_blank\" rel=\"noreferrer nofollow noopener\">d\u2019\u00c9douard Philippe<\/a>, sign\u00e9e par une quarantaine de cadres du camp pr\u00e9sidentiel.<\/p>\n","protected":false},"excerpt":{"rendered":"Qui conna\u00eet Rachida Dati sait parfaitement que l\u2019adage \u00ab qui s\u2019y frotte, s\u2019y pique \u00bb lui sied bien.&hellip;\n","protected":false},"author":2,"featured_media":493804,"comment_status":"","ping_status":"","sticky":false,"template":"","format":"standard","meta":{"footnotes":""},"categories":[1888],"tags":[11,5949,1777,674,1011,27,3554,12,626,316,25],"class_list":{"0":"post-493803","1":"post","2":"type-post","3":"status-publish","4":"format-standard","5":"has-post-thumbnail","7":"category-paris","8":"tag-actualites","9":"tag-elections","10":"tag-eu","11":"tag-europe","12":"tag-fr","13":"tag-france","14":"tag-municipales","15":"tag-news","16":"tag-paris","17":"tag-politique","18":"tag-republique-francaise"},"share_on_mastodon":{"url":"https:\/\/pubeurope.com\/@fr\/115447761728099407","error":""},"_links":{"self":[{"href":"https:\/\/www.europesays.com\/fr\/wp-json\/wp\/v2\/posts\/493803","targetHints":{"allow":["GET"]}}],"collection":[{"href":"https:\/\/www.europesays.com\/fr\/wp-json\/wp\/v2\/posts"}],"about":[{"href":"https:\/\/www.europesays.com\/fr\/wp-json\/wp\/v2\/types\/post"}],"author":[{"embeddable":true,"href":"https:\/\/www.europesays.com\/fr\/wp-json\/wp\/v2\/users\/2"}],"replies":[{"embeddable":true,"href":"https:\/\/www.europesays.com\/fr\/wp-json\/wp\/v2\/comments?post=493803"}],"version-history":[{"count":0,"href":"https:\/\/www.europesays.com\/fr\/wp-json\/wp\/v2\/posts\/493803\/revisions"}],"wp:featuredmedia":[{"embeddable":true,"href":"https:\/\/www.europesays.com\/fr\/wp-json\/wp\/v2\/media\/493804"}],"wp:attachment":[{"href":"https:\/\/www.europesays.com\/fr\/wp-json\/wp\/v2\/media?parent=493803"}],"wp:term":[{"taxonomy":"category","embeddable":true,"href":"https:\/\/www.europesays.com\/fr\/wp-json\/wp\/v2\/categories?post=493803"},{"taxonomy":"post_tag","embeddable":true,"href":"https:\/\/www.europesays.com\/fr\/wp-json\/wp\/v2\/tags?post=493803"}],"curies":[{"name":"wp","href":"https:\/\/api.w.org\/{rel}","templated":true}]}}