{"id":493805,"date":"2025-10-27T19:24:24","date_gmt":"2025-10-27T19:24:24","guid":{"rendered":"https:\/\/www.europesays.com\/fr\/493805\/"},"modified":"2025-10-27T19:24:24","modified_gmt":"2025-10-27T19:24:24","slug":"ca-passe-pour-muller-atmane-sarrete-la","status":"publish","type":"post","link":"https:\/\/www.europesays.com\/fr\/493805\/","title":{"rendered":"\u00e7a passe pour M\u00fcller, Atmane s\u2019arr\u00eate l\u00e0"},"content":{"rendered":"<p>\n    Ce lundi, Alexandre M\u00fcller a \u00e9cart\u00e9 Nakashima au premier tour du Rolex Paris Masters. Terence Atmane a, lui, perdu face \u00e0 Vukic.<\/p>\n<p class=\"fig-paragraph\">Les Bleus (quasi tous) en forme.\u00a0<a href=\"http:\/\/www.lefigaro.fr\/sports\/tennis\/rolex-paris-masters-je-n-avais-pas-envie-d-etre-le-premier-a-perdre-dans-la-nouvelle-salle-lache-arthur-cazaux-20251027\" target=\"_blank\" data-fig-type=\"NewsFlash\" rel=\"noopener\" data-gtm-custom-categorie=\"navigation\" data-gtm-custom-action=\"crossclick\" data-gtm-custom-label=\"Contextuel\" data-gtm-event=\"customEventSPE\" data-fig-domain=\"LEFIGARO\">Arthur Cazaux<\/a>,\u00a0<a href=\"http:\/\/www.lefigaro.fr\/sports\/tennis\/rolex-paris-masters-la-balle-est-entre-ses-mains-confie-rinderknech-a-propos-d-un-2e-tour-face-a-son-cousin-vacherot-20251027\" target=\"_blank\" data-fig-type=\"NewsFlash\" rel=\"noopener\" data-gtm-custom-categorie=\"navigation\" data-gtm-custom-action=\"crossclick\" data-gtm-custom-label=\"Contextuel\" data-gtm-event=\"customEventSPE\" data-fig-domain=\"LEFIGARO\">Arthur Rinderknech<\/a>\u00a0et Alexandre M\u00fcller ont obtenu lundi leur ticket pour le deuxi\u00e8me tour du Masters 1000 de Paris, dans\u00a0<a href=\"http:\/\/www.lefigaro.fr\/medias\/rolex-paris-masters-a-paris-la-defense-arena-comment-l-ex-bercy-s-est-vu-ravir-l-emblematique-tournoi-de-tennis-20251014\" target=\"_blank\" data-fig-type=\"Article\" rel=\"noopener\" data-gtm-custom-categorie=\"navigation\" data-gtm-custom-action=\"crossclick\" data-gtm-custom-label=\"Contextuel\" data-gtm-event=\"customEventSPE\" data-fig-domain=\"LEFIGARO\">sa nouvelle salle de la D\u00e9fense Arena<\/a>, alors que le N.1 fran\u00e7ais\u00a0<a href=\"http:\/\/www.lefigaro.fr\/sports\/tennis\/rolex-paris-masters-finaliste-l-an-passe-ugo-humbert-declare-forfait-20251027\" target=\"_blank\" data-fig-type=\"NewsFlash\" rel=\"noopener\" data-gtm-custom-categorie=\"navigation\" data-gtm-custom-action=\"crossclick\" data-gtm-custom-label=\"Contextuel\" data-gtm-event=\"customEventSPE\" data-fig-domain=\"LEFIGARO\">Ugo Humbert<\/a>\u00a0a d\u00e9clar\u00e9 forfait, bless\u00e9 au dos.<\/p>\n<p class=\"fig-paragraph\">Sur le court N.1, Alexandre M\u00fcller (44e) a \u00e9cart\u00e9 6-2, 7-5 l&rsquo;Am\u00e9ricain Brandon Nakashima (33e) en 1H30, port\u00e9 par des spectateurs bruyants, dont les cris et les tambours r\u00e9sonnaient jusqu&rsquo;au court central.<\/p>\n<p>                                    <a class=\"fig-a11y-skip a11y-hidden\" href=\"#fig-a11y-skip-main-inarticle\"><br \/>\n        Passer la publicit\u00e9<br \/>\n    <\/a><\/p>\n<p class=\"fig-paragraph\">L&rsquo;aventure s&rsquo;arr\u00eate en revanche d&rsquo;entr\u00e9e pour Terence Atmane (69e), demi-finaliste au Masters 1000 de Cincinnati (Etats-Unis) cet \u00e9t\u00e9, battu en trois sets 6-4, 2-6, 6-4 par l&rsquo;Australien Aleksandar Vukic (103e).<\/p>\n<p class=\"fig-paragraph\">Dernier Fran\u00e7ais engag\u00e9 lundi soir, Giovanni Mpetshi Perricard (56e) affronte depuis 19H00 le Bulgare Grigor Dimitrov (38e), de retour plus de trois mois et demi apr\u00e8s sa blessure au pectoral en huiti\u00e8me de finale de Wimbledon.<\/p>\n","protected":false},"excerpt":{"rendered":"Ce lundi, Alexandre M\u00fcller a \u00e9cart\u00e9 Nakashima au premier tour du Rolex Paris Masters. Terence Atmane a, lui,&hellip;\n","protected":false},"author":2,"featured_media":493806,"comment_status":"","ping_status":"","sticky":false,"template":"","format":"standard","meta":{"footnotes":""},"categories":[1888],"tags":[11,4169,1777,674,1011,27,6431,12,626,25],"class_list":{"0":"post-493805","1":"post","2":"type-post","3":"status-publish","4":"format-standard","5":"has-post-thumbnail","7":"category-paris","8":"tag-actualites","9":"tag-atp","10":"tag-eu","11":"tag-europe","12":"tag-fr","13":"tag-france","14":"tag-masters-atp","15":"tag-news","16":"tag-paris","17":"tag-republique-francaise"},"share_on_mastodon":{"url":"https:\/\/pubeurope.com\/@fr\/115447769565218128","error":""},"_links":{"self":[{"href":"https:\/\/www.europesays.com\/fr\/wp-json\/wp\/v2\/posts\/493805","targetHints":{"allow":["GET"]}}],"collection":[{"href":"https:\/\/www.europesays.com\/fr\/wp-json\/wp\/v2\/posts"}],"about":[{"href":"https:\/\/www.europesays.com\/fr\/wp-json\/wp\/v2\/types\/post"}],"author":[{"embeddable":true,"href":"https:\/\/www.europesays.com\/fr\/wp-json\/wp\/v2\/users\/2"}],"replies":[{"embeddable":true,"href":"https:\/\/www.europesays.com\/fr\/wp-json\/wp\/v2\/comments?post=493805"}],"version-history":[{"count":0,"href":"https:\/\/www.europesays.com\/fr\/wp-json\/wp\/v2\/posts\/493805\/revisions"}],"wp:featuredmedia":[{"embeddable":true,"href":"https:\/\/www.europesays.com\/fr\/wp-json\/wp\/v2\/media\/493806"}],"wp:attachment":[{"href":"https:\/\/www.europesays.com\/fr\/wp-json\/wp\/v2\/media?parent=493805"}],"wp:term":[{"taxonomy":"category","embeddable":true,"href":"https:\/\/www.europesays.com\/fr\/wp-json\/wp\/v2\/categories?post=493805"},{"taxonomy":"post_tag","embeddable":true,"href":"https:\/\/www.europesays.com\/fr\/wp-json\/wp\/v2\/tags?post=493805"}],"curies":[{"name":"wp","href":"https:\/\/api.w.org\/{rel}","templated":true}]}}