{"id":493811,"date":"2025-10-27T19:29:15","date_gmt":"2025-10-27T19:29:15","guid":{"rendered":"https:\/\/www.europesays.com\/fr\/493811\/"},"modified":"2025-10-27T19:29:15","modified_gmt":"2025-10-27T19:29:15","slug":"vers-un-consensus-entre-la-chine-et-les-etats-unis","status":"publish","type":"post","link":"https:\/\/www.europesays.com\/fr\/493811\/","title":{"rendered":"vers un \u00ab\u00a0consensus\u00a0\u00bb entre la Chine et les \u00c9tats-Unis\u00a0?"},"content":{"rendered":"<p>Le ministre chinois des Affaires \u00e9trang\u00e8res Wang Yi a d\u00e9clar\u00e9 ce lundi qu&rsquo;un \u00ab consensus \u00bb avait \u00e9t\u00e9 atteint avec les \u00c9tats-Unis pour r\u00e9gler les diff\u00e9rends commerciaux, selon un compte rendu d&rsquo;un \u00e9change t\u00e9l\u00e9phonique avec le secr\u00e9taire d&rsquo;\u00c9tat am\u00e9ricain publi\u00e9 par un m\u00e9dia officiel. \u00ab Par le biais des pourparlers \u00e9conomiques et commerciaux de Kuala Lumpur, les deux parties ont [&#8230;] atteint un consensus cadre sur la r\u00e9solution \u00e9quitable des questions \u00e9conomiques et commerciales \u00bb, a d\u00e9clar\u00e9 Wang Yi \u00e0 Marco Rubio, selon la cha\u00eene \u00e9tatique CCTV.<\/p>\n<p>Les n\u00e9gociateurs des deux pays travaillent \u00e0 finaliser les d\u00e9tails d&rsquo;un accord sur les droits de douane et d&rsquo;autres questions commerciales \u00e9pineuses avant une r\u00e9union attendue jeudi entre <a href=\"https:\/\/www.ledauphine.com\/p\/donald-trump\" target=\"_blank\" rel=\"nofollow noopener\">Donald Trump<\/a> et <a href=\"https:\/\/www.ledauphine.com\/p\/xi-jinping\" target=\"_blank\" rel=\"nofollow noopener\">Xi Jinping<\/a>. Le pr\u00e9sident am\u00e9ricain s&rsquo;est lui aussi montr\u00e9 r\u00e9solument optimiste avant sa rencontre cruciale jeudi avec le pr\u00e9sident chinois Xi Jinping, cens\u00e9e r\u00e9soudre le diff\u00e9rend commercial avec la Chine. \u00ab Nous aurons une tr\u00e8s bonne conversation \u00bb avec Xi Jinping, a pr\u00e9dit le pr\u00e9sident am\u00e9ricain, pendant un \u00e9change avec la presse \u00e0 bord de son avion. \u00ab Je pense que nous allons trouver un accord \u00bb commercial, a-t-il ajout\u00e9, en vantant sa relation empreinte de \u00ab respect \u00bb avec le pr\u00e9sident chinois.<\/p>\n<p>  Une relation complexe<\/p>\n<p>Le principal dossier douanier encore ouvert, dont l&rsquo;enjeu d\u00e9passe les deux protagonistes pour englober toute l&rsquo;\u00e9conomie mondiale, est la Chine. L&rsquo;ancien promoteur immobilier new-yorkais s&rsquo;est jur\u00e9 de r\u00e9duire le colossal d\u00e9ficit commercial des \u00c9tats-Unis face au g\u00e9ant asiatique, mais il bute sur la complexit\u00e9 d&rsquo;une relation \u00e9conomique faite de rivalit\u00e9 autant que d&rsquo;interd\u00e9pendance.<\/p>\n<p>Washington se veut optimiste sur la possibilit\u00e9 de trouver des compromis jeudi sur deux dossiers sensibles, d&rsquo;une part l&rsquo;acc\u00e8s des Etats-Unis aux terres rares chinoises, ces mat\u00e9riaux indispensables aux industries technologiques, d&rsquo;autre part l&rsquo;achat par la Chine de soja am\u00e9ricain.<\/p>\n","protected":false},"excerpt":{"rendered":"Le ministre chinois des Affaires \u00e9trang\u00e8res Wang Yi a d\u00e9clar\u00e9 ce lundi qu&rsquo;un \u00ab consensus \u00bb avait \u00e9t\u00e9&hellip;\n","protected":false},"author":2,"featured_media":493812,"comment_status":"","ping_status":"","sticky":false,"template":"","format":"standard","meta":{"footnotes":""},"categories":[1589],"tags":[11,4406,33,73,1866,107,329,12,316,1864,1865,1863,308],"class_list":{"0":"post-493811","1":"post","2":"type-post","3":"status-publish","4":"format-standard","5":"has-post-thumbnail","7":"category-etats-unis","8":"tag-actualites","9":"tag-commerce-et-services","10":"tag-economie","11":"tag-etats-unis","12":"tag-etats-unis-damerique","13":"tag-fil-info","14":"tag-france-monde","15":"tag-news","16":"tag-politique","17":"tag-united-states","18":"tag-united-states-of-america","19":"tag-us","20":"tag-usa"},"share_on_mastodon":{"url":"https:\/\/pubeurope.com\/@fr\/115447789590746752","error":""},"_links":{"self":[{"href":"https:\/\/www.europesays.com\/fr\/wp-json\/wp\/v2\/posts\/493811","targetHints":{"allow":["GET"]}}],"collection":[{"href":"https:\/\/www.europesays.com\/fr\/wp-json\/wp\/v2\/posts"}],"about":[{"href":"https:\/\/www.europesays.com\/fr\/wp-json\/wp\/v2\/types\/post"}],"author":[{"embeddable":true,"href":"https:\/\/www.europesays.com\/fr\/wp-json\/wp\/v2\/users\/2"}],"replies":[{"embeddable":true,"href":"https:\/\/www.europesays.com\/fr\/wp-json\/wp\/v2\/comments?post=493811"}],"version-history":[{"count":0,"href":"https:\/\/www.europesays.com\/fr\/wp-json\/wp\/v2\/posts\/493811\/revisions"}],"wp:featuredmedia":[{"embeddable":true,"href":"https:\/\/www.europesays.com\/fr\/wp-json\/wp\/v2\/media\/493812"}],"wp:attachment":[{"href":"https:\/\/www.europesays.com\/fr\/wp-json\/wp\/v2\/media?parent=493811"}],"wp:term":[{"taxonomy":"category","embeddable":true,"href":"https:\/\/www.europesays.com\/fr\/wp-json\/wp\/v2\/categories?post=493811"},{"taxonomy":"post_tag","embeddable":true,"href":"https:\/\/www.europesays.com\/fr\/wp-json\/wp\/v2\/tags?post=493811"}],"curies":[{"name":"wp","href":"https:\/\/api.w.org\/{rel}","templated":true}]}}