{"id":493813,"date":"2025-10-27T19:30:20","date_gmt":"2025-10-27T19:30:20","guid":{"rendered":"https:\/\/www.europesays.com\/fr\/493813\/"},"modified":"2025-10-27T19:30:20","modified_gmt":"2025-10-27T19:30:20","slug":"le-royaume-uni-qualifie-laccord-sur-les-avions-eurofighter-avec-la-turkiye-de-victoire-pour-la-securite-de-lotan","status":"publish","type":"post","link":"https:\/\/www.europesays.com\/fr\/493813\/","title":{"rendered":"Le Royaume-Uni qualifie l\u2019accord sur les avions Eurofighter avec la T\u00fcrkiye de \u00ab\u00a0victoire pour la s\u00e9curit\u00e9 de l\u2019OTAN\u00a0\u00bb"},"content":{"rendered":"<p>AA \/ Londres &#8211; Istanbul \/ Aysu Bicer et Serdar Dincel<\/p>\n<p>\u200b\u200b\u200b\u200b\u200b\u200b\u200b<\/p>\n<p>Le Premier ministre britannique Keir Starmer a affirm\u00e9 lundi que l\u2019accord conclu entre le Royaume-Uni et la T\u00fcrkiye sur les avions de chasse Eurofighter constitue \u00ab une victoire pour la s\u00e9curit\u00e9 de l\u2019OTAN \u00bb.<\/p>\n<p>Selon un communiqu\u00e9 du gouvernement britannique, Starmer a salu\u00e9 \u00ab un accord historique avec la T\u00fcrkiye, b\u00e9n\u00e9fique \u00e0 la fois pour les travailleurs britanniques, pour l\u2019industrie nationale de d\u00e9fense et pour la s\u00e9curit\u00e9 collective de l\u2019Alliance \u00bb.<\/p>\n<p>Lors d\u2019une conf\u00e9rence de presse conjointe avec le pr\u00e9sident turc Recep Tayyip Erdogan, le chef du gouvernement britannique a soulign\u00e9 que cet accord \u00ab approfondira et renforcera la s\u00e9curit\u00e9 de l\u2019OTAN tout en consolidant la coop\u00e9ration bilat\u00e9rale dans l\u2019industrie de d\u00e9fense \u00bb.<\/p>\n<p>\u00ab Aux deux extr\u00e9mit\u00e9s de l\u2019Europe, le Royaume-Uni et la T\u00fcrkiye jouent un r\u00f4le essentiel face aux d\u00e9fis de notre \u00e9poque. Cet accord permettra \u00e0 nos forces arm\u00e9es de travailler encore plus \u00e9troitement pour dissuader les menaces et prot\u00e9ger nos int\u00e9r\u00eats nationaux \u00bb, a-t-il ajout\u00e9.<\/p>\n<p>Le ministre britannique de la D\u00e9fense, John Healey, qui accompagnait Starmer \u00e0 Ankara, a \u00e9galement d\u00e9clar\u00e9 que \u00ab la T\u00fcrkiye est un alli\u00e9 cl\u00e9 de l\u2019OTAN et le gardien de la mer Noire \u00bb.<\/p>\n<p>\u00ab En les dotant des chasseurs Typhoon les plus performants, cet accord renforcera la capacit\u00e9 de dissuasion de l\u2019OTAN et contribuera \u00e0 la s\u00e9curit\u00e9 de tous \u00bb, a-t-il pr\u00e9cis\u00e9.<\/p>\n<p>Le gouvernement britannique a qualifi\u00e9 cet accord de \u00ab plus important contrat d\u2019exportation de chasseurs de toute une g\u00e9n\u00e9ration \u00bb.<\/p>\n<p>Il a ajout\u00e9 que cette coop\u00e9ration permettra de soutenir pr\u00e8s de 20 000 emplois au Royaume-Uni, notamment dans les usines de \u00c9dimbourg, Warton, Samlesbury et Bristol.<\/p>\n<p>Ces d\u00e9clarations interviennent dans le cadre de la visite officielle de Keir Starmer en T\u00fcrkiye, au cours de laquelle il a tenu un entretien en t\u00eate-\u00e0-t\u00eate avec le pr\u00e9sident Erdogan, avant de copr\u00e9sider une r\u00e9union inter-d\u00e9l\u00e9gations.<\/p>\n<p>* Traduit<\/p>\n<p>                            &#13;<br \/>\n                                <a href=\"https:\/\/www.aa.com.tr\/fr\/p\/abonnement\/1001\" target=\"_blank\" style=\"font-size:12px; color:#444; text-decoration:none;\" rel=\"noopener\">&#13;<br \/>\n                                    Seulement une partie des d\u00e9p\u00eaches, que l&rsquo;Agence Anadolu diffuse \u00e0 ses abonn\u00e9s via le Syst\u00e8me de Diffusion interne (HAS), est diffus\u00e9e sur le site de l&rsquo;AA, de mani\u00e8re r\u00e9sum\u00e9e. <b style=\"color:#1897F7\">Contactez-nous s&rsquo;il vous pla\u00eet pour vous abonner.<\/b>&#13;<br \/>\n                                <\/a>&#13;<\/p>\n","protected":false},"excerpt":{"rendered":"AA \/ Londres &#8211; Istanbul \/ Aysu Bicer et Serdar Dincel \u200b\u200b\u200b\u200b\u200b\u200b\u200b Le Premier ministre britannique Keir Starmer&hellip;\n","protected":false},"author":2,"featured_media":493814,"comment_status":"","ping_status":"","sticky":false,"template":"","format":"standard","meta":{"footnotes":""},"categories":[1588],"tags":[11,1785,1777,61631,674,61633,61632,12,473,1853,1906,1851,1850,1852],"class_list":{"0":"post-493813","1":"post","2":"type-post","3":"status-publish","4":"format-standard","5":"has-post-thumbnail","7":"category-royaume-uni","8":"tag-actualites","9":"tag-anadolu-ajansi","10":"tag-eu","11":"tag-eurofighter-typhoon","12":"tag-europe","13":"tag-lorganisation-du-trait-de-latlantique-nord-otan","14":"tag-le-premier-ministre-britannique-keir-starmer","15":"tag-news","16":"tag-royaume-uni","17":"tag-royaume-uni-de-grande-bretagne-et-dirlande-du-nord","18":"tag-trkiye","19":"tag-uk","20":"tag-united-kingdom","21":"tag-united-kingdom-of-great-britain-and-northern-ireland"},"share_on_mastodon":{"url":"https:\/\/pubeurope.com\/@fr\/115447793233914032","error":""},"_links":{"self":[{"href":"https:\/\/www.europesays.com\/fr\/wp-json\/wp\/v2\/posts\/493813","targetHints":{"allow":["GET"]}}],"collection":[{"href":"https:\/\/www.europesays.com\/fr\/wp-json\/wp\/v2\/posts"}],"about":[{"href":"https:\/\/www.europesays.com\/fr\/wp-json\/wp\/v2\/types\/post"}],"author":[{"embeddable":true,"href":"https:\/\/www.europesays.com\/fr\/wp-json\/wp\/v2\/users\/2"}],"replies":[{"embeddable":true,"href":"https:\/\/www.europesays.com\/fr\/wp-json\/wp\/v2\/comments?post=493813"}],"version-history":[{"count":0,"href":"https:\/\/www.europesays.com\/fr\/wp-json\/wp\/v2\/posts\/493813\/revisions"}],"wp:featuredmedia":[{"embeddable":true,"href":"https:\/\/www.europesays.com\/fr\/wp-json\/wp\/v2\/media\/493814"}],"wp:attachment":[{"href":"https:\/\/www.europesays.com\/fr\/wp-json\/wp\/v2\/media?parent=493813"}],"wp:term":[{"taxonomy":"category","embeddable":true,"href":"https:\/\/www.europesays.com\/fr\/wp-json\/wp\/v2\/categories?post=493813"},{"taxonomy":"post_tag","embeddable":true,"href":"https:\/\/www.europesays.com\/fr\/wp-json\/wp\/v2\/tags?post=493813"}],"curies":[{"name":"wp","href":"https:\/\/api.w.org\/{rel}","templated":true}]}}