{"id":493827,"date":"2025-10-27T19:38:16","date_gmt":"2025-10-27T19:38:16","guid":{"rendered":"https:\/\/www.europesays.com\/fr\/493827\/"},"modified":"2025-10-27T19:38:16","modified_gmt":"2025-10-27T19:38:16","slug":"puygouzon-brille-au-premier-tour-de-la-coupe-de-france-de-volley-ball","status":"publish","type":"post","link":"https:\/\/www.europesays.com\/fr\/493827\/","title":{"rendered":"Puygouzon brille au premier tour de la Coupe de France de volley-ball"},"content":{"rendered":"<p>\n                                                                    l&rsquo;essentiel<br \/>\n                                                                Les \u00e9quipes du PUC 81 signent de belles performances et d\u00e9crochent leurs qualifications.\n                            <\/p>\n<p>Les M15 filles ont d\u00e9croch\u00e9 leur qualification gr\u00e2ce \u00e0 une victoire 2\/0 contre le club albigeois (VBA) malgr\u00e9 une courte d\u00e9faite 2\/1 face \u00e0 Castelnaudary. Les M15 gar\u00e7ons se sont aussi qualifi\u00e9s apr\u00e8s une victoire 2\/0 contre le VBA et une d\u00e9faite 2\/0 contre Castelnaudary.<\/p>\n<p>Les M18 gar\u00e7ons victoire 2\/0 sur les deux matchs (VBA et Aurillac). Un premier match remport\u00e9 2\/0. Malgr\u00e9 quelques relances approximatives, cela n\u2019a pas entach\u00e9 l\u2019\u00e9tat d\u2019esprit du groupe combatif, qui a respect\u00e9 la hi\u00e9rarchie. Le second match s\u2019annon\u00e7ait plus difficile face \u00e0 Aurillac, mais c\u2019est sans compter sur le s\u00e9rieux des titulaires, le respect des consignes et la coh\u00e9sion collective du groupe, qui permettent aux coachs d\u2019offrir du temps de jeu \u00e0 tout le monde et de l\u2019emporter 2\/0 avec une certaine s\u00e9r\u00e9nit\u00e9.<\/p>\n<p>Les M18 filles sont qualifi\u00e9es apr\u00e8s deux victoires 2\/0 contre Castres Massaguel (CMVB) et Tarascon. Les filles ont montr\u00e9 ce qu\u2019est une vraie \u00e9quipe solidaire, concentr\u00e9e et combative du d\u00e9but \u00e0 la fin. Les M21 gar\u00e7ons sont qualifi\u00e9s apr\u00e8s une victoire 2\/0 contre le VBA et une d\u00e9faite 2\/0 contre le TAC.Les Pucistes entament le premier set avec une bonne stabilit\u00e9 en r\u00e9ception, mais un manque d\u2019agressivit\u00e9 au service. Le premier set en poche, les joueurs se lib\u00e8rent et d\u00e9marrent le deuxi\u00e8me set avec une agressivit\u00e9 retrouv\u00e9e. La qualit\u00e9 au service fait la diff\u00e9rence dans ce second acte, remport\u00e9 25-6.<\/p>\n<p>Le deuxi\u00e8me match s\u2019annonce comme une belle opposition face \u00e0 un club toulousain formateur. Le premier set est serr\u00e9\u00a0: le manque d\u2019automatismes se fait sentir dans le money time, et le set est perdu. 25-23. Qualifi\u00e9, apr\u00e8s le premier tour, on retourne au travail, les coachs sont fiers de leurs troupes.<br \/>\u00a0<\/p>\n","protected":false},"excerpt":{"rendered":"l&rsquo;essentiel Les \u00e9quipes du PUC 81 signent de belles performances et d\u00e9crochent leurs qualifications. Les M15 filles ont&hellip;\n","protected":false},"author":2,"featured_media":493828,"comment_status":"","ping_status":"","sticky":false,"template":"","format":"standard","meta":{"footnotes":""},"categories":[1417],"tags":[1011,27,60,1470,1469],"class_list":{"0":"post-493827","1":"post","2":"type-post","3":"status-publish","4":"format-standard","5":"has-post-thumbnail","7":"category-volley","8":"tag-fr","9":"tag-france","10":"tag-sports","11":"tag-volley","12":"tag-volleyball"},"share_on_mastodon":{"url":"https:\/\/pubeurope.com\/@fr\/115447824625692097","error":""},"_links":{"self":[{"href":"https:\/\/www.europesays.com\/fr\/wp-json\/wp\/v2\/posts\/493827","targetHints":{"allow":["GET"]}}],"collection":[{"href":"https:\/\/www.europesays.com\/fr\/wp-json\/wp\/v2\/posts"}],"about":[{"href":"https:\/\/www.europesays.com\/fr\/wp-json\/wp\/v2\/types\/post"}],"author":[{"embeddable":true,"href":"https:\/\/www.europesays.com\/fr\/wp-json\/wp\/v2\/users\/2"}],"replies":[{"embeddable":true,"href":"https:\/\/www.europesays.com\/fr\/wp-json\/wp\/v2\/comments?post=493827"}],"version-history":[{"count":0,"href":"https:\/\/www.europesays.com\/fr\/wp-json\/wp\/v2\/posts\/493827\/revisions"}],"wp:featuredmedia":[{"embeddable":true,"href":"https:\/\/www.europesays.com\/fr\/wp-json\/wp\/v2\/media\/493828"}],"wp:attachment":[{"href":"https:\/\/www.europesays.com\/fr\/wp-json\/wp\/v2\/media?parent=493827"}],"wp:term":[{"taxonomy":"category","embeddable":true,"href":"https:\/\/www.europesays.com\/fr\/wp-json\/wp\/v2\/categories?post=493827"},{"taxonomy":"post_tag","embeddable":true,"href":"https:\/\/www.europesays.com\/fr\/wp-json\/wp\/v2\/tags?post=493827"}],"curies":[{"name":"wp","href":"https:\/\/api.w.org\/{rel}","templated":true}]}}