{"id":493829,"date":"2025-10-27T19:39:16","date_gmt":"2025-10-27T19:39:16","guid":{"rendered":"https:\/\/www.europesays.com\/fr\/493829\/"},"modified":"2025-10-27T19:39:16","modified_gmt":"2025-10-27T19:39:16","slug":"la-situation-financiere-de-la-ffr-est-bien-meilleure","status":"publish","type":"post","link":"https:\/\/www.europesays.com\/fr\/493829\/","title":{"rendered":"\u00abLa situation financi\u00e8re de la FFR est bien meilleure\u00bb"},"content":{"rendered":"<p>\n    <strong>ENTRETIEN EXCLUSIF &#8211; <\/strong>Le pr\u00e9sident de la F\u00e9d\u00e9ration fran\u00e7aise de rugby, sous la menace du d\u00e9p\u00f4t de bilan en d\u00e9but d\u2019ann\u00e9e, se r\u00e9jouit d\u2019avoir redress\u00e9 les comptes en un temps record.<\/p>\n<p class=\"fig-paragraph\">\u00c9lu pr\u00e9sident de la FFR en juin 2023 apr\u00e8s la d\u00e9mission forc\u00e9e de Bernard Laporte,\u00a0<a href=\"http:\/\/www.lefigaro.fr\/sports\/rugby\/florian-grill-la-societe-se-porterait-mieux-avec-plus-de-rugby-20250225\" target=\"_blank\" data-fig-type=\"NewsFlash\" rel=\"noopener nofollow\" data-gtm-custom-categorie=\"navigation\" data-gtm-custom-action=\"crossclick\" data-gtm-custom-label=\"Contextuel\" data-gtm-event=\"customEventSPE\" data-fig-domain=\"LEFIGARO\">Florian Grill<\/a>\u00a0a \u00e9t\u00e9 r\u00e9\u00e9lu en octobre 2024 pour un mandat de quatre ans. Douze mois plus tard, il fait le point en exclusivit\u00e9 pour Le Figaro.<\/p>\n<p class=\"fig-paragraph\"><strong>LE FIGARO. &#8211; En f\u00e9vrier, dans nos colonnes,\u00a0<\/strong><a href=\"http:\/\/www.lefigaro.fr\/sports\/rugby\/florian-grill-sans-aide-financiere-de-l-etat-la-federation-francaise-de-rugby-deposera-le-bilan-20250225\" data-fig-type=\"NewsFlash\" data-gtm-custom-categorie=\"navigation\" data-gtm-custom-action=\"crossclick\" data-gtm-custom-label=\"Contextuel\" data-gtm-event=\"customEventSPE\" data-fig-domain=\"LEFIGARO\" rel=\"nofollow noopener\" target=\"_blank\"><strong>vous alertiez sur le risque d\u2019un d\u00e9p\u00f4t de bilan de la FFR.<\/strong><\/a> <strong>\u00a0Qu\u2019en est-il huit mois plus tard\u00a0?<\/strong><\/p>\n<p class=\"fig-paragraph\"><strong>FLORIAN GRILL. &#8211; <\/strong>La situation est bien meilleure\u00a0! J\u2019avais l\u2019espoir qu\u2019on redresse la f\u00e9d\u00e9ration en trois ans &#8211;\u00a0il y avait 20\u00a0millions d\u2019euros \u00e0 couvrir\u00a0-, on est bien parti pour la redresser en deux ans. Nous avons r\u00e9ussi toutes les n\u00e9gociations fondamentales\u00a0: celle avec\u00a0<a href=\"http:\/\/www.lefigaro.fr\/sports\/football\/coupe-du-monde\/pourquoi-les-bleus-zappent-le-stade-de-france-pour-le-parc-des-princes-20250909\" target=\"_blank\" data-fig-type=\"NewsFlash\" rel=\"noopener nofollow\" data-gtm-custom-categorie=\"navigation\" data-gtm-custom-action=\"crossclick\" data-gtm-custom-label=\"Contextuel\" data-gtm-event=\"customEventSPE\" data-fig-domain=\"LEFIGARO\">le Stade de France<\/a>\u00a0et celle avec le comit\u00e9 des Six Nations, concernant la r\u00e9partition des revenus. Nous avons r\u00e9ussi \u00e0 augmenter la quote-part qui nous est revers\u00e9e de 16\u00a0% \u00e0 19\u00a0%. Nous performons extraordinairement sur la billetterie, nous avons sign\u00e9 avec une dizaine de nouveaux partenaires. Et nous avons r\u00e9duit les charges. Enfin, j\u2019ai bon espoir\u2026<\/p>\n<p class=\"fig-premium-paywall__infos\">\n        Cet article est r\u00e9serv\u00e9 aux abonn\u00e9s.        Il vous reste 88% \u00e0 d\u00e9couvrir.\n    <\/p>\n<p>                <img  data- alt=\"Le Figaro\" class=\"fig-img--complete fig-img\"\/><\/p>\n<p class=\"fig-premium-paywall__title\">Vous avez envie de lire la suite ?<\/p>\n<p class=\"fig-premium-paywall__subtitle\">D\u00e9bloquez tous les articles imm\u00e9diatement.<\/p>\n<p class=\"fig-premium-paywall__connect\">\n                D\u00e9j\u00e0 abonn\u00e9\u00a0?                <a class=\"fig-premium-paywall__connect-link\" href=\"https:\/\/connect.lefigaro.fr\/login?client=horizon_web&amp;type=main&amp;redirect_uri=https%3A%2F%2Fwww.lefigaro.fr%2Fsports%2Frugby%2Fflorian-grill-la-situation-financiere-de-la-ffr-est-bien-meilleure-20251027\" data-js-gtm=\"{&quot;customCategorie&quot;: &quot;conversion&quot;, &quot;customAction&quot;: &quot;before_Landing_Connexion_paywall_auto&quot;, &quot;customLabel&quot;: &quot;bGVmaWdhcm8uZnJfXzFmMGIxZjI0LTY0OGYtNmRlNi1hMGJlLTk3MTYyZjRhMGNmMl9fQXJ0aWNsZQ==_Florian Grill,\u00a0au &lt;i&gt;Figaro &lt;\/i&gt;: \u00abLa situation financi\u00e8re de la FFR est bien meilleure\u00bb_633&quot;, &quot;customIDSPE&quot;: &quot;bGVmaWdhcm8uZnJfXzFmMGIxZjI0LTY0OGYtNmRlNi1hMGJlLTk3MTYyZjRhMGNmMl9fQXJ0aWNsZQ==&quot;, &quot;event&quot;: &quot;customEventSPE&quot;}\" rel=\"nofollow noopener\" target=\"_blank\"><br \/>\n                    Connectez-vous<br \/>\n                <\/a>\n            <\/p>\n","protected":false},"excerpt":{"rendered":"ENTRETIEN EXCLUSIF &#8211; Le pr\u00e9sident de la F\u00e9d\u00e9ration fran\u00e7aise de rugby, sous la menace du d\u00e9p\u00f4t de bilan&hellip;\n","protected":false},"author":2,"featured_media":493830,"comment_status":"","ping_status":"","sticky":false,"template":"","format":"standard","meta":{"footnotes":""},"categories":[1416],"tags":[13765,27756,1011,27,479,1468,60,513],"class_list":{"0":"post-493829","1":"post","2":"type-post","3":"status-publish","4":"format-standard","5":"has-post-thumbnail","7":"category-rugby","8":"tag-federation-francaise-de-rugby","9":"tag-florian-grill","10":"tag-fr","11":"tag-france","12":"tag-rugby","13":"tag-rugby-football","14":"tag-sports","15":"tag-xv-de-france"},"share_on_mastodon":{"url":"https:\/\/pubeurope.com\/@fr\/115447828644832855","error":""},"_links":{"self":[{"href":"https:\/\/www.europesays.com\/fr\/wp-json\/wp\/v2\/posts\/493829","targetHints":{"allow":["GET"]}}],"collection":[{"href":"https:\/\/www.europesays.com\/fr\/wp-json\/wp\/v2\/posts"}],"about":[{"href":"https:\/\/www.europesays.com\/fr\/wp-json\/wp\/v2\/types\/post"}],"author":[{"embeddable":true,"href":"https:\/\/www.europesays.com\/fr\/wp-json\/wp\/v2\/users\/2"}],"replies":[{"embeddable":true,"href":"https:\/\/www.europesays.com\/fr\/wp-json\/wp\/v2\/comments?post=493829"}],"version-history":[{"count":0,"href":"https:\/\/www.europesays.com\/fr\/wp-json\/wp\/v2\/posts\/493829\/revisions"}],"wp:featuredmedia":[{"embeddable":true,"href":"https:\/\/www.europesays.com\/fr\/wp-json\/wp\/v2\/media\/493830"}],"wp:attachment":[{"href":"https:\/\/www.europesays.com\/fr\/wp-json\/wp\/v2\/media?parent=493829"}],"wp:term":[{"taxonomy":"category","embeddable":true,"href":"https:\/\/www.europesays.com\/fr\/wp-json\/wp\/v2\/categories?post=493829"},{"taxonomy":"post_tag","embeddable":true,"href":"https:\/\/www.europesays.com\/fr\/wp-json\/wp\/v2\/tags?post=493829"}],"curies":[{"name":"wp","href":"https:\/\/api.w.org\/{rel}","templated":true}]}}