{"id":493833,"date":"2025-10-27T19:44:17","date_gmt":"2025-10-27T19:44:17","guid":{"rendered":"https:\/\/www.europesays.com\/fr\/493833\/"},"modified":"2025-10-27T19:44:17","modified_gmt":"2025-10-27T19:44:17","slug":"une-continentale-pour-victor-vidal-actualite","status":"publish","type":"post","link":"https:\/\/www.europesays.com\/fr\/493833\/","title":{"rendered":"Une Continentale pour Victor Vidal &#8211; Actualit\u00e9"},"content":{"rendered":"<p style=\"text-align: justify;\"><strong><a href=\"https:\/\/www.directvelo.com\/coureur\/42917\/victor-vidal\" target=\"_blank\" rel=\"noopener\">Victor Vidal<\/a><\/strong>\u00a0\u00e9voluera dans une \u00e9quipe Continentale en 2026. Le\u00a0soci\u00e9taire du CC \u00c9tupes s\u2019est engag\u00e9 avec les Allemands de <strong><a href=\"https:\/\/www.directvelo.com\/equipe\/1660\/bike-aid\" target=\"_blank\" rel=\"noopener\">Bike Aid<\/a><\/strong>.<\/p>\n<p>Victor Vidal a termin\u00e9 18e du Challenge DirectVelo Amateur. Il a remport\u00e9 en juin le Championnat de Bourgogne-Franche-Comt\u00e9, devant son co\u00e9quipier Victor Jean.<\/p>\n<p>Le coureur de 26 ans s\u2019est aussi class\u00e9 2e du Circuit de la Vall\u00e9e du B\u00e9dat, 4e du Tour de C\u00f4te d&rsquo;Or et du Troph\u00e9e Souvenir Roger Walkowiak (Coupe de France N1), 5e du Tour de Moselle, 6e du Grand Prix de Vougy et du Tour du Charollais, 7e du Championnat de France et d\u2019Annemasse-Bellegarde, ou encore 10e du Circuit de Sa\u00f4ne-et-Loire et du Grand Prix de la Ville de Foug\u00e8res.<\/p>\n<p>Il a termin\u00e9 10e \u00e0 trois reprises en Classe 2, au Grand Prix de Plouay, \u00e0 la Boucle de l&rsquo;Artois et au Tour des 100 Communes.<\/p>\n<p>Avant de rejoindre le CC \u00c9tupes, l\u2019ancien v\u00e9t\u00e9tiste \u00e9voluait en 2023 et 2024 au GSC Blagnac VS 31.<\/p>\n<p>Retrouvez tous les transferts de l&rsquo;intersaison 2025-2026\u00a0<strong><a href=\"https:\/\/www.directvelo.com\/mutations\/2026#pro-conti\" target=\"_blank\" rel=\"noopener\">en cliquant ici<\/a><\/strong>.<\/p>\n","protected":false},"excerpt":{"rendered":"Victor Vidal\u00a0\u00e9voluera dans une \u00e9quipe Continentale en 2026. Le\u00a0soci\u00e9taire du CC \u00c9tupes s\u2019est engag\u00e9 avec les Allemands de&hellip;\n","protected":false},"author":2,"featured_media":493834,"comment_status":"","ping_status":"","sticky":false,"template":"","format":"standard","meta":{"footnotes":""},"categories":[1411],"tags":[834,828,836,829,837,827,83,826,824,823,1154,207,814,817,815,816,822,821,832,211,839,1011,27,820,818,819,835,831,830,833,838,60,212,208,825],"class_list":{"0":"post-493833","1":"post","2":"type-post","3":"status-publish","4":"format-standard","5":"has-post-thumbnail","7":"category-cyclisme","8":"tag-attaque","9":"tag-belgique","10":"tag-braquet","11":"tag-bretagne","12":"tag-chute","13":"tag-competition","14":"tag-coupe-de-france","15":"tag-coureur","16":"tag-course-cyclisme","17":"tag-course-cycliste","18":"tag-cycling","19":"tag-cyclisme","20":"tag-direct","21":"tag-direct-velo","22":"tag-directvelo","23":"tag-directvelo-com","24":"tag-epreuve","25":"tag-epreuve-cycliste","26":"tag-federation-francaise-de-cyclisme","27":"tag-ffc","28":"tag-flandres","29":"tag-fr","30":"tag-france","31":"tag-live","32":"tag-live-course","33":"tag-live-epreuve","34":"tag-peloton","35":"tag-radio-peloton","36":"tag-radio-tour","37":"tag-ravitaillement","38":"tag-relance","39":"tag-sports","40":"tag-uci","41":"tag-velo","42":"tag-velos"},"share_on_mastodon":{"url":"https:\/\/pubeurope.com\/@fr\/115447848314185999","error":""},"_links":{"self":[{"href":"https:\/\/www.europesays.com\/fr\/wp-json\/wp\/v2\/posts\/493833","targetHints":{"allow":["GET"]}}],"collection":[{"href":"https:\/\/www.europesays.com\/fr\/wp-json\/wp\/v2\/posts"}],"about":[{"href":"https:\/\/www.europesays.com\/fr\/wp-json\/wp\/v2\/types\/post"}],"author":[{"embeddable":true,"href":"https:\/\/www.europesays.com\/fr\/wp-json\/wp\/v2\/users\/2"}],"replies":[{"embeddable":true,"href":"https:\/\/www.europesays.com\/fr\/wp-json\/wp\/v2\/comments?post=493833"}],"version-history":[{"count":0,"href":"https:\/\/www.europesays.com\/fr\/wp-json\/wp\/v2\/posts\/493833\/revisions"}],"wp:featuredmedia":[{"embeddable":true,"href":"https:\/\/www.europesays.com\/fr\/wp-json\/wp\/v2\/media\/493834"}],"wp:attachment":[{"href":"https:\/\/www.europesays.com\/fr\/wp-json\/wp\/v2\/media?parent=493833"}],"wp:term":[{"taxonomy":"category","embeddable":true,"href":"https:\/\/www.europesays.com\/fr\/wp-json\/wp\/v2\/categories?post=493833"},{"taxonomy":"post_tag","embeddable":true,"href":"https:\/\/www.europesays.com\/fr\/wp-json\/wp\/v2\/tags?post=493833"}],"curies":[{"name":"wp","href":"https:\/\/api.w.org\/{rel}","templated":true}]}}