{"id":493839,"date":"2025-10-27T19:47:14","date_gmt":"2025-10-27T19:47:14","guid":{"rendered":"https:\/\/www.europesays.com\/fr\/493839\/"},"modified":"2025-10-27T19:47:14","modified_gmt":"2025-10-27T19:47:14","slug":"une-photographe-de-vendee-fait-un-buzz-mondial-grace-a-une-photo-insolite","status":"publish","type":"post","link":"https:\/\/www.europesays.com\/fr\/493839\/","title":{"rendered":"une photographe de Vend\u00e9e fait un buzz mondial gr\u00e2ce \u00e0 une photo insolite"},"content":{"rendered":"<p>            Par<br \/>\n        <strong><br \/>\n            <a href=\"https:\/\/actu.fr\/auteur\/flavien-fritz-actu-fr\" title=\"Consulter tous les articles de Flavien Fritz\" rel=\"nofollow noopener\" target=\"_blank\">Flavien Fritz<\/a><br \/>\n        <\/strong><\/p>\n<p>        Publi\u00e9 le<\/p>\n<p>            27 oct. 2025 \u00e0 18h25        <\/p>\n<p>Gr\u00e2ce \u00e0 une photo publi\u00e9e sur ses r\u00e9seaux sociaux, le Jam FC, club de football de Jard-sur-Mer, Avrill\u00e9e et Moutiers-les-Mauxfaits, fait le buzz sur internet.\u00a0<\/p>\n<p>Plus de 100 000 \u00ab\u00a0likes\u00a0\u00bb<\/p>\n<p class=\" wall-content\">Publi\u00e9e le 14 octobre 2025, la photo culmine \u00e0 148 000 \u00ab\u00a0like\u00a0\u00bb sur Instagram ce lundi 27 octobre 2025.<\/p>\n<p class=\" wall-content\">La raison ? La capture d\u2019\u00e9cran du post a \u00e9t\u00e9 relay\u00e9e sur X par un compte qui a lui aussi recueilli 28 000 \u00ab\u00a0j\u2019aime\u00a0\u00bb.<\/p>\n<p class=\" wall-content\">La photographie met un sc\u00e8ne un joueur du Jam FC qui contr\u00f4le la balle apr\u00e8s l\u2019avoir r\u00e9cup\u00e9r\u00e9 en donnant un coup d\u2019\u00e9paule \u00e0 son adversaire\u2026 qui se retrouve alors <b>dans une position totalement insolite<\/b>.<\/p>\n<p class=\" wall-content\">Le post a m\u00eame fait le tour du monde ! Des commentaires en espagnol, anglais, italien peuvent \u00eatre lus sous la publication. Un joueur de football am\u00e9ricain et un producteur de musique Sud-africain ont m\u00eame comment\u00e9 le post.<\/p>\n<p>    <img   decoding=\"async\" loading=\"lazy\" class=\"size-large\" src=\"https:\/\/www.europesays.com\/fr\/wp-content\/uploads\/2025\/10\/add2a0175ff86d1e2a0175ff806e2av-960x640.jpg\" alt=\"Jam FC\" width=\"960\" height=\"640\"\/><br \/>\n    La photo pr\u00e9c\u00e9dente\u2026 juste avant le drame. \u00a9Katia M\u00e9riotVid\u00e9os : en ce moment sur Actu\u00ab\u00a0Ce sont les joueurs qui m\u2019ont averti\u00a0\u00bb\u00a0<\/p>\n<p class=\" wall-content\">\u00ab\u00a0J\u2019\u00e9tais en mode rafale. L\u2019action est venue vers moi, lutte \u00e9paule contre \u00e9paule et le joueur adverse a \u00e9t\u00e9 bouscul\u00e9\u00a0\u00bb, raconte Katia M\u00e9riot, qui a<b> immortalis\u00e9 ce clich\u00e9<\/b>.\u00a0<\/p>\n<p class=\" wall-content\">Face au buzz que suscite la photo, Katia confie avoir \u00e9t\u00e9 \u00ab\u00a0surprise et heureuse, ce sont les joueurs qui m\u2019ont averti\u00a0\u00bb.<\/p>\n<p>Votre r\u00e9gion, votre actu !<\/p>\n<p>Recevez chaque jour les infos qui comptent pour vous.<\/p>\n<p>\t<a href=\"https:\/\/actu.fr\/newsletter\" class=\"ac-btn ac-btn--corner ac-btn--medium ac-btn--blue800\" rel=\"nofollow noopener\" target=\"_blank\">S&rsquo;incrire<\/a><\/p>\n<p class=\" wall-content\">\u00c0 la base, la photographe faisait \u00ab\u00a0des photos r\u00e9guli\u00e8rement car [m]on fils jouait dans ce club mais il a d\u00e9m\u00e9nag\u00e9, donc maintenant ce sera occasionnellement\u00a0\u00bb.\u00a0<\/p>\n<p class=\" wall-content\">Un beau buzz pour le Jam FC qui compte un peu plus de 2 400 abonn\u00e9s sur ses r\u00e9seaux sociaux.<\/p>\n<p>Instagram de Katia M\u00e9riot : kat.mriot<\/p>\n<p class=\" wall-content\">Personnalisez votre actualit\u00e9 en ajoutant vos villes et m\u00e9dias en favori avec <a href=\"https:\/\/moncompte.actu.fr\" title=\"D\u00e9couvez Mon Actu\" rel=\"nofollow noopener\" data-trk=\"{&quot;cta&quot;:{&quot;action&quot;:&quot;https:\\\/\\\/moncompte.actu.fr&quot;,&quot;category&quot;:&quot;mon compte&quot;,&quot;from&quot;:&quot;article footer&quot;,&quot;name&quot;:&quot;Mon actu&quot;,&quot;type&quot;:&quot;cta&quot;}}\" target=\"_blank\">Mon Actu<\/a>.<\/p>\n","protected":false},"excerpt":{"rendered":"Par Flavien Fritz Publi\u00e9 le 27 oct. 2025 \u00e0 18h25 Gr\u00e2ce \u00e0 une photo publi\u00e9e sur ses r\u00e9seaux&hellip;\n","protected":false},"author":2,"featured_media":493840,"comment_status":"","ping_status":"","sticky":false,"template":"","format":"standard","meta":{"footnotes":""},"categories":[1358],"tags":[1348,1384,1385,1386,58,59,1011,27,1757],"class_list":{"0":"post-493839","1":"post","2":"type-post","3":"status-publish","4":"format-standard","5":"has-post-thumbnail","7":"category-arts-et-design","8":"tag-arts","9":"tag-arts-and-design","10":"tag-arts-et-design","11":"tag-design","12":"tag-divertissement","13":"tag-entertainment","14":"tag-fr","15":"tag-france","16":"tag-insolite"},"share_on_mastodon":{"url":"https:\/\/pubeurope.com\/@fr\/115447860758151587","error":""},"_links":{"self":[{"href":"https:\/\/www.europesays.com\/fr\/wp-json\/wp\/v2\/posts\/493839","targetHints":{"allow":["GET"]}}],"collection":[{"href":"https:\/\/www.europesays.com\/fr\/wp-json\/wp\/v2\/posts"}],"about":[{"href":"https:\/\/www.europesays.com\/fr\/wp-json\/wp\/v2\/types\/post"}],"author":[{"embeddable":true,"href":"https:\/\/www.europesays.com\/fr\/wp-json\/wp\/v2\/users\/2"}],"replies":[{"embeddable":true,"href":"https:\/\/www.europesays.com\/fr\/wp-json\/wp\/v2\/comments?post=493839"}],"version-history":[{"count":0,"href":"https:\/\/www.europesays.com\/fr\/wp-json\/wp\/v2\/posts\/493839\/revisions"}],"wp:featuredmedia":[{"embeddable":true,"href":"https:\/\/www.europesays.com\/fr\/wp-json\/wp\/v2\/media\/493840"}],"wp:attachment":[{"href":"https:\/\/www.europesays.com\/fr\/wp-json\/wp\/v2\/media?parent=493839"}],"wp:term":[{"taxonomy":"category","embeddable":true,"href":"https:\/\/www.europesays.com\/fr\/wp-json\/wp\/v2\/categories?post=493839"},{"taxonomy":"post_tag","embeddable":true,"href":"https:\/\/www.europesays.com\/fr\/wp-json\/wp\/v2\/tags?post=493839"}],"curies":[{"name":"wp","href":"https:\/\/api.w.org\/{rel}","templated":true}]}}