{"id":493841,"date":"2025-10-27T19:49:15","date_gmt":"2025-10-27T19:49:15","guid":{"rendered":"https:\/\/www.europesays.com\/fr\/493841\/"},"modified":"2025-10-27T19:49:15","modified_gmt":"2025-10-27T19:49:15","slug":"cyril-hanouna-garde-sa-liberte-de-ton-dans-tbt9","status":"publish","type":"post","link":"https:\/\/www.europesays.com\/fr\/493841\/","title":{"rendered":"Cyril Hanouna garde sa libert\u00e9 de ton dans \u00abTBT9\u00bb"},"content":{"rendered":"<p>    Cyril Hanouna dans \u00abTBT9\u00bb.<br \/>\n                Capture \u00e9cran<\/p>\n<p>\n    L\u2019animateur de \u00abTout beau tout neuf\u00bb ironise soir apr\u00e8s soir de son transfert de C8 vers la cha\u00eene du groupe M6. S\u2019il s\u2019est engag\u00e9 \u00e0 ne plus \u00eatre au c\u0153ur de pol\u00e9miques, il s\u2019amuse avec de gentilles provocations dirig\u00e9es vers son nouvel employeur.<\/p>\n<p class=\"fig-paragraph\">\u00abVive la libert\u00e9\u00a0!\u00bb, avait scand\u00e9\u00a0<a href=\"http:\/\/tvmag.lefigaro.fr\/programme-tv\/actu-tele\/cyril-hanouna-s-incruste-sur-le-tournage-de-la-roue-de-la-fortune-20251015\" target=\"_blank\" data-fig-type=\"Article\" rel=\"noopener\" data-gtm-custom-categorie=\"navigation\" data-gtm-custom-action=\"crossclick\" data-gtm-custom-label=\"Contextuel\" data-gtm-event=\"customEventSPE\" data-fig-domain=\"TVMAG\"><strong>Cyril Hanouna<\/strong><\/a> \u00a0en mars dernier dans feu \u00abTouche pas \u00e0 mon poste\u00bb. Apr\u00e8s l\u2019arr\u00eat de la cha\u00eene C8, le 28 f\u00e9vrier 2025, l\u2019animateur avait continu\u00e9 de diffuser son \u00e9mission sur le web et sur les box Internet pendant trois semaines. Depuis la rentr\u00e9e, c\u2019est sur W9 qu\u2019il divertit avec \u00abTout beau tout neuf\u00bb. Et m\u00eame si\u00a0<a href=\"http:\/\/tvmag.lefigaro.fr\/programme-tv\/actu-tele\/clauses-dans-le-contrat-ligne-editoriale-les-derniers-details-de-l-arrivee-de-cyril-hanouna-sur-m6-20250415\" target=\"_blank\" data-fig-type=\"Article\" rel=\"noopener\" data-gtm-custom-categorie=\"navigation\" data-gtm-custom-action=\"crossclick\" data-gtm-custom-label=\"Contextuel\" data-gtm-event=\"customEventSPE\" data-fig-domain=\"TVMAG\">lors des n\u00e9gociations,<\/a>\u00a0le groupe M6 a souhait\u00e9 que la ligne \u00e9ditoriale soit \u00abapolitique et sans conflit\u00bb, Cyril Hanouna s\u2019assure r\u00e9guli\u00e8rement d\u2019une forme d\u2019ind\u00e9pendance comme il le prouve une fois de plus ce soir avec humour.<\/p>\n<p class=\"fig-paragraph\">\u00abIl y a un gros film apr\u00e8s\u00bb, annonce comme \u00e0 son habitude Cyril Hanouna d\u00e8s les premi\u00e8res minutes du num\u00e9ro de \u00abTBT9\u00bb de ce lundi 27 octobre. Car avant de proposer le sommaire \u00e0 ses fid\u00e8les t\u00e9l\u00e9spectateurs, la semaine derni\u00e8re le talk-show a battu son record en cumulant 1,95 million de t\u00e9l\u00e9spectateurs sur la derni\u00e8re partie, l\u2019animateur se doit d\u2019assurer un effet d\u2019annonce.<\/p>\n<p>                                    <a class=\"fig-a11y-skip a11y-hidden\" href=\"#fig-a11y-skip-main-inarticle\"><br \/>\n        Passer la publicit\u00e9<br \/>\n    <\/a><\/p>\n<p>\u00abDepuis que je suis sur W9, je ferme ma gueule\u00bb<\/p>\n<p class=\"fig-paragraph\">Donjons et dragons, l\u2019honneur des voleurs avec Chris Pine et\u00a0<a href=\"http:\/\/tvmag.lefigaro.fr\/programme-tv\/actu-tele\/votre-emission-va-etre-une-catastrophe-hugh-grant-joue-franc-jeu-avec-yann-barthes-dans-quotidien-20241121\" target=\"_blank\" data-fig-type=\"Article\" rel=\"noopener\" data-gtm-custom-categorie=\"navigation\" data-gtm-custom-action=\"crossclick\" data-gtm-custom-label=\"Contextuel\" data-gtm-event=\"customEventSPE\" data-fig-domain=\"TVMAG\">Hugh Grant<\/a>\u00a0est propos\u00e9 en prime time sur la cha\u00eene du canal 9 \u00e0 partir de 20h25. \u00abCes films-l\u00e0, d\u2019habitude, je n\u2019aime pas\u00bb, avoue d\u2019embl\u00e9e le trublion du PAF avant d\u2019ironiser sur sa propre d\u00e9claration\u00a0: \u00abMais depuis que je suis sur W9, je ferme ma gueule et je dis que c\u2019est g\u00e9nial\u00bb. Les chroniqueurs qui le connaissent bien s\u2019amusent de la situation.<\/p>\n<p class=\"fig-paragraph\">Le trublion, lui, surench\u00e9rit\u00a0: \u00abOui, je suis une crapule\u00bb. \u00abCela aurait \u00e9t\u00e9 sur une autre cha\u00eene, j\u2019aurais dit \u201cDonjons et dragons, franchement, ce n\u2019est pas fou\u201d. Maintenant, je suis sur W9, donc Donjons et dragons c\u2019est exceptionnel avec une distribution de fou\u00bb, conclut-il.<\/p>\n","protected":false},"excerpt":{"rendered":"Cyril Hanouna dans \u00abTBT9\u00bb. Capture \u00e9cran L\u2019animateur de \u00abTout beau tout neuf\u00bb ironise soir apr\u00e8s soir de son&hellip;\n","protected":false},"author":2,"featured_media":493842,"comment_status":"","ping_status":"","sticky":false,"template":"","format":"standard","meta":{"footnotes":""},"categories":[1356],"tags":[1083,58,59,1011,27,252,1364,2395],"class_list":{"0":"post-493841","1":"post","2":"type-post","3":"status-publish","4":"format-standard","5":"has-post-thumbnail","7":"category-television","8":"tag-cyril-hanouna","9":"tag-divertissement","10":"tag-entertainment","11":"tag-fr","12":"tag-france","13":"tag-television","14":"tag-tv","15":"tag-w9"},"share_on_mastodon":{"url":"https:\/\/pubeurope.com\/@fr\/115447868151456286","error":""},"_links":{"self":[{"href":"https:\/\/www.europesays.com\/fr\/wp-json\/wp\/v2\/posts\/493841","targetHints":{"allow":["GET"]}}],"collection":[{"href":"https:\/\/www.europesays.com\/fr\/wp-json\/wp\/v2\/posts"}],"about":[{"href":"https:\/\/www.europesays.com\/fr\/wp-json\/wp\/v2\/types\/post"}],"author":[{"embeddable":true,"href":"https:\/\/www.europesays.com\/fr\/wp-json\/wp\/v2\/users\/2"}],"replies":[{"embeddable":true,"href":"https:\/\/www.europesays.com\/fr\/wp-json\/wp\/v2\/comments?post=493841"}],"version-history":[{"count":0,"href":"https:\/\/www.europesays.com\/fr\/wp-json\/wp\/v2\/posts\/493841\/revisions"}],"wp:featuredmedia":[{"embeddable":true,"href":"https:\/\/www.europesays.com\/fr\/wp-json\/wp\/v2\/media\/493842"}],"wp:attachment":[{"href":"https:\/\/www.europesays.com\/fr\/wp-json\/wp\/v2\/media?parent=493841"}],"wp:term":[{"taxonomy":"category","embeddable":true,"href":"https:\/\/www.europesays.com\/fr\/wp-json\/wp\/v2\/categories?post=493841"},{"taxonomy":"post_tag","embeddable":true,"href":"https:\/\/www.europesays.com\/fr\/wp-json\/wp\/v2\/tags?post=493841"}],"curies":[{"name":"wp","href":"https:\/\/api.w.org\/{rel}","templated":true}]}}