{"id":493843,"date":"2025-10-27T19:50:16","date_gmt":"2025-10-27T19:50:16","guid":{"rendered":"https:\/\/www.europesays.com\/fr\/493843\/"},"modified":"2025-10-27T19:50:16","modified_gmt":"2025-10-27T19:50:16","slug":"radiohead-reste-soude-malgre-des-avis-divergents-sur-le-boycott-disrael","status":"publish","type":"post","link":"https:\/\/www.europesays.com\/fr\/493843\/","title":{"rendered":"Radiohead reste soud\u00e9 malgr\u00e9 des avis divergents sur le boycott d\u2019Isra\u00ebl"},"content":{"rendered":"<p>Le groupe <a href=\"https:\/\/www.20minutes.fr\/arts-stars\/culture\/4171164-20250904-radiohead-apres-sept-ans-absence-groupe-va-remonter-scene-france\" target=\"_blank\" class=\"c-link c-link--is-underlined\" rel=\"noopener\">Radiohead<\/a> a v\u00e9cu personnellement les divisions qui ont fait l\u2019actualit\u00e9, en dehors d\u2019Isra\u00ebl et des Territoires palestiniens, depuis <a href=\"https:\/\/www.20minutes.fr\/monde\/4177483-20251006-7-octobre-hommage-rendu-mardi-quai-orsay-memoire-51-francais-victimes-hamas\" target=\"_blank\" class=\"c-link c-link--is-underlined\" rel=\"noopener\">l\u2019attaque terroriste du Hamas contre l\u2019Etat h\u00e9breu<\/a> le 7\u00a0octobre 2023. En cause, les pressions re\u00e7ues, notamment par le mouvement de soutien \u00e0 la Palestine, <a href=\"https:\/\/www.20minutes.fr\/arts-stars\/culture\/4181625-20251026-radiohead-chanteur-thom-yorke-concert-israel-absolument-hors-question\" target=\"_blank\" class=\"c-link c-link--is-underlined\" rel=\"noopener\">Boycott, Divestment and Sanctions (BDS)<\/a>, pour qu\u2019ils se \u00ab\u00a0d\u00e9solidarisent de Jonny\u00a0\u00bb Greenwood, leur guitariste.<\/p>\n<p>Son tort\u00a0? Le musicien a grandi dans une famille de confession juive, est mari\u00e9 \u00e0 l\u2019artiste isra\u00e9lienne Sharona Katan et travaille avec des artistes, en dehors de Radiohead, dont certains se trouvent \u00eatre de religion juive. L\u2019une de ses collaborations s\u2019est r\u00e9cemment retrouv\u00e9e <a href=\"https:\/\/www.20minutes.fr\/arts-stars\/culture\/musique\/4152054-20250506-guitariste-radiohead-annule-deux-concerts-cause-menaces-credibles\" target=\"_blank\" class=\"c-link c-link--is-underlined\" rel=\"noopener\">la cible d\u2019un appel au boycott fructueux<\/a>\u00a0: les concerts pr\u00e9vus entre Jonny Greenwood et le musicien isra\u00e9lien Dudu Tassa, qui a jou\u00e9 pour l\u2019IDF en novembre\u00a02023 afin \u00ab\u00a0d\u2019apporter un peu de r\u00e9confort\u00a0\u00bb aux soldats qui \u00ab\u00a0d\u00e9fendent ma famille\u00a0\u00bb, \u00e0 Londres et Bristol ont \u00e9t\u00e9 annul\u00e9s.<\/p>\n<p>\u00ab\u00a0Aucune loyaut\u00e9 ni respect envers leur gouvernement\u00a0\u00bb<\/p>\n<p>\u00ab\u00a0La seule chose dont j\u2019ai honte, c\u2019est d\u2019avoir entra\u00een\u00e9 Thom (Yorke, le leader de Radiohead) et les autres dans ce bordel, mais je n\u2019ai pas honte de travailler avec des musiciens arabes et juifs. Je ne peux pas m\u2019excuser de cela. La gauche cherche des tra\u00eetres, la droite des convertis et c\u2019est d\u00e9primant de constater que nous sommes ce qu\u2019ils peuvent trouver de plus proche\u00a0\u00bb, <a href=\"https:\/\/www.thetimes.com\/article\/db10a711-9843-4627-852c-02d8d43b81c2?shareToken=421835c6924eebbbad31a65b6f7204ba\" rel=\"nofollow noopener\" target=\"_blank\" class=\"c-link c-link--is-underlined\">a d\u00e9clar\u00e9<\/a> Jonny Greenwood dans le Sunday Times.<\/p>\n<p>Le musicien confie \u00e9galement avoir \u00ab\u00a0pass\u00e9 beaucoup de temps\u00a0\u00bb en Isra\u00ebl avec sa famille et avoir particip\u00e9, l\u00e0-bas, <a href=\"https:\/\/www.20minutes.fr\/monde\/israel\/4167370-20250810-conflit-proche-orient-milliers-manifestants-israel-contre-plan-netanyahou-gaza\" target=\"_blank\" class=\"c-link c-link--is-underlined\" rel=\"noopener\">\u00e0 des manifestations<\/a> anti-gouvernementales.<\/p>\n<p>\u00ab\u00a0Je ne peux pas simplement dire \u00ab\u00a0Je ne fais pas de musique avec vous, bande d\u2019enfoir\u00e9s, \u00e0 cause du gouvernement \u00ab\u00a0. \u00c7a n\u2019a aucun sens pour moi. Je n\u2019ai aucune loyaut\u00e9 ni respect envers leur gouvernement, mais j\u2019ai les deux envers les artistes qui sont n\u00e9s l\u00e0-bas\u00a0\u00bb, ajoute-t-il.<\/p>\n<p>L\u2019id\u00e9e d\u2019un boycott d\u2019Isra\u00ebl est en revanche une \u00e9vidence, au regard de <a href=\"https:\/\/www.20minutes.fr\/monde\/israel\/4181617-20251026-gaza-netanyahou-affirme-avoir-besoin-aucun-feu-vert-frapper-ennemis-israel\" target=\"_blank\" class=\"c-link c-link--is-underlined\" rel=\"noopener\">la r\u00e9ponse du gouvernement de Benyamin Netanyahou<\/a> \u00e0 l\u2019attaque du 7-Octobre, pour Thom Yorke. Ce dernier est par ailleurs la cible, depuis\u00a02017, du mouvement BDS, <a href=\"https:\/\/www.20minutes.fr\/arts-stars\/people\/4162628-20250708-roger-waters-dit-independant-gouvernement-britannique\" target=\"_blank\" class=\"c-link c-link--is-underlined\" rel=\"noopener\">appuy\u00e9 par Roger Waters<\/a>, qui l\u2019accuse de rester silencieux face \u00e0 la colonisation des Territoires palestiniens par l\u2019Etat h\u00e9breu. \u00ab\u00a0Je ne voudrais pas \u00eatre \u00e0 moins de 8.000 km du r\u00e9gime Netanyahou. Mais Jonny a des racines l\u00e0-bas. Je comprends donc\u00a0\u00bb, a-t-il r\u00e9pondu alors que Radiohead a annonc\u00e9 une s\u00e9rie de concerts en Europe et au Royaume-Uni.<\/p>\n<p>Un \u00ab\u00a0d\u00e9saccord en toute politesse\u00a0\u00bb<\/p>\n<p>Sa loyaut\u00e9 envers Jonny Greenwood a valu \u00e0 Thom Yorke plusieurs d\u00e9sagr\u00e9ments. Il raconte ainsi s\u2019\u00eatre fait cracher dessus, encore r\u00e9cemment, dans la rue par une personne qui lui a cri\u00e9 dessus \u00ab\u00a0Free Palestine\u00a0\u00bb et lui a d\u00e9clar\u00e9 qu\u2019il \u00e9tait de \u00ab\u00a0son devoir\u00a0\u00bb de se d\u00e9solidariser de son guitariste. Thom Yorke l\u2019assure, on ne le verra pas s\u2019insulter en public avec Jonny Greenwood.<\/p>\n<p>\u00ab\u00a0Les vrais criminels, qui devraient <a href=\"https:\/\/www.20minutes.fr\/monde\/4180131-20251018-guerre-israel-hamas-cpi-rejette-demande-appel-israelienne-contre-mandat-arret-visant-netanyahou\" target=\"_blank\" class=\"c-link c-link--is-underlined\" rel=\"noopener\">compara\u00eetre devant la CPI<\/a> (Cour p\u00e9nale internationale), se moquent de nous qui nous disputons en public et sur les r\u00e9seaux sociaux, tandis qu\u2019eux continuent \u00e0 agir en toute impunit\u00e9, assassinant des gens\u00a0\u00bb, lance-t-il.<\/p>\n<p>M\u00eame s\u2019il respecte la d\u00e9cision du chanteur de ne pas se produire en Isra\u00ebl, Jonny Greenwood \u00e9met un \u00ab\u00a0d\u00e9saccord en toute politesse\u00a0\u00bb et s\u2019en explique. \u00ab\u00a0Le gouvernement est plus \u00e0 m\u00eame d\u2019utiliser un boycott pour dire \u00ab\u00a0Ils nous d\u00e9testent tous, donc nous devrions faire exactement ce que nous voulons\u00a0\u00bb. Ce qui est bien plus dangereux\u00a0\u00bb, a-t-il ajout\u00e9.<\/p>\n<p>Philip Selway, le batteur de Radiohead, r\u00e9sume o\u00f9 ils se situent tous, malgr\u00e9 les pressions ext\u00e9rieures et les d\u00e9saccords internes\u00a0: l\u2019artistique passe en premier. \u00ab\u00a0Ils veulent que nous prenions nos distances avec Jonny, mais cela signifierait la fin du groupe. Jonny a des principes tr\u00e8s forts. Mais c\u2019est \u00e9trange d\u2019\u00eatre ostracis\u00e9s par des artistes avec lesquels nous nous sentions g\u00e9n\u00e9ralement assez proches\u00a0\u00bb, a-t-il d\u00e9clar\u00e9.<\/p>\n","protected":false},"excerpt":{"rendered":"Le groupe Radiohead a v\u00e9cu personnellement les divisions qui ont fait l\u2019actualit\u00e9, en dehors d\u2019Isra\u00ebl et des Territoires&hellip;\n","protected":false},"author":2,"featured_media":493844,"comment_status":"","ping_status":"","sticky":false,"template":"","format":"standard","meta":{"footnotes":""},"categories":[1355],"tags":[3259,58,59,1011,27,3519,664,1361,873,3518,973,45813],"class_list":{"0":"post-493843","1":"post","2":"type-post","3":"status-publish","4":"format-standard","5":"has-post-thumbnail","7":"category-musique","8":"tag-conflit-israelo-palestinien","9":"tag-divertissement","10":"tag-entertainment","11":"tag-fr","12":"tag-france","13":"tag-hamas","14":"tag-israel","15":"tag-music","16":"tag-musique","17":"tag-palestine","18":"tag-people","19":"tag-radiohead"},"share_on_mastodon":{"url":"https:\/\/pubeurope.com\/@fr\/115447871926749649","error":""},"_links":{"self":[{"href":"https:\/\/www.europesays.com\/fr\/wp-json\/wp\/v2\/posts\/493843","targetHints":{"allow":["GET"]}}],"collection":[{"href":"https:\/\/www.europesays.com\/fr\/wp-json\/wp\/v2\/posts"}],"about":[{"href":"https:\/\/www.europesays.com\/fr\/wp-json\/wp\/v2\/types\/post"}],"author":[{"embeddable":true,"href":"https:\/\/www.europesays.com\/fr\/wp-json\/wp\/v2\/users\/2"}],"replies":[{"embeddable":true,"href":"https:\/\/www.europesays.com\/fr\/wp-json\/wp\/v2\/comments?post=493843"}],"version-history":[{"count":0,"href":"https:\/\/www.europesays.com\/fr\/wp-json\/wp\/v2\/posts\/493843\/revisions"}],"wp:featuredmedia":[{"embeddable":true,"href":"https:\/\/www.europesays.com\/fr\/wp-json\/wp\/v2\/media\/493844"}],"wp:attachment":[{"href":"https:\/\/www.europesays.com\/fr\/wp-json\/wp\/v2\/media?parent=493843"}],"wp:term":[{"taxonomy":"category","embeddable":true,"href":"https:\/\/www.europesays.com\/fr\/wp-json\/wp\/v2\/categories?post=493843"},{"taxonomy":"post_tag","embeddable":true,"href":"https:\/\/www.europesays.com\/fr\/wp-json\/wp\/v2\/tags?post=493843"}],"curies":[{"name":"wp","href":"https:\/\/api.w.org\/{rel}","templated":true}]}}