{"id":493851,"date":"2025-10-27T19:54:17","date_gmt":"2025-10-27T19:54:17","guid":{"rendered":"https:\/\/www.europesays.com\/fr\/493851\/"},"modified":"2025-10-27T19:54:17","modified_gmt":"2025-10-27T19:54:17","slug":"un-nouveau-generique-devoile-apres-loubli-dune-candidate-dans-la-premiere-version","status":"publish","type":"post","link":"https:\/\/www.europesays.com\/fr\/493851\/","title":{"rendered":"Un nouveau g\u00e9n\u00e9rique d\u00e9voil\u00e9 apr\u00e8s l\u2019oubli d\u2019une candidate dans la premi\u00e8re version"},"content":{"rendered":"<p>Apr\u00e8s une vague de critiques, le g\u00e9n\u00e9rique de la nouvelle saison de la <a href=\"https:\/\/www.20minutes.fr\/dossier\/star_academy\" class=\"c-link c-link--is-underlined\" target=\"_blank\" rel=\"noopener\">\u00ab\u00a0Star Academy\u00a0\u00bb<\/a> a \u00e9t\u00e9 modifi\u00e9\u00a0ce dimanche. La premi\u00e8re version pr\u00e9sentait une erreur et n\u2019avait globalement pas du tout plu aux <a href=\"https:\/\/www.20minutes.fr\/arts-stars\/television\/\" class=\"c-link c-link--is-underlined\" target=\"_blank\" rel=\"noopener\">t\u00e9l\u00e9spectateurs<\/a>, rapporte le\u00a0<a href=\"https:\/\/www.huffingtonpost.fr\/divertissement\/article\/la-star-academy-change-son-generique-au-bout-d-une-semaine-apres-de-nombreuses-critiques_256436.html\" target=\"_blank\" class=\"c-link c-link--is-underlined\" rel=\"noopener\">HuffPost<\/a>.<\/p>\n<p>Dans un premier temps, les fans du <a href=\"https:\/\/www.20minutes.fr\/dossier\/concours\" class=\"c-link c-link--is-underlined\" target=\"_blank\" rel=\"noopener\">concours<\/a> de <a href=\"https:\/\/www.20minutes.fr\/dossier\/chant\" class=\"c-link c-link--is-underlined\" target=\"_blank\" rel=\"noopener\">chant<\/a> avaient remarqu\u00e9 qu\u2019une <a href=\"https:\/\/www.20minutes.fr\/arts-stars\/television\/4180720-20251021-candidate-star-academy-oubliee-generique-internautes-indignent\" class=\"c-link c-link--is-underlined\" target=\"_blank\" rel=\"noopener\">acad\u00e9micienne manquait au g\u00e9n\u00e9rique<\/a>. En effet, le pr\u00e9nom de L\u00e9ane n\u2019apparaissait pas sur les photos des candidats affich\u00e9es au mur. <a href=\"https:\/\/www.20minutes.fr\/dossier\/tf1\" class=\"c-link c-link--is-underlined\" target=\"_blank\" rel=\"noopener\">TF1<\/a>, la cha\u00eene diffusant le programme, a rapidement expliqu\u00e9 qu\u2019il ne s\u2019agissait que d\u2019un \u00ab\u00a0probl\u00e8me technique\u00a0\u00bb qui aurait supprim\u00e9 la fin du g\u00e9n\u00e9rique lors du montage.<\/p>\n<p class=\"mb-xxl@xs color-ultramarine font-weight-semi-bold@xs font-source-serif-pro heading-s@xs\">L\u2019acc\u00e8s \u00e0 ce contenu a \u00e9t\u00e9 bloqu\u00e9 afin de respecter votre choix de consentement<\/p>\n<p class=\"mb-m@xs text-l@xs\">En cliquant sur\u00ab J\u2019accepte \u00bb, vous acceptez le d\u00e9p\u00f4t de cookies par des services externes et aurez ainsi acc\u00e8s aux contenus de nos partenaires.<\/p>\n<p class=\"mb-xl@xs text-s@xs\">Plus d\u2019informations sur la page<a href=\"https:\/\/www.20minutes.fr\/gestion-cookies\" class=\"mx-xxs@xs color-ultramarine\" target=\"_blank\" rel=\"noopener\">Politique de gestion des cookies<\/a><\/p>\n<p>J\u2019accepteLa deuxi\u00e8me version ne fait pas non plus l\u2019unanimit\u00e9<\/p>\n<p>Ce n\u2019est pas tout\u00a0: sur les <a href=\"https:\/\/www.20minutes.fr\/dossier\/reseaux_sociaux\" class=\"c-link c-link--is-underlined\" target=\"_blank\" rel=\"noopener\">r\u00e9seaux sociaux<\/a>, les t\u00e9l\u00e9spectateurs se sont \u00e9galement plaints d\u2019un g\u00e9n\u00e9rique de mauvaise qualit\u00e9, avec des visuels d\u00e9sagr\u00e9ables \u00e0 regarder et un montage consid\u00e9r\u00e9 comme \u00ab\u00a0amateur\u00a0\u00bb. Interrog\u00e9 sur ces critiques, le patron d\u2019<a href=\"https:\/\/www.20minutes.fr\/dossier\/endemol\" class=\"c-link c-link--is-underlined\" target=\"_blank\" rel=\"noopener\">Endemol<\/a>, qui produit l\u2019\u00e9mission, avait \u00e9mis l\u2019hypoth\u00e8se d\u2019une nouvelle mouture du g\u00e9n\u00e9rique tant controvers\u00e9.<\/p>\n<\/p>\n<p>C\u2019est donc bien ce qui est arriv\u00e9 ce dimanche. Un nouveau g\u00e9n\u00e9rique a \u00e9t\u00e9 propos\u00e9 lors de la Quotidienne aux t\u00e9l\u00e9spectateurs, avec cette fois-ci l\u2019int\u00e9gralit\u00e9 des acad\u00e9miciens film\u00e9s\u00a0dans la cour du ch\u00e2teau de Dammarie-les-Lys, comme s\u2019ils posaient pour une photo de famille. Certains internautes restent cependant insatisfaits. \u00ab\u00a0Il est tout aussi pourri\u00a0\u00bb, a notamment pest\u00e9 l\u2019un d\u2019eux sur X.<\/p>\n","protected":false},"excerpt":{"rendered":"Apr\u00e8s une vague de critiques, le g\u00e9n\u00e9rique de la nouvelle saison de la \u00ab\u00a0Star Academy\u00a0\u00bb a \u00e9t\u00e9 modifi\u00e9\u00a0ce&hellip;\n","protected":false},"author":2,"featured_media":493852,"comment_status":"","ping_status":"","sticky":false,"template":"","format":"standard","meta":{"footnotes":""},"categories":[8],"tags":[58,59,1011,27,938,5095,252,199],"class_list":{"0":"post-493851","1":"post","2":"type-post","3":"status-publish","4":"format-standard","5":"has-post-thumbnail","7":"category-divertissement","8":"tag-divertissement","9":"tag-entertainment","10":"tag-fr","11":"tag-france","12":"tag-reseaux-sociaux","13":"tag-star-academy","14":"tag-television","15":"tag-tf1"},"share_on_mastodon":{"url":"https:\/\/pubeurope.com\/@fr\/115447887955166459","error":""},"_links":{"self":[{"href":"https:\/\/www.europesays.com\/fr\/wp-json\/wp\/v2\/posts\/493851","targetHints":{"allow":["GET"]}}],"collection":[{"href":"https:\/\/www.europesays.com\/fr\/wp-json\/wp\/v2\/posts"}],"about":[{"href":"https:\/\/www.europesays.com\/fr\/wp-json\/wp\/v2\/types\/post"}],"author":[{"embeddable":true,"href":"https:\/\/www.europesays.com\/fr\/wp-json\/wp\/v2\/users\/2"}],"replies":[{"embeddable":true,"href":"https:\/\/www.europesays.com\/fr\/wp-json\/wp\/v2\/comments?post=493851"}],"version-history":[{"count":0,"href":"https:\/\/www.europesays.com\/fr\/wp-json\/wp\/v2\/posts\/493851\/revisions"}],"wp:featuredmedia":[{"embeddable":true,"href":"https:\/\/www.europesays.com\/fr\/wp-json\/wp\/v2\/media\/493852"}],"wp:attachment":[{"href":"https:\/\/www.europesays.com\/fr\/wp-json\/wp\/v2\/media?parent=493851"}],"wp:term":[{"taxonomy":"category","embeddable":true,"href":"https:\/\/www.europesays.com\/fr\/wp-json\/wp\/v2\/categories?post=493851"},{"taxonomy":"post_tag","embeddable":true,"href":"https:\/\/www.europesays.com\/fr\/wp-json\/wp\/v2\/tags?post=493851"}],"curies":[{"name":"wp","href":"https:\/\/api.w.org\/{rel}","templated":true}]}}