{"id":493855,"date":"2025-10-27T19:56:23","date_gmt":"2025-10-27T19:56:23","guid":{"rendered":"https:\/\/www.europesays.com\/fr\/493855\/"},"modified":"2025-10-27T19:56:23","modified_gmt":"2025-10-27T19:56:23","slug":"3-moteurs-et-une-sono-devialet-pour-bien-moins-cher","status":"publish","type":"post","link":"https:\/\/www.europesays.com\/fr\/493855\/","title":{"rendered":"3 moteurs et une sono Devialet pour bien moins cher"},"content":{"rendered":"<p>Quelques mois apr\u00e8s sa pr\u00e9sentation, l\u2019Alpine A390 d\u00e9voile ses tarifs. Cette voiture \u00e9lectrique fran\u00e7aise ultra-performante n\u2019est \u00e9videmment pas donn\u00e9e, mais se positionne plut\u00f4t favorablement dans sa cat\u00e9gorie.<\/p>\n<p><a href=\"https:\/\/images.frandroid.com\/wp-content\/uploads\/2025\/10\/alpine-a390-gts-2.jpg\" target=\"_blank\" class=\"article-content__figure\" rel=\"noopener\"><img fetchpriority=\"high\" decoding=\"async\" loading=\"eager\" width=\"1200\" height=\"799\" src=\"https:\/\/www.europesays.com\/fr\/wp-content\/uploads\/2025\/10\/alpine-a390-gts-2.jpg\" alt=\"\" class=\"wp-image-2845193 wp-image wp-image\"  \/><\/a>Alpine A390 \/\/ Source : Alpine<\/p>\n<p><a href=\"https:\/\/www.frandroid.com\/produits\/alpine\" target=\"_blank\" rel=\"noopener\">Alpine<\/a> continue d\u2019avancer dans son \u00ab\u00a0Dream Garage\u00a0\u00bb 100 % \u00e9lectrique : apr\u00e8s l\u2019<a href=\"https:\/\/www.frandroid.com\/produits\/voitures\/alpine\/2043366-alpine-a290\" target=\"_blank\" rel=\"noopener\">A290<\/a>, version survitamin\u00e9e de la Renault 5 E-Tech et avant sa prochaine A110, voici l\u2019heure de l\u2019<a href=\"https:\/\/www.frandroid.com\/produits\/voitures\/alpine\/2364770-alpine-a390\" target=\"_blank\" rel=\"noopener\">A390<\/a>, son SUV \u00e9lectrique \u2013\u00a0pardon, son sport fastback.<\/p>\n<p class=\"shortcode-container see-more\">\n    Pour aller plus loin<br \/><a href=\"https:\/\/www.frandroid.com\/survoltes\/voitures-electriques\/2625201_on-est-montes-a-bord-de-lalpine-a390-electrique-trois-moteurs-pour-une-puissance-phenomenale\" target=\"_blank\" rel=\"noopener\">On est mont\u00e9s \u00e0 bord de l\u2019Alpine A390 \u00e9lectrique : trois moteurs pour une puissance ph\u00e9nom\u00e9nale<\/a>\n            <\/p>\n<p>D\u00e9voil\u00e9 au Mondial de Paris sous la forme d\u2019un <a href=\"https:\/\/www.frandroid.com\/survoltes\/2364416_on-a-vu-lalpine-a390_%ce%b2-enfin-une-voiture-electrique-francaise-hyper-performante\" target=\"_blank\" rel=\"noopener\">concept-car<\/a> puis aux 70 ans d\u2019Alpine dans sa version de s\u00e9rie, l\u2019A390 d\u00e9voile aujourd\u2019hui ses tarifs dans un <a href=\"https:\/\/media.alpinecars.com\/alpine-a390-le-nouveau-sport-fastback-de-la-marque-disponible-a-la-commande-a-partir-du-4-novembre-2025\/\" target=\"_blank\" rel=\"noopener\">communiqu\u00e9 de presse<\/a>.<\/p>\n<p>\u00c0 partir de 67 500 euros<\/p>\n<p>L\u2019Alpine A390 sera d\u00e9clin\u00e9e en deux versions : la GT, disponible d\u00e8s le lancement, et la GTS, qui arrivera \u00ab\u00a0d\u00e9but 2026\u00a0\u00bb.<\/p>\n<p>                <img decoding=\"async\" width=\"1200\" height=\"446\" loading=\"lazy\" alt=\"Box Octopus\" title=\"Box Octopus\" class=\"is-radiusless placeholder-default wp-image\" src=\"https:\/\/www.europesays.com\/fr\/wp-content\/uploads\/2025\/10\/box-octopus-1200x446.png\" \/>            <\/p>\n<p>\n                    Chargez votre voiture pour 1 \u20ac par jour                <\/p>\n<p class=\"has-text-weight-medium is-size-6 is-line-height-normal\">\n                    Avec son offre Drive Pack, Octopus Energy vous permet de recharger votre voiture \u00e9lectrique de fa\u00e7on illimit\u00e9e \u00e0 votre domicile pour 29,99 \u20ac par mois. Tout est pilot\u00e9 intelligemment depuis l\u2019app Octopus, vous n\u2019avez qu\u2019\u00e0 brancher votre v\u00e9hicule \u00e0 une prise pour en profiter.                <\/p>\n<p>Pour autant, l\u2019A390 GT peut difficilement \u00eatre qualifi\u00e9e de \u00ab\u00a0bas de gamme\u00a0\u00bb, puisqu\u2019elle embarque l\u2019innovation majeure de ce mod\u00e8le : les trois moteurs \u00e9lectriques, dont deux \u00e0 l\u2019arri\u00e8re, permettant d\u2019obtenir une transmission int\u00e9grale et un pilotage ind\u00e9pendant des roues arri\u00e8re.<\/p>\n<p><a href=\"https:\/\/images.frandroid.com\/wp-content\/uploads\/2025\/10\/alpine-a390-gts-1.jpg\" target=\"_blank\" class=\"article-content__figure\" rel=\"noopener\"><img loading=\"lazy\" decoding=\"async\" width=\"1200\" height=\"799\" src=\"https:\/\/www.europesays.com\/fr\/wp-content\/uploads\/2025\/10\/alpine-a390-gts-1-1200x799.jpg\" alt=\"\" class=\"wp-image-2845197 wp-image\"  \/><\/a>Alpine A390 \/\/ Source : Alpine<\/p>\n<p>C\u00f4t\u00e9 chiffres, cette version GT annonce 400 ch et 661 Nm de couple, de quoi passer de 0 \u00e0 100 km\/h en 4,8 s. Sa batterie de 89 kWh utiles permet de parcourir 555 km en une charge selon la norme WLTP. C\u00f4t\u00e9 recharge, le 15-80 % se fait en 29 minutes \u00e0 une puissance max de 150 kW.<\/p>\n<p>La version GTS en met plein la vue. Les moteurs et la batterie sont repris mais la puissance grimpe \u00e0 470 ch, de quoi abaisser le 0 \u00e0 100 km\/h en 3,9 s. La recharge est \u00e9galement un peu plus rapide gr\u00e2ce \u00e0 une puissance en pic port\u00e9e \u00e0 190 kW : comptez \u00ab\u00a0moins de 25 min\u00a0\u00bb pour le 15-80 %.<\/p>\n<p>La pr\u00e9sentation gagne les jantes 21 pouces,  les \u00e9triers de frein rouges, les si\u00e8ges Sabelt ou encore la conduite semi-autonome, tandis que le prix de base passe \u00e0 78 000 euros.<\/p>\n<p>Une concurrence prestigieuse<\/p>\n<p>\u00c9videmment, les 67 500 euros minimum placent l\u2019Alpine A390 dans le haut du panier \u2013 rien d\u2019\u00e9tonnant, vu le positionnement premium de la marque.<\/p>\n<p>Reste \u00e0 savoir \u00e0 qui il va se frotter. Chez Audi, le <a href=\"https:\/\/www.frandroid.com\/produits\/voitures\/audi\/915687-audi-q4-e-tron#js-technical-specs-list\" target=\"_blank\" rel=\"noopener\">Q4 e-tron<\/a> quattro d\u00e9bute \u00e0 65 750 euros, mais sans le pedigree sportif de l\u2019Alpine ; le <a href=\"https:\/\/www.frandroid.com\/produits\/voitures\/audi\/1964282-audi-q6-e-tron-quattro\" target=\"_blank\" rel=\"noopener\">Q6 e-tron<\/a>, lui, demande au minimum 72\u00a0170\u00a0euros. Chez BMW, l\u2019<a href=\"https:\/\/www.frandroid.com\/produits\/voitures\/bmw\/1955080-bmw-ix2\" target=\"_blank\" rel=\"noopener\">iX2 <\/a>xDrive est affich\u00e9 \u00e0 59 300 euros et l\u2019<a href=\"https:\/\/www.frandroid.com\/produits\/voitures\/bmw\/2772253-bmw-ix3-2025\" target=\"_blank\" rel=\"noopener\">iX3<\/a> \u00e0 71\u00a0950\u00a0euros.<\/p>\n<p><a href=\"https:\/\/images.frandroid.com\/wp-content\/uploads\/2025\/10\/alpine-a390-gts.jpg\" target=\"_blank\" class=\"article-content__figure\" rel=\"noopener\"><img loading=\"lazy\" decoding=\"async\" width=\"1200\" height=\"799\" src=\"https:\/\/www.europesays.com\/fr\/wp-content\/uploads\/2025\/10\/alpine-a390-gts-1200x799.jpg\" alt=\"\" class=\"wp-image-2845195 wp-image\"  \/><\/a>Alpine A390 \/\/ Source : Alpine<\/p>\n<p>On peut aussi citer le <a href=\"https:\/\/www.frandroid.com\/produits\/voitures\/cupra\/1785095-cupra-tavascan\" target=\"_blank\" rel=\"noopener\">Cupra Tavascan<\/a> VZ (58 430 euros), sans oublier le <a href=\"https:\/\/www.frandroid.com\/produits\/voitures\/porsche\/1885881-porsche-macan-ev\" target=\"_blank\" rel=\"noopener\">Porsche Macan<\/a>, qui appartient \u00e0 une autre galaxie (d\u00e8s 82\u00a0959\u00a0euros en propulsion, 86 800 euros en 4\u00d74).<\/p>\n<p>Quoi qu\u2019il en soit, il sera possible de commander son Alpine A390 d\u00e8s le 4 novembre 2025 pour les d\u00e9tenteurs d\u2019un pass sp\u00e9cifique et pour le 18 novembre pour les autres. Fabriqu\u00e9s \u00e0 Dieppe, les premiers exemplaires devraient \u00eatre livr\u00e9s dans les premi\u00e8res semaines de 2026.<\/p>\n<p>Envie de retrouver les meilleurs articles de Frandroid sur Google News ? Vous pouvez suivre <strong><a href=\"https:\/\/news.google.com\/publications\/CAAqBggKMICKMDCuyQU?oc=3\" target=\"_blank\" rel=\"noopener null noreferrer\">Frandroid sur Google News<\/a> en un clic.<\/strong><\/p>\n","protected":false},"excerpt":{"rendered":"Quelques mois apr\u00e8s sa pr\u00e9sentation, l\u2019Alpine A390 d\u00e9voile ses tarifs. Cette voiture \u00e9lectrique fran\u00e7aise ultra-performante n\u2019est \u00e9videmment pas&hellip;\n","protected":false},"author":2,"featured_media":493856,"comment_status":"","ping_status":"","sticky":false,"template":"","format":"standard","meta":{"footnotes":""},"categories":[6],"tags":[2674,25856,35,33,34,1011,27],"class_list":{"0":"post-493855","1":"post","2":"type-post","3":"status-publish","4":"format-standard","5":"has-post-thumbnail","7":"category-economie","8":"tag-alpine","9":"tag-alpine-a390","10":"tag-business","11":"tag-economie","12":"tag-economy","13":"tag-fr","14":"tag-france"},"share_on_mastodon":{"url":"https:\/\/pubeurope.com\/@fr\/115447896171796521","error":""},"_links":{"self":[{"href":"https:\/\/www.europesays.com\/fr\/wp-json\/wp\/v2\/posts\/493855","targetHints":{"allow":["GET"]}}],"collection":[{"href":"https:\/\/www.europesays.com\/fr\/wp-json\/wp\/v2\/posts"}],"about":[{"href":"https:\/\/www.europesays.com\/fr\/wp-json\/wp\/v2\/types\/post"}],"author":[{"embeddable":true,"href":"https:\/\/www.europesays.com\/fr\/wp-json\/wp\/v2\/users\/2"}],"replies":[{"embeddable":true,"href":"https:\/\/www.europesays.com\/fr\/wp-json\/wp\/v2\/comments?post=493855"}],"version-history":[{"count":0,"href":"https:\/\/www.europesays.com\/fr\/wp-json\/wp\/v2\/posts\/493855\/revisions"}],"wp:featuredmedia":[{"embeddable":true,"href":"https:\/\/www.europesays.com\/fr\/wp-json\/wp\/v2\/media\/493856"}],"wp:attachment":[{"href":"https:\/\/www.europesays.com\/fr\/wp-json\/wp\/v2\/media?parent=493855"}],"wp:term":[{"taxonomy":"category","embeddable":true,"href":"https:\/\/www.europesays.com\/fr\/wp-json\/wp\/v2\/categories?post=493855"},{"taxonomy":"post_tag","embeddable":true,"href":"https:\/\/www.europesays.com\/fr\/wp-json\/wp\/v2\/tags?post=493855"}],"curies":[{"name":"wp","href":"https:\/\/api.w.org\/{rel}","templated":true}]}}