{"id":493858,"date":"2025-10-27T19:58:13","date_gmt":"2025-10-27T19:58:13","guid":{"rendered":"https:\/\/www.europesays.com\/fr\/493858\/"},"modified":"2025-10-27T19:58:13","modified_gmt":"2025-10-27T19:58:13","slug":"lgv-sud-est-vers-une-normalisation-du-trafic-en-soiree-apres-une-journee-de-perturbations-27-10-2025-a-1945","status":"publish","type":"post","link":"https:\/\/www.europesays.com\/fr\/493858\/","title":{"rendered":"LGV Sud-Est: vers une normalisation du trafic en soir\u00e9e apr\u00e8s une journ\u00e9e de perturbations &#8211; 27\/10\/2025 \u00e0 19:45"},"content":{"rendered":"<p>        <img fetchpriority=\"high\" decoding=\"async\" src=\"https:\/\/www.europesays.com\/fr\/wp-content\/uploads\/2025\/10\/07ee23bc6f7c106668d909cb70b1d4c5-760x506.jpg\" alt=\"Des voyageurs font la queue \u00e0 la gare Saint-Charles \u00e0 Marseille le 27 octobre 2025 pour acheter un autre billet apr\u00e8s de nombreuses annulations de TGV en raison d'un acte de vandalisme au sud de Valence ( AFP \/ MIGUEL MEDINA )\" loading=\"eager\" width=\"760\" height=\"506\" style=\"max-width: 100%!important; height: auto;\"\/><\/p>\n<p class=\"c-image-news__legend\">Des voyageurs font la queue \u00e0 la gare Saint-Charles \u00e0 Marseille le 27 octobre 2025 pour acheter un autre billet apr\u00e8s de nombreuses annulations de TGV en raison d&rsquo;un acte de vandalisme au sud de Valence ( AFP \/ MIGUEL MEDINA )<\/p>\n<p>\n La circulation sur la ligne \u00e0 grande vitesse dans le Sud-Est, qui a perturb\u00e9 les d\u00e9placements d&rsquo;au moins 50.000 voyageurs lundi en raison de probables actes de vandalisme, a repris en fin d&rsquo;apr\u00e8s-midi avant une quasi-normalisation pr\u00e9vue \u00e0 partir de 21h00.\n<\/p>\n<p>\n \u00ab\u00a0Un train circule maintenant de nouveau\u00a0\u00bb, a annonc\u00e9 le ministre des Transports, Philippe Tabarot, vers 17H00 lors d&rsquo;un point presse au Centre national des op\u00e9rations ferroviaires, situ\u00e9 \u00e0 Paris entre la gare du Nord et la gare de l&rsquo;Est.\n<\/p>\n<p>\n Le trafic devrait rester \u00ab\u00a0un peu d\u00e9grad\u00e9\u00a0\u00bb jusqu&rsquo;\u00e0 21H00, avec des trains encore retard\u00e9s ou ralentis, a-t-il ajout\u00e9 en annon\u00e7ant \u00ab\u00a0une circulation \u00e0 peu pr\u00e8s normale \u00e0 partir de 21H00\u00a0\u00bb et une circulation \u00ab\u00a0totalement normale\u00a0\u00bb d\u00e8s mardi matin.\n<\/p>\n<p>\n En plein milieu des vacances scolaires de la Toussaint, les annulations et les retards ayant affect\u00e9 les TGV circulant entre Paris et Marseille, Montpellier ou Nice ont concern\u00e9 \u00ab\u00a0environ 50.000 voyageurs exclusivement TGV Sud-Est\u00a0\u00bb sans compter les \u00ab\u00a0nombreux\u00a0\u00bb usagers des TER dont les trains ont \u00e9t\u00e9 retard\u00e9s, voire supprim\u00e9s, a pr\u00e9cis\u00e9 M. Tabarot.\n<\/p>\n<p>\n \u00ab\u00a0Toutes les personnes qui ont \u00e9t\u00e9 impact\u00e9es seront rembours\u00e9es\u00a0\u00bb par les trois compagnies op\u00e9rant sur cet axe, \u00e0 savoir SNCF Voyageurs, Trenitalia et Renfe, a ajout\u00e9 le ministre lors de ce point presse.\n<\/p>\n<p>\n Lundi, \u00e0 Toulouse ou \u00e0 Paris, les voyageurs recevaient en gare des informations disparates sur la meilleure fa\u00e7on de trouver un autre trajet ou de se faire rembourser, via les applications de voyage, les formulaires de r\u00e9clamations ou par courrier.\n<\/p>\n<p> &#8211; Incendie et vol &#8211;<\/p>\n<p>\n En d\u00e9but d&rsquo;apr\u00e8s-midi, le minist\u00e8re avait estim\u00e9 \u00e0 une centaine le nombre de TGV retard\u00e9s ou supprim\u00e9s  &#8211; partiellement ou totalement &#8211; apr\u00e8s deux incidents ayant port\u00e9 sur des c\u00e2bles ferroviaires dans la nuit de dimanche \u00e0 lundi.\n<\/p>\n<p>\n A l&rsquo;origine de ces probl\u00e8mes de circulation sur la ligne \u00e0 grande vitesse Sud-Est: un incendie vers 04H00 du matin sur des c\u00e2bles de signalisation et de communication, sur la ligne \u00e0 grande vitesse au sud de Valence (Dr\u00f4me).\n<\/p>\n<p>\n Les cons\u00e9quences de cet incendie \u00ab\u00a0probablement criminel\u00a0\u00bb, selon M. Tabarot, ont \u00e9t\u00e9 amplifi\u00e9es par un vol de c\u00e2bles cat\u00e9naires vers 06H30 pr\u00e8s de Boll\u00e8ne (Vaucluse), sur la ligne classique, qui a limit\u00e9 le report des TGV sur cette voie.\n<\/p>\n<p>\n L&rsquo;enqu\u00eate sur cet incendie est entre les mains de la section de recherches de Grenoble, a indiqu\u00e9 la gendarmerie de la Dr\u00f4me \u00e0 l&rsquo;AFP.\n<\/p>\n<p>\n M. Tabarot a pr\u00e9cis\u00e9 qu&rsquo;il serait \u00ab\u00a0tr\u00e8s attentif aux conclusions de l&rsquo;enqu\u00eate\u00a0\u00bb car \u00ab\u00a0on doit r\u00e9gler\u00a0\u00bb la question de la vuln\u00e9rabilit\u00e9 syst\u00e9mique du r\u00e9seau ferr\u00e9 fran\u00e7ais, li\u00e9e \u00e0 sa grande \u00e9tendue puisqu&rsquo;il compte plus de 28.\u202f000 kilom\u00e8tres de voies ferr\u00e9es qu&rsquo;il \u00ab\u00a0est compliqu\u00e9 de pouvoir en permanence (les) s\u00e9curiser\u00a0\u00bb.\n<\/p>\n<p> &#8211; Files d&rsquo;attente &#8211;<\/p>\n<p>\n De la Gare de Lyon, \u00e0 Paris, \u00e0 la gare Saint-Charles \u00e0 Marseille, en passant par Lyon Part-Dieu, de longues files d&rsquo;attente de voyageurs d\u00e9munis s&rsquo;\u00e9taient form\u00e9es dans la matin\u00e9e.\n<\/p>\n<p>\n A Marseille, gare Saint-Charles, plusieurs dizaines de voyageurs ont pris connaissance lundi matin de l&rsquo;annulation de leur train vers Lyon Part Dieu, Nice, Paris, Lille Flandres, ou encore Nancy, en consultant les panneaux d&rsquo;affichage, avait constat\u00e9 un journaliste de l&rsquo;AFP.\n<\/p>\n<p>\n Tout le long du quai jusqu&rsquo;au bureau de la billetterie s&rsquo;\u00e9tendait une longue queue de voyageurs de tous \u00e2ges. \u00ab\u00a0Bienvenue dans la jungle\u00a0\u00bb, lan\u00e7ait en plaisantant un employ\u00e9 SNCF \u00e0 un couple de voyageurs qui arrivaient \u00e0 la gare.\n<\/p>\n<p>\n En gare de Toulouse Matabiau, de longues files d&rsquo;attente s&rsquo;\u00e9taient aussi form\u00e9es d\u00e8s 08H00 du matin devant les guichets ferm\u00e9s en raison des perturbations sur la ligne Toulouse-Lyon.\n<\/p>\n<p>\n Ylona, 21 ans et son amie Victoriana, 22 ans, devaient se rendre \u00e0 S\u00e8te. \u00ab\u00a0Et moi qui voulais arriver t\u00f4t \u00e0 S\u00e8te ce matin pour avoir le temps de me reposer avant de reprendre mon travail demain matin, c&rsquo;est rat\u00e9\u00a0\u00bb, avait not\u00e9 Victoriana.<\/p>\n","protected":false},"excerpt":{"rendered":"Des voyageurs font la queue \u00e0 la gare Saint-Charles \u00e0 Marseille le 27 octobre 2025 pour acheter un&hellip;\n","protected":false},"author":2,"featured_media":493859,"comment_status":"","ping_status":"","sticky":false,"template":"","format":"standard","meta":{"footnotes":""},"categories":[4],"tags":[400,11,398,408,405,1011,27,403,402,399,404,12,25,401,406,407],"class_list":{"0":"post-493858","1":"post","2":"type-post","3":"status-publish","4":"format-standard","5":"has-post-thumbnail","7":"category-france","8":"tag-action-cac-40","9":"tag-actualites","10":"tag-bourse-de-paris","11":"tag-boursorama","12":"tag-cotations","13":"tag-fr","14":"tag-france","15":"tag-indices-devises","16":"tag-investir","17":"tag-investissement","18":"tag-marche-boursier","19":"tag-news","20":"tag-republique-francaise","21":"tag-sicav","22":"tag-trackers","23":"tag-warrants"},"share_on_mastodon":{"url":"https:\/\/pubeurope.com\/@fr\/115447904985193749","error":""},"_links":{"self":[{"href":"https:\/\/www.europesays.com\/fr\/wp-json\/wp\/v2\/posts\/493858","targetHints":{"allow":["GET"]}}],"collection":[{"href":"https:\/\/www.europesays.com\/fr\/wp-json\/wp\/v2\/posts"}],"about":[{"href":"https:\/\/www.europesays.com\/fr\/wp-json\/wp\/v2\/types\/post"}],"author":[{"embeddable":true,"href":"https:\/\/www.europesays.com\/fr\/wp-json\/wp\/v2\/users\/2"}],"replies":[{"embeddable":true,"href":"https:\/\/www.europesays.com\/fr\/wp-json\/wp\/v2\/comments?post=493858"}],"version-history":[{"count":0,"href":"https:\/\/www.europesays.com\/fr\/wp-json\/wp\/v2\/posts\/493858\/revisions"}],"wp:featuredmedia":[{"embeddable":true,"href":"https:\/\/www.europesays.com\/fr\/wp-json\/wp\/v2\/media\/493859"}],"wp:attachment":[{"href":"https:\/\/www.europesays.com\/fr\/wp-json\/wp\/v2\/media?parent=493858"}],"wp:term":[{"taxonomy":"category","embeddable":true,"href":"https:\/\/www.europesays.com\/fr\/wp-json\/wp\/v2\/categories?post=493858"},{"taxonomy":"post_tag","embeddable":true,"href":"https:\/\/www.europesays.com\/fr\/wp-json\/wp\/v2\/tags?post=493858"}],"curies":[{"name":"wp","href":"https:\/\/api.w.org\/{rel}","templated":true}]}}