{"id":493860,"date":"2025-10-27T19:59:14","date_gmt":"2025-10-27T19:59:14","guid":{"rendered":"https:\/\/www.europesays.com\/fr\/493860\/"},"modified":"2025-10-27T19:59:14","modified_gmt":"2025-10-27T19:59:14","slug":"pourquoi-les-medecins-liberaux-sont-ils-fous-de-rage-contre-le-projet-de-budget-de-la-secu-2026","status":"publish","type":"post","link":"https:\/\/www.europesays.com\/fr\/493860\/","title":{"rendered":"Pourquoi les m\u00e9decins lib\u00e9raux sont-ils fous de rage contre le projet de budget de la S\u00e9cu 2026\u00a0?"},"content":{"rendered":"<p>La fronde des <a href=\"https:\/\/www.20minutes.fr\/dossier\/medecin\" target=\"_blank\" class=\"c-link c-link--is-underlined\" rel=\"noopener\">m\u00e9decins<\/a> lib\u00e9raux s\u2019intensifie\u00a0! Alors que l\u2019<a href=\"https:\/\/www.20minutes.fr\/dossier\/assemblee_nationale\" target=\"_blank\" class=\"c-link c-link--is-underlined\" rel=\"noopener\">Assembl\u00e9e nationale<\/a> d\u00e9bute l\u2019examen du projet de loi de financement de la <a href=\"https:\/\/www.20minutes.fr\/dossier\/securite_sociale\" target=\"_blank\" class=\"c-link c-link--is-underlined\" rel=\"noopener\">S\u00e9curit\u00e9 sociale<\/a> (PLFSS), la col\u00e8re monte chez les professionnels de sant\u00e9 lib\u00e9raux. Le syndicat CSMF, l\u2019un des principaux repr\u00e9sentants des m\u00e9decins de ville, alerte sur un texte qui \u00ab\u00a0met en p\u00e9ril\u00a0\u00bb la m\u00e9decine lib\u00e9rale et remettrait en cause un mod\u00e8le d\u00e9j\u00e0 fragilis\u00e9 par des ann\u00e9es de stagnation tarifaire.<\/p>\n<p>Au c\u0153ur du conflit\u00a0: les mesures visant les m\u00e9decins de secteur 2, ceux qui pratiquent les d\u00e9passements d\u2019honoraires. Le <a href=\"https:\/\/www.20minutes.fr\/dossier\/syndicat\" target=\"_blank\" class=\"c-link c-link--is-underlined\" rel=\"noopener\">syndicat<\/a> d\u00e9nonce \u00ab\u00a0une attaque frontale contre la m\u00e9decine lib\u00e9rale\u00a0\u00bb et un \u00ab\u00a0coup violent\u00a0\u00bb port\u00e9 \u00e0 ces praticiens, soumis \u00e0 une nouvelle surcotisation qui \u00ab\u00a0condamne\u00a0\u00bb selon eux l\u2019exercice lib\u00e9ral \u00ab\u00a0\u00e0 l\u2019asphyxie \u00e9conomique\u00a0\u00bb. Le syndicat rappelle que la valeur des actes rembours\u00e9s n\u2019a pas \u00e9t\u00e9 revaloris\u00e9e depuis les ann\u00e9es\u00a01990.<\/p>\n<p>Chirurgiens, anesth\u00e9sistes et obst\u00e9triciens m\u00e9contents<\/p>\n<p>Les critiques portent \u00e9galement sur de potentielles baisses unilat\u00e9rales de tarifs dans certaines sp\u00e9cialit\u00e9s jug\u00e9es rentables (radioth\u00e9rapie, radiologie, n\u00e9phrologie\u2026) ainsi que sur l\u2019obligation de renseigner le dossier m\u00e9dical partag\u00e9 (DMP) sous peine de sanctions. \u00ab\u00a0Au lieu de faire confiance aux m\u00e9decins, on les met sous tutelle et on les menace\u00a0\u00bb, d\u00e9plore la CSMF, voyant dans cette \u00e9volution une rupture du \u00ab\u00a0pacte historique\u00a0\u00bb avec l\u2019<a href=\"https:\/\/www.20minutes.fr\/dossier\/assurance_maladie\" target=\"_blank\" class=\"c-link c-link--is-underlined\" rel=\"noopener\">Assurance maladie<\/a>.<\/p>\n<\/p>\n<p>La contestation d\u00e9passe d\u00e9sormais le seul champ des g\u00e9n\u00e9ralistes. Des chirurgiens, anesth\u00e9sistes et obst\u00e9triciens du syndicat Le Bloc ont fait savoir qu\u2019ils se mettraient en gr\u00e8ve en janvier, avec l\u2019intention de \u00ab\u00a0s\u2019exiler\u00a0\u00bb quelques jours \u00e0 Bruxelles pour \u00e9viter toute r\u00e9quisition. Un mouvement rarissime, illustrant l\u2019ampleur du malaise.<\/p>\n<p>\u00ab\u00a0Une responsabilit\u00e9 \u00e9conomique\u00a0\u00bb<\/p>\n<p>Parall\u00e8lement, plusieurs organisations repr\u00e9sentatives (MG France, FMF, Avenir Sp\u00e9-Le Bloc\u2026) refusent de collecter les franchises m\u00e9dicales et participations forfaitaires, une mission jusqu\u2019ici assur\u00e9e par l\u2019Assurance maladie. Elles estiment que cette mesure serait \u00ab\u00a0susceptible de cr\u00e9er de la d\u00e9fiance et des tensions\u00a0\u00bb avec les patients, en plus d\u2019exiger des \u00ab\u00a0d\u00e9veloppements informatiques co\u00fbteux\u00a0\u00bb.<\/p>\n<p><a href=\"https:\/\/www.20minutes.fr\/dossier\/medecin\" target=\"_blank\" class=\"c-link c-btn c-btn--primary\" rel=\"noopener\">Notre dossier sur les m\u00e9decins<\/a><\/p>\n<p>Si le PLFSS est adopt\u00e9 en l\u2019\u00e9tat, pr\u00e9vient la CSMF, les parlementaires \u00ab\u00a0porteront la responsabilit\u00e9 historique d\u2019avoir tourn\u00e9 la page de la m\u00e9decine de ville telle que nous la connaissons\u00a0\u00bb. Une mise en garde lourde de cons\u00e9quences alors que la p\u00e9nurie de m\u00e9decins g\u00e9n\u00e9ralistes continue de s\u2019aggraver partout en France.<\/p>\n","protected":false},"excerpt":{"rendered":"La fronde des m\u00e9decins lib\u00e9raux s\u2019intensifie\u00a0! Alors que l\u2019Assembl\u00e9e nationale d\u00e9bute l\u2019examen du projet de loi de financement&hellip;\n","protected":false},"author":2,"featured_media":493861,"comment_status":"","ping_status":"","sticky":false,"template":"","format":"standard","meta":{"footnotes":""},"categories":[2],"tags":[47,11,732,1003,1011,27,6339,12,731,104],"class_list":{"0":"post-493860","1":"post","2":"type-post","3":"status-publish","4":"format-standard","5":"has-post-thumbnail","7":"category-actualites","8":"tag-actualite","9":"tag-actualites","10":"tag-assurance-maladie","11":"tag-budget","12":"tag-fr","13":"tag-france","14":"tag-medecin","15":"tag-news","16":"tag-securite-sociale","17":"tag-societe"},"share_on_mastodon":{"url":"https:\/\/pubeurope.com\/@fr\/115447907271710925","error":""},"_links":{"self":[{"href":"https:\/\/www.europesays.com\/fr\/wp-json\/wp\/v2\/posts\/493860","targetHints":{"allow":["GET"]}}],"collection":[{"href":"https:\/\/www.europesays.com\/fr\/wp-json\/wp\/v2\/posts"}],"about":[{"href":"https:\/\/www.europesays.com\/fr\/wp-json\/wp\/v2\/types\/post"}],"author":[{"embeddable":true,"href":"https:\/\/www.europesays.com\/fr\/wp-json\/wp\/v2\/users\/2"}],"replies":[{"embeddable":true,"href":"https:\/\/www.europesays.com\/fr\/wp-json\/wp\/v2\/comments?post=493860"}],"version-history":[{"count":0,"href":"https:\/\/www.europesays.com\/fr\/wp-json\/wp\/v2\/posts\/493860\/revisions"}],"wp:featuredmedia":[{"embeddable":true,"href":"https:\/\/www.europesays.com\/fr\/wp-json\/wp\/v2\/media\/493861"}],"wp:attachment":[{"href":"https:\/\/www.europesays.com\/fr\/wp-json\/wp\/v2\/media?parent=493860"}],"wp:term":[{"taxonomy":"category","embeddable":true,"href":"https:\/\/www.europesays.com\/fr\/wp-json\/wp\/v2\/categories?post=493860"},{"taxonomy":"post_tag","embeddable":true,"href":"https:\/\/www.europesays.com\/fr\/wp-json\/wp\/v2\/tags?post=493860"}],"curies":[{"name":"wp","href":"https:\/\/api.w.org\/{rel}","templated":true}]}}