{"id":493862,"date":"2025-10-27T20:00:14","date_gmt":"2025-10-27T20:00:14","guid":{"rendered":"https:\/\/www.europesays.com\/fr\/493862\/"},"modified":"2025-10-27T20:00:14","modified_gmt":"2025-10-27T20:00:14","slug":"saint-etienne-vingt-kilos-de-drogue-chez-lui-il-avait-ete-condamne-un-mois-plus-tot","status":"publish","type":"post","link":"https:\/\/www.europesays.com\/fr\/493862\/","title":{"rendered":"Saint-\u00c9tienne. Vingt kilos de drogue chez lui il avait \u00e9t\u00e9 condamn\u00e9 un mois plus t\u00f4t\u2026"},"content":{"rendered":"<p>Le pr\u00e9sident du tribunal, interrogatif\u00a0: \u00ab\u00a0Et qu\u2019est-ce que vous avez gagn\u00e9\u00a0?\u00a0\u00bb. Le pr\u00e9venu, sto\u00efque\u00a0: \u00ab\u00a0Rien. J\u2019ai perdu ma libert\u00e9\u2026\u00a0\u00bb.<\/p>\n<p>La justice lui avait pourtant laiss\u00e9 une chance, \u00e0 Xavier Hautemayou. Ce St\u00e9phanois de 46 ans, haute stature et cr\u00e2ne ras\u00e9, a d\u00e9j\u00e0 \u00e9t\u00e9 interpell\u00e9 en septembre pour un trafic de stup\u00e9fiants. Il n\u2019avait pas le sou. Des \u00ab\u00a0personnes rencontr\u00e9es dans la rue\u00a0\u00bb, place du Peuple, lui ont propos\u00e9 de gagner un peu d\u2019argent en convoyant de la drogue. Il accepte, mais est interpell\u00e9 apr\u00e8s un refus d\u2019obtemp\u00e9rer en possession de quelques centaines de grammes de stup\u00e9fiants. Il prend un an avec sursis en septembre\u00a02025, dans le cadre d\u2019une proc\u00e9dure de comparution sur reconnaissance pr\u00e9alable de culpabilit\u00e9 (plaider coupable).<\/p>\n<p>Le curseur du trafic est mont\u00e9 d\u2019un cran<\/p>\n<p>La main \u00e9tait tendue, Hautemayou ne l\u2019a pas saisie. Le 23\u00a0octobre, il tombe de nouveau. Il est cette fois \u00e0 la man\u0153uvre depuis un appartement&#8230;<\/p>\n","protected":false},"excerpt":{"rendered":"Le pr\u00e9sident du tribunal, interrogatif\u00a0: \u00ab\u00a0Et qu\u2019est-ce que vous avez gagn\u00e9\u00a0?\u00a0\u00bb. Le pr\u00e9venu, sto\u00efque\u00a0: \u00ab\u00a0Rien. J\u2019ai perdu ma&hellip;\n","protected":false},"author":2,"featured_media":493863,"comment_status":"","ping_status":"","sticky":false,"template":"","format":"standard","meta":{"footnotes":""},"categories":[9653],"tags":[1111,11,2430,271,272,7539,1777,674,274,107,1011,27,3367,12,25,4001,7538],"class_list":{"0":"post-493862","1":"post","2":"type-post","3":"status-publish","4":"format-standard","5":"has-post-thumbnail","7":"category-saint-etienne","8":"tag-actu","9":"tag-actualites","10":"tag-auvergne-rhone-alpes","11":"tag-crime","12":"tag-delit-et-contravention","13":"tag-edition-loire-sud","14":"tag-eu","15":"tag-europe","16":"tag-faits-divers-justice","17":"tag-fil-info","18":"tag-fr","19":"tag-france","20":"tag-loire","21":"tag-news","22":"tag-republique-francaise","23":"tag-saint-etienne","24":"tag-saint-etienne-ville"},"share_on_mastodon":{"url":"https:\/\/pubeurope.com\/@fr\/115447911209068273","error":""},"_links":{"self":[{"href":"https:\/\/www.europesays.com\/fr\/wp-json\/wp\/v2\/posts\/493862","targetHints":{"allow":["GET"]}}],"collection":[{"href":"https:\/\/www.europesays.com\/fr\/wp-json\/wp\/v2\/posts"}],"about":[{"href":"https:\/\/www.europesays.com\/fr\/wp-json\/wp\/v2\/types\/post"}],"author":[{"embeddable":true,"href":"https:\/\/www.europesays.com\/fr\/wp-json\/wp\/v2\/users\/2"}],"replies":[{"embeddable":true,"href":"https:\/\/www.europesays.com\/fr\/wp-json\/wp\/v2\/comments?post=493862"}],"version-history":[{"count":0,"href":"https:\/\/www.europesays.com\/fr\/wp-json\/wp\/v2\/posts\/493862\/revisions"}],"wp:featuredmedia":[{"embeddable":true,"href":"https:\/\/www.europesays.com\/fr\/wp-json\/wp\/v2\/media\/493863"}],"wp:attachment":[{"href":"https:\/\/www.europesays.com\/fr\/wp-json\/wp\/v2\/media?parent=493862"}],"wp:term":[{"taxonomy":"category","embeddable":true,"href":"https:\/\/www.europesays.com\/fr\/wp-json\/wp\/v2\/categories?post=493862"},{"taxonomy":"post_tag","embeddable":true,"href":"https:\/\/www.europesays.com\/fr\/wp-json\/wp\/v2\/tags?post=493862"}],"curies":[{"name":"wp","href":"https:\/\/api.w.org\/{rel}","templated":true}]}}