{"id":493868,"date":"2025-10-27T20:03:32","date_gmt":"2025-10-27T20:03:32","guid":{"rendered":"https:\/\/www.europesays.com\/fr\/493868\/"},"modified":"2025-10-27T20:03:32","modified_gmt":"2025-10-27T20:03:32","slug":"las-nancy-lorraine-recoit-ce-mardi-bastia-lanterne-rouge-de-ligue-2","status":"publish","type":"post","link":"https:\/\/www.europesays.com\/fr\/493868\/","title":{"rendered":"L&rsquo;AS Nancy Lorraine re\u00e7oit ce mardi Bastia, lanterne rouge de Ligue 2"},"content":{"rendered":"<p>Ce mardi soir, l&rsquo;AS Nancy Lorraine accueille Bastia au Stade Marcel Picot, \u00e0 l&rsquo;occasion de la 12\u00e8me journ\u00e9e de Ligue 2. Un calendrier resserr\u00e9, avec des rencontres qui s&rsquo;encha\u00eenent, mais qui doivent permettre aux Nanc\u00e9iens de reprendre des points au classement. <\/p>\n<p>Un point sur les 4 derni\u00e8res rencontres. C&rsquo;est la s\u00e9rie en cours pour l&rsquo;AS Nancy Lorraine qui va avoir besoin de se relancer ce soir pour le compte de la 12\u00e8me journ\u00e9e de Ligue 2. Les Nanc\u00e9iens, 14\u00e8mes, re\u00e7oivent \u00e0 20h30 ce mardi la lanterne rouge, Bastia, en tr\u00e8s mauvaise position puisque <strong>sans aucune victoire jusque l\u00e0<\/strong>. \u00ab\u00a0Dernier du classement dans ce championnat ne veut pas dire grand-chose\u00a0\u00bb, balaye le coach Pablo Correa.<\/p>\n<p>Aller de l&rsquo;avant<\/p>\n<p>Le technicien ajoute\u00a0: \u00ab\u00a0quand on regarde les r\u00e9sultats, c&rsquo;est assez \u00e9quilibr\u00e9. Je me m\u00e9fie du fait de dire que des \u00e9quipes sont plus en difficult\u00e9 que nous. Eux, ils sont en recherche de r\u00e9sultat, il ne faut pas que \u00e7a soit ici \u00e0 Picot\u00a0\u00bb. Pablo Correa devra n\u00e9anmoins <strong>se passer de plusieurs joueurs<\/strong>\u00a0:\u00a0Elydjah Mendy, suspendu apr\u00e8s son carton rouge \u00e0 Montpellier, Bakari Camara et Zakaria Fdaouch, tous deux bless\u00e9s dans l&rsquo;H\u00e9rault.<\/p>\n<p>Il faut dire que tout le monde tente de <strong>garder confiance<\/strong>, dans cette passe un peu plus complexe pour le club, l&rsquo;attaquant Adrian Dabasse en t\u00eate. \u00ab\u00a0C&rsquo;est plus difficile. L&rsquo;an dernier, m\u00eame quand c&rsquo;\u00e9tait difficile, \u00e7a tournait bon pour nous. Mais on reste confiant, solidaire et donc le groupe est toujours soud\u00e9. Il faut faire en sorte que \u00e7a tourne du bon c\u00f4t\u00e9\u00a0\u00bb, confie-t-il, heureux n\u00e9anmoins de jouer \u00e0 nouveau devant des supporters, apr\u00e8s <a class=\"IciLink ici-link IciArticleLink g-ici-body-regular-1 underline brand svelte-lu7k6w\" href=\"https:\/\/www.francebleu.fr\/sports\/football\/direct-ligue-2-ecoutez-as-nancy-lorraine-amiens-match-a-suivre-en-integralite-sur-ici-lorraine-5897393\" rel=\"nofollow noopener\" target=\"_blank\">la premi\u00e8re contre Amiens<\/a>\u00a0il y a une semaine.<\/p>\n","protected":false},"excerpt":{"rendered":"Ce mardi soir, l&rsquo;AS Nancy Lorraine accueille Bastia au Stade Marcel Picot, \u00e0 l&rsquo;occasion de la 12\u00e8me journ\u00e9e&hellip;\n","protected":false},"author":2,"featured_media":493869,"comment_status":"","ping_status":"","sticky":false,"template":"","format":"standard","meta":{"footnotes":""},"categories":[9635],"tags":[1111,11,1777,674,1011,27,775,1702,12,25],"class_list":{"0":"post-493868","1":"post","2":"type-post","3":"status-publish","4":"format-standard","5":"has-post-thumbnail","7":"category-nancy","8":"tag-actu","9":"tag-actualites","10":"tag-eu","11":"tag-europe","12":"tag-fr","13":"tag-france","14":"tag-grand-est","15":"tag-nancy","16":"tag-news","17":"tag-republique-francaise"},"share_on_mastodon":{"url":"https:\/\/pubeurope.com\/@fr\/115447922872431208","error":""},"_links":{"self":[{"href":"https:\/\/www.europesays.com\/fr\/wp-json\/wp\/v2\/posts\/493868","targetHints":{"allow":["GET"]}}],"collection":[{"href":"https:\/\/www.europesays.com\/fr\/wp-json\/wp\/v2\/posts"}],"about":[{"href":"https:\/\/www.europesays.com\/fr\/wp-json\/wp\/v2\/types\/post"}],"author":[{"embeddable":true,"href":"https:\/\/www.europesays.com\/fr\/wp-json\/wp\/v2\/users\/2"}],"replies":[{"embeddable":true,"href":"https:\/\/www.europesays.com\/fr\/wp-json\/wp\/v2\/comments?post=493868"}],"version-history":[{"count":0,"href":"https:\/\/www.europesays.com\/fr\/wp-json\/wp\/v2\/posts\/493868\/revisions"}],"wp:featuredmedia":[{"embeddable":true,"href":"https:\/\/www.europesays.com\/fr\/wp-json\/wp\/v2\/media\/493869"}],"wp:attachment":[{"href":"https:\/\/www.europesays.com\/fr\/wp-json\/wp\/v2\/media?parent=493868"}],"wp:term":[{"taxonomy":"category","embeddable":true,"href":"https:\/\/www.europesays.com\/fr\/wp-json\/wp\/v2\/categories?post=493868"},{"taxonomy":"post_tag","embeddable":true,"href":"https:\/\/www.europesays.com\/fr\/wp-json\/wp\/v2\/tags?post=493868"}],"curies":[{"name":"wp","href":"https:\/\/api.w.org\/{rel}","templated":true}]}}