{"id":493872,"date":"2025-10-27T20:06:10","date_gmt":"2025-10-27T20:06:10","guid":{"rendered":"https:\/\/www.europesays.com\/fr\/493872\/"},"modified":"2025-10-27T20:06:10","modified_gmt":"2025-10-27T20:06:10","slug":"une-saison-culturelle-2025-2026-vibrante","status":"publish","type":"post","link":"https:\/\/www.europesays.com\/fr\/493872\/","title":{"rendered":"une saison culturelle 2025-2026 vibrante"},"content":{"rendered":"<p>            Par<br \/>\n        <strong><br \/>\n            <a href=\"https:\/\/actu.fr\/auteur\/metropoop\" title=\"Consulter tous les articles de R\u00e9daction M\u00e9tropolitain\" target=\"_blank\" rel=\"noopener\">R\u00e9daction M\u00e9tropolitain<\/a><br \/>\n        <\/strong><\/p>\n<p>        Publi\u00e9 le<\/p>\n<p>            27 oct. 2025 \u00e0 20h23        <\/p>\n<p>Fanny Ardant, Carole Bouquet, th\u00e9\u00e2tre, musique, danse, cirque\u2026 <strong>La saison culturelle 2025-2026<\/strong> du <strong>Kiasma<\/strong>, orchestr\u00e9e par la Ville de <strong>Castelnau-le-Lez<\/strong>, s\u2019annonce audacieuse, vibrante et r\u00e9solument<strong> tourn\u00e9e vers la joie<\/strong>. Une programmation haute en couleurs, qui fait rayonner la cr\u00e9ation dans toute sa diversit\u00e9 artistique et esth\u00e9tique.<\/p>\n<p>Des figures majeures sur sc\u00e8ne<\/p>\n<p class=\" wall-content\">Au c\u0153ur de cette saison : deux immenses artistes. <strong>Fanny Ardant<\/strong> interpr\u00e9tera La Blessure et la Soif, plong\u00e9e passionnelle dans<strong> les arcanes du d\u00e9sir et de l\u2019\u00e2me humaine<\/strong>.<strong> Carole Bouquet<\/strong>, quant \u00e0 elle, bouleversera dans Le Professeur, un texte fort inspir\u00e9 de l\u2019<strong>assassinat de Samuel Paty<\/strong>. Les spectateurs pourront \u00e9galement retrouver<strong> Gr\u00e9gori Baquet<\/strong> dans La Raison du plus fou, <strong>face-\u00e0-face burlesque et philosophique entre Rousseau et Diderot<\/strong>, ainsi que Le Voyage de Monsieur Perrichon, d\u2019Eug\u00e8ne Labiche, ou encore ZZAJ, fabuleuse <strong>\u00e9pop\u00e9e musicale autour du jazz<\/strong>.<\/p>\n<p>Th\u00e9\u00e2tre, humour et grandes \u00e9motions<\/p>\n<p class=\" wall-content\">Avec The Loop, parodie absurde des s\u00e9ries polici\u00e8res, et C\u2019est pas facile d\u2019\u00eatre heureux quand on va mal, les amateurs de com\u00e9die ne seront pas en reste. Le rire, le burlesque et les grandes \u00e9motions se succ\u00e8deront sur la sc\u00e8ne du Kiasma, tout comme la r\u00e9flexion et la po\u00e9sie.<\/p>\n<p>Des spectacles familiaux et des \u00e9chapp\u00e9es hors les murs<\/p>\n<p class=\" wall-content\">Pens\u00e9e pour tous les publics, la saison r\u00e9serve aussi des moments de partage en famille avec Alice au Pays des Merveilles, com\u00e9die musicale flamboyante, ou encore Les C\u0153urs andalous, spectacle transg\u00e9n\u00e9rationnel m\u00ealant flamenco, chant et danse. La <strong>programmation Hors les murs<\/strong> emm\u00e8nera petits et grands vers d\u2019autres formes de r\u00e9cits : cin\u00e9ma, conte, cirque, mime\u2026 Un voyage artistique accessible, itin\u00e9rant et po\u00e9tique.<\/p>\n<p>    <a href=\"https:\/\/www.google.com\/maps\/embed?pb=!1m18!1m12!1m3!1d5775.518457516538!2d3.897773976387042!3d43.632369971103046!2m3!1f0!2f0!3f0!3m2!1i1024!2i768!4f13.1!3m3!1m2!1s0x12b6af5c6aa56803%3A0xca9f482f106c1d02!2sEspace%20le%20Kiasma%20-%20Castelnau!5e0!3m2!1sfr!2sfr!4v1751647614262!5m2!1sfr!2sfr\" title=\"Ouvrie le lien\" target=\"_blank\" rel=\"noopener\">Cliquez ici pour visualiser le contenu<\/a><\/p>\n<p>Vid\u00e9os : en ce moment sur Actu<\/p>\n<p class=\" wall-content\">Le Concert des Rois fera scintiller les op\u00e9rettes viennoises tandis que les expositions rythmeront toute la saison au Kiasma, prolongeant les \u00e9motions au fil des mois. La billetterie <a href=\"http:\/\/www.castelnau-le-lez.fr\" target=\"_blank\" rel=\"noopener\">est ouverte par ici<\/a>. \u00a0<\/p>\n<p>Une saison marqu\u00e9e par les festivals incontournables de Castelnau-le-Lez<\/p>\n<p class=\" wall-content\">Comme chaque ann\u00e9e, les grands festivals de la ville viendront enrichir cette offre culturelle d\u00e9j\u00e0 foisonnante :<br \/>\u2013 Les Dimanches du Th\u00e9\u00e2tre classique avec Moli\u00e8re, Victor Hugo et D\u00fcrrenmatt<br \/>\u2013 Jazz in Lez, dans une ambiance cabaret irr\u00e9sistible<br \/>\u2013 Les Musicales de Castelnau-le-Lez, avec Les Ombres, les musiciens de l\u2019Op\u00e9ra Orchestre National Montpellier et les ch\u0153urs de l\u2019Op\u00e9ra Junior<br \/>\u2013 Sans oublier les Nocturnales de Monplaisir, rendez-vous d\u00e9sormais incontournable de l\u2019\u00e9t\u00e9.\u00a0<\/p>\n<p>Votre r\u00e9gion, votre actu !<\/p>\n<p>Recevez chaque jour les infos qui comptent pour vous.<\/p>\n<p>\t<a href=\"https:\/\/actu.fr\/newsletter\" class=\"ac-btn ac-btn--corner ac-btn--medium ac-btn--blue800\" target=\"_blank\" rel=\"noopener\">S&rsquo;incrire<\/a><br \/>\n<strong>&gt; Pratique :<\/strong> pour en savoir plus et pour prendre ses billets, rendez-vous <a href=\"https:\/\/lekiasma.vostickets.fr\/Billet\/FR\/presentation-LE_KIASMA.wb?REFID=hFoUAAAAAABEAQ\" target=\"_blank\" rel=\"noopener\">par ici pour le Kiasma<\/a>, ou <a href=\"https:\/\/castelnaulelezculture.vostickets.fr\/Billet\/FR\/catalogue-CASTELNAU_LE_LEZ_CULTURE.wb?REFID=bVsUAAAAAABGAQ\" target=\"_blank\" rel=\"noopener\">par l\u00e0 pour l\u2019espace culturel Pierre-Fournel<\/a>.\u00a0<\/p>\n<p class=\" wall-content\">Personnalisez votre actualit\u00e9 en ajoutant vos villes et m\u00e9dias en favori avec <a href=\"https:\/\/moncompte.actu.fr\" title=\"D\u00e9couvez Mon Actu\" rel=\"nofollow noopener\" data-trk=\"{&quot;cta&quot;:{&quot;action&quot;:&quot;https:\\\/\\\/moncompte.actu.fr&quot;,&quot;category&quot;:&quot;mon compte&quot;,&quot;from&quot;:&quot;article footer&quot;,&quot;name&quot;:&quot;Mon actu&quot;,&quot;type&quot;:&quot;cta&quot;}}\" target=\"_blank\">Mon Actu<\/a>.<\/p>\n","protected":false},"excerpt":{"rendered":"Par R\u00e9daction M\u00e9tropolitain Publi\u00e9 le 27 oct. 2025 \u00e0 20h23 Fanny Ardant, Carole Bouquet, th\u00e9\u00e2tre, musique, danse, cirque\u2026&hellip;\n","protected":false},"author":2,"featured_media":493873,"comment_status":"","ping_status":"","sticky":false,"template":"","format":"standard","meta":{"footnotes":""},"categories":[9599],"tags":[1111,11,1777,674,1011,27,1652,2208,12,2680,25,1347],"class_list":{"0":"post-493872","1":"post","2":"type-post","3":"status-publish","4":"format-standard","5":"has-post-thumbnail","7":"category-montpellier","8":"tag-actu","9":"tag-actualites","10":"tag-eu","11":"tag-europe","12":"tag-fr","13":"tag-france","14":"tag-loisirs-culture","15":"tag-montpellier","16":"tag-news","17":"tag-occitanie","18":"tag-republique-francaise","19":"tag-theatre"},"share_on_mastodon":{"url":"https:\/\/pubeurope.com\/@fr\/115447934855062939","error":""},"_links":{"self":[{"href":"https:\/\/www.europesays.com\/fr\/wp-json\/wp\/v2\/posts\/493872","targetHints":{"allow":["GET"]}}],"collection":[{"href":"https:\/\/www.europesays.com\/fr\/wp-json\/wp\/v2\/posts"}],"about":[{"href":"https:\/\/www.europesays.com\/fr\/wp-json\/wp\/v2\/types\/post"}],"author":[{"embeddable":true,"href":"https:\/\/www.europesays.com\/fr\/wp-json\/wp\/v2\/users\/2"}],"replies":[{"embeddable":true,"href":"https:\/\/www.europesays.com\/fr\/wp-json\/wp\/v2\/comments?post=493872"}],"version-history":[{"count":0,"href":"https:\/\/www.europesays.com\/fr\/wp-json\/wp\/v2\/posts\/493872\/revisions"}],"wp:featuredmedia":[{"embeddable":true,"href":"https:\/\/www.europesays.com\/fr\/wp-json\/wp\/v2\/media\/493873"}],"wp:attachment":[{"href":"https:\/\/www.europesays.com\/fr\/wp-json\/wp\/v2\/media?parent=493872"}],"wp:term":[{"taxonomy":"category","embeddable":true,"href":"https:\/\/www.europesays.com\/fr\/wp-json\/wp\/v2\/categories?post=493872"},{"taxonomy":"post_tag","embeddable":true,"href":"https:\/\/www.europesays.com\/fr\/wp-json\/wp\/v2\/tags?post=493872"}],"curies":[{"name":"wp","href":"https:\/\/api.w.org\/{rel}","templated":true}]}}