{"id":493885,"date":"2025-10-27T20:15:36","date_gmt":"2025-10-27T20:15:36","guid":{"rendered":"https:\/\/www.europesays.com\/fr\/493885\/"},"modified":"2025-10-27T20:15:36","modified_gmt":"2025-10-27T20:15:36","slug":"3-jours-dedies-a-la-democratie-vont-mobiliser-strasbourg","status":"publish","type":"post","link":"https:\/\/www.europesays.com\/fr\/493885\/","title":{"rendered":"3 jours d\u00e9di\u00e9s \u00e0 la d\u00e9mocratie vont mobiliser Strasbourg"},"content":{"rendered":"<p>    <img loading=\"lazy\" width=\"1800\" height=\"900\" src=\"https:\/\/www.europesays.com\/fr\/wp-content\/uploads\/2025\/08\/jeanne-callthepolice.jpg\" class=\"attachment-full size-full\" alt=\"\" id=\"imageLove\" decoding=\"async\"  \/><\/p>\n<p id=\"breadcrumbs\"><a href=\"https:\/\/pokaa.fr\/\" rel=\"nofollow noopener\" target=\"_blank\">Accueil<\/a> \/ <a href=\"https:\/\/pokaa.fr\/categories\/ses-sorties\/\" rel=\"nofollow noopener\" target=\"_blank\">Sorties<\/a> \/ Jeux, d\u00e9bats et ateliers gratuits : 3 jours d\u00e9di\u00e9s \u00e0 la d\u00e9mocratie vont mobiliser Strasbourg<\/p>\n<p>                    Sorties<\/p>\n<p><strong>Chaque ann\u00e9e, le Forum mondial de la d\u00e9mocratie r\u00e9unit militant(e)s, responsables politiques et repr\u00e9sentant(e)s de la soci\u00e9t\u00e9 civile autour de grands enjeux d\u00e9mocratiques. Organis\u00e9 par le Conseil de l\u2019Europe, en partenariat avec la Ville de Strasbourg, il revient cette ann\u00e9e en novembre pour une 13e \u00e9dition au th\u00e8me interrogateur : \u00ab D\u00e9mocratie en p\u00e9ril, comment la raviver ? \u00bb avec de nombreux \u00e9v\u00e9nements gratuits !\u00a0<\/strong><\/p>\n<p>Comment prendre soin d\u2019une d\u00e9mocratie ? Comment lutter contre ce qui la menace ?<strong> Dans un contexte international de plus en plus tendu, <\/strong>marqu\u00e9 par le recul des droits humains et la banalisation des discours d\u2019extr\u00eame droite, <strong>le Forum mondial de la d\u00e9mocratie s\u2019interroge cette ann\u00e9e sur les mani\u00e8res de raviver la d\u00e9mocratie avec des \u00e9v\u00e9nements gratuits.\u00a0<\/strong><\/p>\n<p>Il c\u00e9l\u00e8bre \u00e9galement les 75 ans de la Convention europ\u00e9enne des droits de l\u2019Homme, cl\u00e9 de voute des actions du Conseil de l\u2019Europe.<\/p>\n<p>    <img width=\"800\" height=\"533\" src=\"https:\/\/www.europesays.com\/fr\/wp-content\/uploads\/2025\/10\/dsc01410.jpg\" class=\"attachment-image-size-L size-image-size-L\" alt=\"conseil de l\u2019europe\" decoding=\"async\" loading=\"lazy\"  \/>         \u00a9 Hugo Favre-Napoli \/ Pokaa <\/p>\n<p>Trois jours d&rsquo;\u00e9changes au Conseil de l&rsquo;Europe<\/p>\n<p>Du 5 au 7 novembre, le Palais de l\u2019Europe accueillera de nombreux temps d\u2019\u00e9changes et de d\u00e9bats, sous forme de sessions pl\u00e9ni\u00e8res ou d\u2019ateliers. Il sera notamment question de participation citoyenne, de politique culturelle ou d\u2019histoire mise au service de la d\u00e9mocratie.<\/p>\n<p><strong>Mercredi 5 novembre, de 11h30 \u00e0 13h, des expert(e)s s\u2019interrogeront sur l\u2019impact de la transformation des m\u00e9dias sur la d\u00e9mocratie<\/strong>. Ils et elles se demanderont notamment comment soutenir un journalisme de qualit\u00e9, \u00e0 l\u2019heure o\u00f9 ce dernier doit affronter des pressions autoritaires, des manipulations induites par l\u2019IA et des mod\u00e8les \u00e9conomiques qui favorisent la d\u00e9sinformation.<\/p>\n<p>    <img width=\"800\" height=\"600\" src=\"https:\/\/www.europesays.com\/fr\/wp-content\/uploads\/2025\/10\/histoire-quartier-robertsau-pokaa5.jpg\" class=\"attachment-image-size-L size-image-size-L\" alt=\"histoire quartier robertsau pokaa5\" decoding=\"async\" loading=\"lazy\"  \/>         \u00a9 Nicolas Kaspar \/ Pokaa <\/p>\n<p>L\u2019\u00e9v\u00e9nement proposera \u00e9galement un laboratoire de solutions. <strong>Jeudi 6 novembre, de 14h30 \u00e0 16h,<\/strong> une s\u00e9rie d\u2019ateliers baptis\u00e9e \u00ab Un temps pour l\u2019action \u00bb tentera d\u2019apporter des r\u00e9ponses \u00e0 des d\u00e9fis d\u00e9mocratiques sp\u00e9cifiques, propos\u00e9s par les \u00c9tats membres du Conseil de l\u2019Europe ou d\u2019autres parties prenantes. Parmi les th\u00e9matiques retenues :<\/p>\n<ul>\n<li><strong>Comment \u00e9valuer la qualit\u00e9 d\u2019une d\u00e9mocratie ? <\/strong><\/li>\n<li><strong>Les m\u00e9dias sociaux : amis ou ennemis ? <\/strong><\/li>\n<li><strong>Quand l\u2019image ment : comment d\u00e9jouer la d\u00e9sinformation visuelle ? <\/strong><\/li>\n<li><strong>Ou encore l\u2019IA aux urnes : menace ou opportunit\u00e9 pour les \u00e9lections d\u00e9mocratiques ?<\/strong><\/li>\n<\/ul>\n<p>Les r\u00e9sultats seront pr\u00e9sent\u00e9s lors de la s\u00e9ance de restitution du 7 novembre.<\/p>\n<p>    <img width=\"800\" height=\"533\" src=\"https:\/\/www.europesays.com\/fr\/wp-content\/uploads\/2025\/07\/MG_7485.jpg\" class=\"attachment-image-size-L size-image-size-L\" alt=\"femme t\u00e9l\u00e9phone solitude\" decoding=\"async\" loading=\"lazy\"  \/>         \u00a9 Maria Fernandes \/ Pokaa <\/p>\n<p>Un mois d&rsquo;\u00e9v\u00e9nements \u00e0 Strasbourg<\/p>\n<p>Partenaire de l\u2019\u00e9v\u00e9nement, la Ville de Strasbourg prolongera la programmation du Forum avec une s\u00e9rie de rendez-vous \u00e0 d\u00e9couvrir tout au long du mois de novembre. <strong>Du 1er au 20 novembre, une exposition sur l\u2019intelligence artificielle sera propos\u00e9e aux passant(e)s, sur le quai des Bateliers, par l\u2019association Cartooning for Peace<\/strong>. Il s\u2019agit d\u2019un r\u00e9seau international de dessinateurs\/rices de presse engag\u00e9(e)s, qui luttent avec humour pour le respect des cultures et des libert\u00e9s.<\/p>\n<p>Le mardi 4 novembre, <strong>le Lieu d\u2019Europe accueillera une projection de L\u2019Europe et ses fant\u00f4mes<\/strong>, un documentaire d\u2019Ivan Butel sur les liens entre les crises politiques europ\u00e9ennes et l\u2019h\u00e9ritage de la d\u00e9mocratie ath\u00e9nienne.<\/p>\n<p>    <img width=\"800\" height=\"514\" src=\"https:\/\/www.europesays.com\/fr\/wp-content\/uploads\/2025\/10\/stellina-taiwan-cartooning-for-peace-800x514.jpg\" class=\"attachment-image-size-L size-image-size-L\" alt=\"Stellina (Taiwan) \u2013 Cartooning for Peace\" decoding=\"async\" loading=\"lazy\"  \/>         L&rsquo;intelligence artificielle : une (r)\u00e9volution ? \u00a9 Stellina (Taiwan) &#8211; Cartooning for Peace \/ Document remis <\/p>\n<p><strong>Autre temps fort : une r\u00e9union publique sur \u00ab Les droits humains en 2025 : utopie ou dystopie ? \u00bb<\/strong>, organis\u00e9e par l\u2019Association des \u00e9coles d\u2019\u00e9tudes politiques du Conseil de l\u2019Europe. L\u2019\u00e9v\u00e9nement interrogera la pertinence des droits humains \u00e0 l\u2019heure o\u00f9 les conflits arm\u00e9s font rage dans le monde et o\u00f9 les populations sont expos\u00e9es \u00e0 des situations humanitaires catastrophiques. Les intervenant(e)s reviendront notamment sur la r\u00e9action de l\u2019Union europ\u00e9enne \u00e0 l\u2019agression russe en Ukraine et \u00e0 la guerre dans la bande de Gaza.<\/p>\n<p>    <img width=\"800\" height=\"457\" src=\"https:\/\/www.europesays.com\/fr\/wp-content\/uploads\/2025\/10\/1761596136_183_a2-800x457.png\" class=\"attachment-image-size-L size-image-size-L\" alt=\"conseil de l\u2019Europe\" decoding=\"async\" loading=\"lazy\"  \/>         \u00a9 Page Facebook du Conseil de l&rsquo;Europe \/ Capture d&rsquo;\u00e9cran <\/p>\n<p><strong>Enfin, la programmation c\u00e9l\u00e8brera \u00e9galement les 75 ans de la Convention europ\u00e9enne des droits de l\u2019Homme<\/strong> avec :<\/p>\n<ul>\n<li>Un jeu collaboratif d\u2019analyse d\u2019images, accessible d\u00e8s 8 ans, le mercredi 29 octobre.<\/li>\n<li>Des visites guid\u00e9es th\u00e9matiques au Lieu d\u2019Europe les dimanches 16 et 30 novembre.<\/li>\n<li>Un parcours des droits humains sur les grilles de l\u2019H\u00f4tel de Ville du mardi 4 au jeudi 20 novembre.<\/li>\n<\/ul>\n<p><strong>Et le programme complet de l\u2019\u00e9v\u00e9nement est disponible <a href=\"https:\/\/www.strasbourg.eu\/fmd\" target=\"_blank\" rel=\"noopener nofollow\">en cliquant ici !<\/a><\/strong><\/p>\n<p>            Forum mondial de la d\u00e9mocratie 2025<\/p>\n<p>            Quoi ? <\/p>\n<p>Festival d\u2019\u00e9changes et de d\u00e9bats<\/p>\n<p>                Quand ?<\/p>\n<p>Du 5 au 7 novembre au Conseil de l\u2019Europe et du 22 octobre au 30 novembre dans tout Strasbourg<\/p>\n<p>            o\u00f9 ?<\/p>\n<p>Notamment au Conseil de l\u2019Europe, 528 avenue de l\u2019Europe, \u00e0 Strasbourg<\/p>\n<p>                Plus d&rsquo;infos ?<\/p>\n<p>La programmation compl\u00e8te de l\u2019\u00e9v\u00e9nement est \u00e0 retrouver <a href=\"https:\/\/www.strasbourg.eu\/fmd\" target=\"_blank\" rel=\"noopener nofollow\">juste ici<\/a><br \/>Gratuit, mais parfois sur r\u00e9servation !<\/p>\n","protected":false},"excerpt":{"rendered":"Accueil \/ Sorties \/ Jeux, d\u00e9bats et ateliers gratuits : 3 jours d\u00e9di\u00e9s \u00e0 la d\u00e9mocratie vont mobiliser&hellip;\n","protected":false},"author":2,"featured_media":493886,"comment_status":"","ping_status":"","sticky":false,"template":"","format":"standard","meta":{"footnotes":""},"categories":[2820],"tags":[1111,11,7577,1777,674,61637,1011,27,775,61638,12,25,640],"class_list":{"0":"post-493885","1":"post","2":"type-post","3":"status-publish","4":"format-standard","5":"has-post-thumbnail","7":"category-strasbourg","8":"tag-actu","9":"tag-actualites","10":"tag-conseil-de-leurope","11":"tag-eu","12":"tag-europe","13":"tag-forum-mondial-de-la-democratie","14":"tag-fr","15":"tag-france","16":"tag-grand-est","17":"tag-lieu-deurope","18":"tag-news","19":"tag-republique-francaise","20":"tag-strasbourg"},"share_on_mastodon":{"url":"https:\/\/pubeurope.com\/@fr\/115447971462969688","error":""},"_links":{"self":[{"href":"https:\/\/www.europesays.com\/fr\/wp-json\/wp\/v2\/posts\/493885","targetHints":{"allow":["GET"]}}],"collection":[{"href":"https:\/\/www.europesays.com\/fr\/wp-json\/wp\/v2\/posts"}],"about":[{"href":"https:\/\/www.europesays.com\/fr\/wp-json\/wp\/v2\/types\/post"}],"author":[{"embeddable":true,"href":"https:\/\/www.europesays.com\/fr\/wp-json\/wp\/v2\/users\/2"}],"replies":[{"embeddable":true,"href":"https:\/\/www.europesays.com\/fr\/wp-json\/wp\/v2\/comments?post=493885"}],"version-history":[{"count":0,"href":"https:\/\/www.europesays.com\/fr\/wp-json\/wp\/v2\/posts\/493885\/revisions"}],"wp:featuredmedia":[{"embeddable":true,"href":"https:\/\/www.europesays.com\/fr\/wp-json\/wp\/v2\/media\/493886"}],"wp:attachment":[{"href":"https:\/\/www.europesays.com\/fr\/wp-json\/wp\/v2\/media?parent=493885"}],"wp:term":[{"taxonomy":"category","embeddable":true,"href":"https:\/\/www.europesays.com\/fr\/wp-json\/wp\/v2\/categories?post=493885"},{"taxonomy":"post_tag","embeddable":true,"href":"https:\/\/www.europesays.com\/fr\/wp-json\/wp\/v2\/tags?post=493885"}],"curies":[{"name":"wp","href":"https:\/\/api.w.org\/{rel}","templated":true}]}}