{"id":493893,"date":"2025-10-27T20:20:27","date_gmt":"2025-10-27T20:20:27","guid":{"rendered":"https:\/\/www.europesays.com\/fr\/493893\/"},"modified":"2025-10-27T20:20:27","modified_gmt":"2025-10-27T20:20:27","slug":"folle-journee-de-nantes-le-directeur-artistique-rene-martin-demissionne-apres-des-accusations-de-harcelement-moral-et-dagressions-sexuelles","status":"publish","type":"post","link":"https:\/\/www.europesays.com\/fr\/493893\/","title":{"rendered":"Folle journ\u00e9e de Nantes\u00a0: le directeur artistique Ren\u00e9 Martin d\u00e9missionne apr\u00e8s des accusations de harc\u00e8lement moral et d\u2019agressions sexuelles"},"content":{"rendered":"<p>Premi\u00e8re manifestation de musique classique en Europe, la Folle journ\u00e9e de Nantes est prise dans la tourmente. L\u2019an dernier, le festival se voyait priv\u00e9 de 180\u00a0000\u00a0euros de subventions r\u00e9gionales suite <a href=\"https:\/\/www.humanite.fr\/politique\/budget\/pays-de-la-loire-christelle-morancais-sabre-dans-la-culture-la-sante-et-linsertion-un-avant-gout-du-projet-dedouard-philippe\" target=\"_blank\" rel=\"noopener\">aux d\u00e9clarations virulentes de Christelle Moran\u00e7ais<\/a>, la pr\u00e9sidente des Pays de la Loire, envers le service public de la culture.<\/p>\n<p>Le voil\u00e0 maintenant au c\u0153ur d\u2019accusations visant son directeur artistique, <a href=\"https:\/\/www.humanite.fr\/culture-et-savoir\/festival\/folle-journee-de-nantes-nous-avons-bouscule-tous-les-a-priori-sur-la-musique-classique-estime-son-directeur-rene-martin\" target=\"_blank\" rel=\"noopener\">Ren\u00e9 Martin<\/a>, personnalit\u00e9 surpuissante du champ de la musique classique. La Ville et la M\u00e9tropole de Nantes, qui financent la manifestation \u00e0 hauteur d\u20191,1\u00a0million pour un budget total de 4,7\u00a0millions, ont annonc\u00e9 mettre fin, ce vendredi 24\u00a0octobre, \u00e0 sa collaboration avec l\u2019int\u00e9ress\u00e9.<\/p>\n<p>Le 18\u00a0septembre dernier, <a href=\"https:\/\/www.mediacites.fr\/enquete\/nantes\/2025\/09\/18\/rene-martin-un-management-entre-aura-humiliations-et-hypersexualisation\/\" target=\"_blank\" rel=\"noopener\">M\u00e9diacit\u00e9s<\/a> et <a href=\"https:\/\/lalettredumusicien.fr\/article\/rene-martin-un-management-entre-aura-humiliations-et-hypersexualisation-8845\" target=\"_blank\" rel=\"noopener\">La Lettre du Musicien<\/a> publiaient une vingtaine de t\u00e9moignages d\u00e9taillant les m\u00e9canismes \u00ab\u00a0d\u2019emprise\u00a0\u00bb et \u00ab\u00a0d\u2019humiliations\u00a0\u00bb \u00e0 l\u2019\u0153uvre au sein du Centre de r\u00e9alisations et d\u2019\u00e9tudes artistiques (CREA). Cette association fond\u00e9e en 1978 par Ren\u00e9 Martin est charg\u00e9e depuis trente ans de la direction artistique de la Folle Journ\u00e9e, et de la Cit\u00e9 des congr\u00e8s, une soci\u00e9t\u00e9 publique locale en charge de la production de l\u2019\u00e9v\u00e9nement.<\/p>\n<p>Comportements tactiles et exposition des salari\u00e9es \u00e0 des contenus pornographiques<\/p>\n<p>\u00c9galement d\u00e9nonc\u00e9e, une \u00ab\u00a0ambiance hypersexualis\u00e9e\u00a0\u00bb au travail, faite de\u00a0regards appuy\u00e9s et des comportements tactiles, ainsi que d\u2019une exposition syst\u00e9matique des salari\u00e9es \u00e0 des contenus pornographiques sur le lieu de travail.<\/p>\n<p>Vendredi, nouveaux \u00e9l\u00e9ments\u00a0: deux t\u00e9moignages publi\u00e9s encore par M\u00e9diacit\u00e9s font \u00e9tat de possibles <a href=\"https:\/\/www.humanite.fr\/sports\/agressions-sexuelles\/judo-un-ancien-entraineur-national-de-judo-vise-par-une-plainte-pour-agression-sexuelle-suspendu-deux-ans\" target=\"_blank\" rel=\"noopener\">agressions sexuelles<\/a>. Dans un communiqu\u00e9 publi\u00e9 vendredi soir, Ren\u00e9 Martin, pr\u00e9sum\u00e9 innocent, \u00ab\u00a0conteste avec la plus grande fermet\u00e9 les accusations\u00a0\u00bb formul\u00e9es, et se dit \u00ab\u00a0d\u00e9termin\u00e9 \u00e0 d\u00e9fendre [son] honneur et la v\u00e9rit\u00e9, par toutes les voies de droit\u00a0\u00bb.<\/p>\n<p>Inform\u00e9e par les articles de presse de ces accusations graves, la ville de Nantes a demand\u00e9 a consulter les r\u00e9sultats d\u2019un audit interne lanc\u00e9 quasi-imm\u00e9diatement.<\/p>\n<p>Le directeur d\u00e9missionne<\/p>\n<p>Rendues en d\u00e9but de semaine derni\u00e8re, \u00ab\u00a0les conclusions se sont av\u00e9r\u00e9es suffisamment manifestes pour que nous d\u00e9cidions de cesser instamment toute collaboration avec M. Martin, et pour que nous saisissions le procureur de la R\u00e9publique, conform\u00e9ment \u00e0 l\u2019article\u00a040 du code de proc\u00e9dure p\u00e9nale\u00a0\u00bb, lequel a ouvert une enqu\u00eate, ainsi que l\u2019explique<a href=\"https:\/\/www.humanite.fr\/mot-cle\/aymeric-seassau\" target=\"_blank\" rel=\"noopener\"> Aymeric Seasseau<\/a>, adjoint communiste \u00e0 la culture de la maire Joanna Rolland (PS).<\/p>\n<p>Dans leur communiqu\u00e9 joint, la municipalit\u00e9 et la m\u00e9tropole appellent l\u2019association \u00e0 \u00ab\u00a0prendre les d\u00e9cisions qui s\u2019imposent au vu de la gravit\u00e9 des faits\u00a0\u00bb. \u00ab\u00a0Nous agissons selon des principes de tol\u00e9rance z\u00e9ro\u00a0\u00bb, poursuit-il.<\/p>\n<p>Au Crea, un conseil d\u2019administration avait lieu ce soir pour d\u00e9cider du sort de son directeur. Mais dernier coup de th\u00e9\u00e2tre\u00a0: quelques minutes avant le d\u00e9but de la s\u00e9ance, Ren\u00e9 Martin devance sa probable mise \u00e0 l\u2019\u00e9cart et annonce sa d\u00e9mission par courrier aux membres du bureau.<\/p>\n<p>\u00ab\u00a0La Folle journ\u00e9e d\u00e9passe un seul homme\u00a0\u00bb<\/p>\n<p>La Folle journ\u00e9e survivra-t-elle \u00e0 cette figure puissante et ultra-connect\u00e9e\u00a0? \u00ab\u00a0La Folle journ\u00e9e d\u00e9passe un seul homme\u00a0\u00bb, insiste Aymeric Seasseau. \u00ab\u00a0Les femmes qui ont pris la parole et que l\u2019on veut d\u00e9fendre aujourd\u2019hui ont acquis l\u2019expertise n\u00e9cessaire pour faire vivre la manifestation. Avec le soutien des politiques publiques, le festival pourra continuer.\u00a0\u00bb<\/p>\n<p>\u00c0 la liste de ces soutiens, la r\u00e9gion est d\u00e9sormais absente, ayant ouvert la voie \u00e0 un abandon d\u00e9complex\u00e9 <a href=\"https:\/\/www.humanite.fr\/culture-et-savoir\/culture\/nous-decretons-letat-durgence-culturelle-lappel-pour-de-nouveaux-etats-generaux-de-la-culture\" target=\"_blank\" rel=\"noopener\">de la culture par les politiques publiques<\/a>.<\/p>\n<p>Rappelons qu\u2019en avril 2025, la commission d\u2019enqu\u00eate sur les violences dans la culture avait point\u00e9 du doigt la \u00ab\u00a0pr\u00e9carit\u00e9 g\u00e9n\u00e9ralis\u00e9e\u00a0\u00bb du secteur comme l\u2019un des facteurs favorisant les violences sexistes et sexuelles.<\/p>\n<p>Le journal des intelligences libres<\/p>\n<p>\u00ab C\u2019est par des informations \u00e9tendues et exactes que nous voudrions donner \u00e0 toutes les intelligences libres <strong>le moyen de comprendre et de juger elles-m\u00eames les \u00e9v\u00e9nements du monde<\/strong>. \u00bb<br \/>Tel \u00e9tait <strong>\u00ab\u00a0Notre but\u00a0\u00bb<\/strong>, comme l\u2019\u00e9crivait Jean Jaur\u00e8s dans le premier \u00e9ditorial de l\u2019Humanit\u00e9.<br \/><strong>120 ans plus tard, il n\u2019a pas chang\u00e9. <br \/>Gr\u00e2ce \u00e0 vous. <\/strong><br \/>Soutenez-nous\u00a0! Votre don sera d\u00e9fiscalis\u00e9\u00a0: donner 5\u20ac vous reviendra \u00e0 1.65\u20ac. Le prix d\u2019un caf\u00e9.<br \/><a href=\"https:\/\/www.humanite.fr\/lhumanite-cest-vous\" target=\"_blank\" rel=\"noopener\">Je veux en savoir plus\u00a0!<\/a><\/p>\n","protected":false},"excerpt":{"rendered":"Premi\u00e8re manifestation de musique classique en Europe, la Folle journ\u00e9e de Nantes est prise dans la tourmente. L\u2019an&hellip;\n","protected":false},"author":2,"featured_media":493894,"comment_status":"","ping_status":"","sticky":false,"template":"","format":"standard","meta":{"footnotes":""},"categories":[2818],"tags":[1111,11,1777,674,1011,27,45705,766,12,2636,25,29939],"class_list":{"0":"post-493893","1":"post","2":"type-post","3":"status-publish","4":"format-standard","5":"has-post-thumbnail","7":"category-nantes","8":"tag-actu","9":"tag-actualites","10":"tag-eu","11":"tag-europe","12":"tag-fr","13":"tag-france","14":"tag-harcu00e8lement","15":"tag-nantes","16":"tag-news","17":"tag-pays-de-la-loire","18":"tag-republique-francaise","19":"tag-vss-violences-sexistes-et-sexuelles"},"share_on_mastodon":{"url":"https:\/\/pubeurope.com\/@fr\/115447989767589859","error":""},"_links":{"self":[{"href":"https:\/\/www.europesays.com\/fr\/wp-json\/wp\/v2\/posts\/493893","targetHints":{"allow":["GET"]}}],"collection":[{"href":"https:\/\/www.europesays.com\/fr\/wp-json\/wp\/v2\/posts"}],"about":[{"href":"https:\/\/www.europesays.com\/fr\/wp-json\/wp\/v2\/types\/post"}],"author":[{"embeddable":true,"href":"https:\/\/www.europesays.com\/fr\/wp-json\/wp\/v2\/users\/2"}],"replies":[{"embeddable":true,"href":"https:\/\/www.europesays.com\/fr\/wp-json\/wp\/v2\/comments?post=493893"}],"version-history":[{"count":0,"href":"https:\/\/www.europesays.com\/fr\/wp-json\/wp\/v2\/posts\/493893\/revisions"}],"wp:featuredmedia":[{"embeddable":true,"href":"https:\/\/www.europesays.com\/fr\/wp-json\/wp\/v2\/media\/493894"}],"wp:attachment":[{"href":"https:\/\/www.europesays.com\/fr\/wp-json\/wp\/v2\/media?parent=493893"}],"wp:term":[{"taxonomy":"category","embeddable":true,"href":"https:\/\/www.europesays.com\/fr\/wp-json\/wp\/v2\/categories?post=493893"},{"taxonomy":"post_tag","embeddable":true,"href":"https:\/\/www.europesays.com\/fr\/wp-json\/wp\/v2\/tags?post=493893"}],"curies":[{"name":"wp","href":"https:\/\/api.w.org\/{rel}","templated":true}]}}