{"id":493900,"date":"2025-10-27T20:24:12","date_gmt":"2025-10-27T20:24:12","guid":{"rendered":"https:\/\/www.europesays.com\/fr\/493900\/"},"modified":"2025-10-27T20:24:12","modified_gmt":"2025-10-27T20:24:12","slug":"la-prefecture-craint-les-hooligans-des-mesures-deployees","status":"publish","type":"post","link":"https:\/\/www.europesays.com\/fr\/493900\/","title":{"rendered":"la pr\u00e9fecture craint les hooligans, des mesures d\u00e9ploy\u00e9es"},"content":{"rendered":"<p>            Par<br \/>\n        <strong><br \/>\n            <a href=\"https:\/\/actu.fr\/auteur\/mareva-laville-actu-fr\" title=\"Consulter tous les articles de Mar\u00e9va Laville\" target=\"_blank\" rel=\"noopener\">Mar\u00e9va Laville<\/a><br \/>\n        <\/strong><\/p>\n<p>        Publi\u00e9 le<\/p>\n<p>            27 oct. 2025 \u00e0 20h14        <\/p>\n<p>La pr\u00e9fecture prend ses pr\u00e9cautions. \u00c0 la veille du match <strong>Toulouse FC \u2013 Stade Rennais FC,<\/strong> qui se tiendra mercredi 29\u00a0octobre 2025 au<strong><a href=\"https:\/\/actu.fr\/tag\/stadium-de-toulouse\" target=\"_blank\" rel=\"noopener\"> Stadium de Toulouse<\/a>,<\/strong> plusieurs mesures ont \u00e9t\u00e9 prises par le pr\u00e9fet de Haute-Garonne. La rencontre entre les deux clubs est, de fait, \u00ab<strong>\u2009class\u00e9e \u00e0 risques\u2009\u00bb<\/strong> par la <strong>Division nationale de lutte contre le hooliganisme (DNLH),<\/strong> \u00ab\u2009en raison d\u2019ant\u00e9c\u00e9dents entre supporters des deux clubs\u2009\u00bb, explique la pr\u00e9fecture haut-garonnaise. Rappelons que l\u2019an dernier, lors de la <a href=\"https:\/\/actu.fr\/occitanie\/toulouse_31555\/toulouse-benfica-des-hooligans-vetus-de-noir-attaquent-un-bar-le-gerant-sous-le-choc_60735408.html\" target=\"_blank\" rel=\"noopener\">rencontre Toulouse-Benfica, des hooligans s\u2019en \u00e9taient pris violemment \u00e0 un bar.<\/a><\/p>\n<p>La s\u00e9curit\u00e9 renforc\u00e9e<\/p>\n<p class=\" wall-content\">Le PC s\u00e9curit\u00e9 du Stadium est donc activ\u00e9, avec plusieurs services de s\u00e9curit\u00e9 et de secours. Une salle de crise est \u00e9galement mise \u00e0 disposition par <a href=\"https:\/\/actu.fr\/tag\/toulouse-metropole\" target=\"_blank\" rel=\"noopener\">Toulouse M\u00e9tropole<\/a> en cas d\u2019incident.<\/p>\n<p class=\" wall-content\">Mais mieux vaut pr\u00e9venir que gu\u00e9rir. Des <strong>dispositifs anti-intrusions et anti-projections<\/strong> sur le terrain seront mis en place par le TFC et les supporters du Stade Rennais seront encadr\u00e9s. \u00ab\u2009L\u2019acc\u00e8s au Stadium de Toulouse est autoris\u00e9 aux supporters du Stade Rennais FC munis de billets d\u00e9livr\u00e9s par l\u2019interm\u00e9diaire de ce club\u2009\u00bb, d\u00e9crit l\u2019arr\u00eat\u00e9 pr\u00e9fectoral.<\/p>\n<p>Un vaste p\u00e9rim\u00e8tre interdit aux Rennais<\/p>\n<p class=\" wall-content\">Les autres <strong>supporteurs rennais<\/strong> seront regard\u00e9s de tr\u00e8s pr\u00e8s. Car les<strong> abords du Stadium et l\u2019int\u00e9rieur du stade<\/strong> (en dehors de leur espace r\u00e9serv\u00e9) ne leur seront pas autoris\u00e9s. Cela vaut pour <strong>\u00ab\u2009toutes les personnes se pr\u00e9valant de la qualit\u00e9 de supporter du Stade Rennais ou se comportant comme tel<\/strong> de mani\u00e8re ostentatoire\u2009\u00bb, souligne le pr\u00e9fet de la Haute-Garonne.<\/p>\n<p>Vid\u00e9os : en ce moment sur Actu<\/p>\n<p class=\" wall-content\">L\u2019interdiction s\u2019\u00e9tend sur 24 heures autour du match, <strong>entre mercredi 29 octobre 2025 \u00e0 8h et jusqu\u2019au lendemain, m\u00eame heure,<\/strong> et\u00a0s\u2019applique dans le p\u00e9rim\u00e8tre suivant\u2009:<\/p>\n<p class=\" wall-content\">\u2022 rond point du Boulingrin,<br \/>\u2022 all\u00e9es Jules Guesde,<br \/>\u2022 all\u00e9es Paul Feuga,<br \/>\u2022 boulevard du Mar\u00e9chal Juin,<br \/>\u2022 avenue du Mar\u00e9chal de Lattre de Tassigny,<br \/>\u2022 passerelle de la Poudrerie,<br \/>\u2022 la partie de l\u2019\u00eele du Ramier se situant au nord d\u2019une ligne droite allant de<br \/>la passerelle de la Poudrerie jusqu\u2019au 9 rue Sainte-Odile,<br \/>\u2022 rue de la digue,<br \/>\u2022 avenue de Muret,<br \/>\u2022 place du Fer \u00e0 Cheval,<br \/>\u2022 all\u00e9es Charles de Fitte,<br \/>\u2022 pont des Catalans,<br \/>\u2022 avenue Paul S\u00e9journ\u00e9,<br \/>\u2022 boulevard Lascrosse,<br \/>\u2022 boulevard d\u2019Arcole,<br \/>\u2022 boulevard de Strasbourg,<br \/>\u2022 rue Matabiau,<br \/>\u2022 avenue de Lyon,<br \/>\u2022 rue Aragon,<br \/>\u2022 rue des Champs-Elys\u00e9es,<br \/>\u2022 boulevard Marengo,<br \/>\u2022 all\u00e9es Jean-Jaur\u00e8s,<br \/>\u2022 boulevard Lazare-Carnot,<br \/>\u2022 all\u00e9es Forain Fran\u00e7ois-Verdier,<br \/>\u2022 rond point du Boulingrin.<\/p>\n<p>Votre r\u00e9gion, votre actu !<\/p>\n<p>Recevez chaque jour les infos qui comptent pour vous.<\/p>\n<p>\t<a href=\"https:\/\/actu.fr\/newsletter\" class=\"ac-btn ac-btn--corner ac-btn--medium ac-btn--blue800\" target=\"_blank\" rel=\"noopener\">S&rsquo;incrire<\/a><br \/>\nLe pont du Stadium ferm\u00e9 pendant quelques heures<\/p>\n<p class=\" wall-content\">Pour les Toulousains, la pr\u00e9fecture \u00ab\u2009recommande d\u2019anticiper\u2009\u00bb les d\u00e9placements. L\u2019affluence devrait \u00eatre au rendez-vous pour cette rencontre qui d\u00e9marrera \u00e0 21h05.<\/p>\n<p class=\" wall-content\">Comme \u00e0 son habitude, <strong>le pont Pierre de Coubertin sera totalement ferm\u00e9 \u00e0 la circulation<\/strong> 2h30 avant le d\u00e9but du match. Le pont rouvrira au coup d\u2019envoi du match, puis <strong>fermera \u00e0 nouveau 15\u00a0minutes<\/strong> avant la fin de la rencontre pour permettre l\u2019\u00e9vacuation du public, conform\u00e9ment aux directives des forces de s\u00e9curit\u00e9.<\/p>\n<p class=\" wall-content\">Personnalisez votre actualit\u00e9 en ajoutant vos villes et m\u00e9dias en favori avec <a href=\"https:\/\/moncompte.actu.fr\" title=\"D\u00e9couvez Mon Actu\" rel=\"nofollow noopener\" data-trk=\"{&quot;cta&quot;:{&quot;action&quot;:&quot;https:\\\/\\\/moncompte.actu.fr&quot;,&quot;category&quot;:&quot;mon compte&quot;,&quot;from&quot;:&quot;article footer&quot;,&quot;name&quot;:&quot;Mon actu&quot;,&quot;type&quot;:&quot;cta&quot;}}\" target=\"_blank\">Mon Actu<\/a>.<\/p>\n","protected":false},"excerpt":{"rendered":"Par Mar\u00e9va Laville Publi\u00e9 le 27 oct. 2025 \u00e0 20h14 La pr\u00e9fecture prend ses pr\u00e9cautions. \u00c0 la veille&hellip;\n","protected":false},"author":2,"featured_media":493901,"comment_status":"","ping_status":"","sticky":false,"template":"","format":"standard","meta":{"footnotes":""},"categories":[2816],"tags":[1111,11,1777,674,1011,27,12,2680,1072,25,104,7906,2312,4159],"class_list":{"0":"post-493900","1":"post","2":"type-post","3":"status-publish","4":"format-standard","5":"has-post-thumbnail","7":"category-toulouse","8":"tag-actu","9":"tag-actualites","10":"tag-eu","11":"tag-europe","12":"tag-fr","13":"tag-france","14":"tag-news","15":"tag-occitanie","16":"tag-police","17":"tag-republique-francaise","18":"tag-societe","19":"tag-stadium-de-toulouse","20":"tag-toulouse","21":"tag-toulouse-football-club-tfc"},"share_on_mastodon":{"url":"https:\/\/pubeurope.com\/@fr\/115448005507271511","error":""},"_links":{"self":[{"href":"https:\/\/www.europesays.com\/fr\/wp-json\/wp\/v2\/posts\/493900","targetHints":{"allow":["GET"]}}],"collection":[{"href":"https:\/\/www.europesays.com\/fr\/wp-json\/wp\/v2\/posts"}],"about":[{"href":"https:\/\/www.europesays.com\/fr\/wp-json\/wp\/v2\/types\/post"}],"author":[{"embeddable":true,"href":"https:\/\/www.europesays.com\/fr\/wp-json\/wp\/v2\/users\/2"}],"replies":[{"embeddable":true,"href":"https:\/\/www.europesays.com\/fr\/wp-json\/wp\/v2\/comments?post=493900"}],"version-history":[{"count":0,"href":"https:\/\/www.europesays.com\/fr\/wp-json\/wp\/v2\/posts\/493900\/revisions"}],"wp:featuredmedia":[{"embeddable":true,"href":"https:\/\/www.europesays.com\/fr\/wp-json\/wp\/v2\/media\/493901"}],"wp:attachment":[{"href":"https:\/\/www.europesays.com\/fr\/wp-json\/wp\/v2\/media?parent=493900"}],"wp:term":[{"taxonomy":"category","embeddable":true,"href":"https:\/\/www.europesays.com\/fr\/wp-json\/wp\/v2\/categories?post=493900"},{"taxonomy":"post_tag","embeddable":true,"href":"https:\/\/www.europesays.com\/fr\/wp-json\/wp\/v2\/tags?post=493900"}],"curies":[{"name":"wp","href":"https:\/\/api.w.org\/{rel}","templated":true}]}}