{"id":493902,"date":"2025-10-27T20:25:26","date_gmt":"2025-10-27T20:25:26","guid":{"rendered":"https:\/\/www.europesays.com\/fr\/493902\/"},"modified":"2025-10-27T20:25:26","modified_gmt":"2025-10-27T20:25:26","slug":"marche-de-noel-au-profit-de-la-maison-des-parents-de-lille","status":"publish","type":"post","link":"https:\/\/www.europesays.com\/fr\/493902\/","title":{"rendered":"March\u00e9 de No\u00ebl au profit de la maison des parents de Lille"},"content":{"rendered":"\n<p data-start=\"82\" data-end=\"212\"><strong data-start=\"82\" data-end=\"106\">Petit March\u00e9 de No\u00ebl<\/strong> au profit de la <strong data-start=\"123\" data-end=\"154\">Maison des Parents de Lille<\/strong>, qui vient en aide aux familles d\u2019enfants hospitalis\u00e9s.<\/p>\n<p data-start=\"214\" data-end=\"380\">Auto-entrepreneurs, artisans et associations viendront exposer leur savoir-faire et leurs cr\u00e9ations : id\u00e9es cadeaux, v\u00eatements, accessoires, cr\u00eapes, chocolat chaud\u2026<\/p>\n<p data-start=\"382\" data-end=\"449\">\ud83c\udf84 Ambiance familiale assur\u00e9e avec chants, mascotte et musicien !<\/p>\n","protected":false},"excerpt":{"rendered":"Petit March\u00e9 de No\u00ebl au profit de la Maison des Parents de Lille, qui vient en aide aux&hellip;\n","protected":false},"author":2,"featured_media":493903,"comment_status":"","ping_status":"","sticky":false,"template":"","format":"standard","meta":{"footnotes":""},"categories":[2815],"tags":[1296,1111,11,33603,18004,4733,61644,61645,51218,21353,11499,43615,1777,674,26236,1011,27,811,32094,1307,61643,36053,61646,14224,12,25,6939,11644],"class_list":{"0":"post-493902","1":"post","2":"type-post","3":"status-publish","4":"format-standard","5":"has-post-thumbnail","7":"category-lille","8":"tag-accessoires","9":"tag-actu","10":"tag-actualites","11":"tag-ambiance-familiale","12":"tag-artisans","13":"tag-associations","14":"tag-auto-entrepreneurs","15":"tag-chants-de-noel","16":"tag-chocolat-chaud","17":"tag-creations","18":"tag-crepes","19":"tag-enfants-hospitalises","20":"tag-eu","21":"tag-europe","22":"tag-evenement-caritatif","23":"tag-fr","24":"tag-france","25":"tag-hauts-de-france","26":"tag-idees-cadeaux","27":"tag-lille","28":"tag-maison-des-parents","29":"tag-marche-de-noel","30":"tag-mascotte","31":"tag-musicien","32":"tag-news","33":"tag-republique-francaise","34":"tag-savoir-faire","35":"tag-vetements"},"share_on_mastodon":{"url":"https:\/\/pubeurope.com\/@fr\/115448009555206958","error":""},"_links":{"self":[{"href":"https:\/\/www.europesays.com\/fr\/wp-json\/wp\/v2\/posts\/493902","targetHints":{"allow":["GET"]}}],"collection":[{"href":"https:\/\/www.europesays.com\/fr\/wp-json\/wp\/v2\/posts"}],"about":[{"href":"https:\/\/www.europesays.com\/fr\/wp-json\/wp\/v2\/types\/post"}],"author":[{"embeddable":true,"href":"https:\/\/www.europesays.com\/fr\/wp-json\/wp\/v2\/users\/2"}],"replies":[{"embeddable":true,"href":"https:\/\/www.europesays.com\/fr\/wp-json\/wp\/v2\/comments?post=493902"}],"version-history":[{"count":0,"href":"https:\/\/www.europesays.com\/fr\/wp-json\/wp\/v2\/posts\/493902\/revisions"}],"wp:featuredmedia":[{"embeddable":true,"href":"https:\/\/www.europesays.com\/fr\/wp-json\/wp\/v2\/media\/493903"}],"wp:attachment":[{"href":"https:\/\/www.europesays.com\/fr\/wp-json\/wp\/v2\/media?parent=493902"}],"wp:term":[{"taxonomy":"category","embeddable":true,"href":"https:\/\/www.europesays.com\/fr\/wp-json\/wp\/v2\/categories?post=493902"},{"taxonomy":"post_tag","embeddable":true,"href":"https:\/\/www.europesays.com\/fr\/wp-json\/wp\/v2\/tags?post=493902"}],"curies":[{"name":"wp","href":"https:\/\/api.w.org\/{rel}","templated":true}]}}