{"id":493917,"date":"2025-10-27T20:40:17","date_gmt":"2025-10-27T20:40:17","guid":{"rendered":"https:\/\/www.europesays.com\/fr\/493917\/"},"modified":"2025-10-27T20:40:17","modified_gmt":"2025-10-27T20:40:17","slug":"131-femmes-tuees-en-2025-pourquoi-les-feminicides-restent-si-nombreux-en-france","status":"publish","type":"post","link":"https:\/\/www.europesays.com\/fr\/493917\/","title":{"rendered":"131 femmes tu\u00e9es en 2025, pourquoi les f\u00e9minicides restent si nombreux en France\u00a0?"},"content":{"rendered":"<p>            Par<br \/>\n        <strong><br \/>\n            <a href=\"https:\/\/actu.fr\/auteur\/sophie-vincelot-actu-fr\" title=\"Consulter tous les articles de Sophie Vincelot\" target=\"_blank\" rel=\"noopener\">Sophie Vincelot<\/a><br \/>\n        <\/strong><\/p>\n<p>        Publi\u00e9 le<\/p>\n<p>            27 oct. 2025 \u00e0 21h07        <\/p>\n<p>Il ne se passe pas une semaine sans que les r\u00e9dactions locales d\u2019<a href=\"https:\/\/actu.fr\/\" target=\"_blank\" rel=\"noopener\">actu.fr<\/a> s\u2019en fassent l\u2019\u00e9cho. <strong>Des femmes tu\u00e9es par leur conjoint ou ex-conjoint<\/strong>, ou encore disparues dans des circonstances inqui\u00e9tantes. Il y a quelques jours, <a href=\"https:\/\/actu.fr\/hauts-de-france\/lille_59350\/a-lomme-une-jeune-fille-de-15-ans-retrouvee-morte-dans-un-hotel-ce-lundi-matin_63324587.html\" target=\"_blank\" rel=\"noopener\">une jeune adolescente de 15 ans a \u00e9t\u00e9 retrouv\u00e9e morte dans un h\u00f4tel \u00e0 Lille<\/a>. Son petit ami, qui s\u2019est rendu au commissariat, <a href=\"https:\/\/actu.fr\/hauts-de-france\/lille_59350\/meurtre-a-lomme-ladolescente-de-15-ans-a-ete-etouffee-son-conjoint-incarcere_63338851.html\" target=\"_blank\" rel=\"noopener\">a avou\u00e9 l\u2019avoir tu\u00e9e<\/a>. Plus t\u00f4t dans le mois, c\u2019est le corps sans vie de Sandrine qui <a href=\"https:\/\/actu.fr\/normandie\/quillebeuf-sur-seine_27485\/dans-leure-leffroi-apres-la-mort-de-sandrine-victime-presumee-dun-feminicide_63293324.html\" target=\"_blank\" rel=\"noopener\">a \u00e9t\u00e9 d\u00e9couvert \u00e0 son domicile<\/a>, dans l\u2019Eure. La victime pourrait avoir succomb\u00e9 aux violences de son mari.\u00a0<\/p>\n<p class=\" wall-content\">D\u00e9but septembre, le meurtre d\u2019In\u00e8s Mecellem par son ex-compagnon \u00e0 Poitiers <a href=\"https:\/\/actu.fr\/faits-divers\/la-police-et-la-justice-l-ont-trahie-le-feminicide-d-ines-a-poitiers-aurait-il-pu-etre-evite_63192795.html\" target=\"_blank\" rel=\"noopener\">a cr\u00e9\u00e9 un \u00e9moi national<\/a>, alors que la jeune femme avait port\u00e9 plainte \u00e0 plusieurs reprises contre lui et que celui-ci avait \u00e9t\u00e9 interpel\u00e9 puis rel\u00e2ch\u00e9. Autant de drames qui viennent alourdir le <a href=\"https:\/\/www.noustoutes.org\/mur-de-femmages-2025\/\" target=\"_blank\" rel=\"noopener\">bilan dress\u00e9 par le collectif #NousToutes<\/a>, qui recense <strong>131 f\u00e9minicides depuis le d\u00e9but de l\u2019ann\u00e9e 2025<\/strong>. Un chiffre qui approche de celui de l\u2019ann\u00e9e pr\u00e9c\u00e9dente, o\u00f9 141 meurtres ont \u00e9t\u00e9 comptabilis\u00e9s.<\/p>\n<p class=\" wall-content\">D\u2019ailleurs, mi-octobre, la <a href=\"https:\/\/www.fnvf.org\/\" target=\"_blank\" rel=\"noopener\">F\u00e9d\u00e9ration nationale des victimes de f\u00e9minicides<\/a> (FNVF) a tir\u00e9 la sonnette d\u2019alarme, faisant \u00e9tat de <strong>huit meurtres de femmes en seulement 10 jours<\/strong>. Alors que vient de se clore le proc\u00e8s de C\u00e9dric Jubillar, <a href=\"https:\/\/actu.fr\/occitanie\/albi_81004\/cedric-jubillar-reconnu-coupable-du-meurtre-de-sa-femme-delphine-et-condamne-a-30-ans-de-prison_63312619.html\" target=\"_blank\" rel=\"noopener\">condamn\u00e9 \u00e0 une peine de 30 ans de r\u00e9clusion criminelle<\/a> en premi\u00e8re instance pour le meurtre de sa femme Delphine, les associations, familles et avocats d\u00e9noncent encore <strong>un d\u00e9ni de la France autour de la question des f\u00e9minicides<\/strong>.\u00a0<\/p>\n<p class=\" wall-content\">C\u2019est le cas de Me Isabelle Steyer, <a href=\"https:\/\/www.avocat-steyer.fr\/\" target=\"_blank\" rel=\"noopener\">avocate en droit p\u00e9nal et droit de la famille<\/a>, qui accompagne depuis plus de 30 ans les victimes de <a href=\"https:\/\/actu.fr\/tag\/violences-sexuelles\" target=\"_blank\" rel=\"noopener\">violences sexuelles<\/a> et les familles de victimes de <a href=\"https:\/\/actu.fr\/tag\/feminicide\" target=\"_blank\" rel=\"noopener\">f\u00e9minicides<\/a>. Elle a notamment repr\u00e9sent\u00e9 la famille de Nathalie Debaillie, tu\u00e9e par son ex-compagnon et trois complices, apr\u00e8s avoir fait plusieurs signalements \u00e0 la police rest\u00e9s sans suite. Affaire dans laquelle l\u2019\u00c9tat <a href=\"https:\/\/actu.fr\/faits-divers\/l-etat-condamne-pour-faute-lourde-pour-le-feminicide-de-nathalie-debaillie-en-2019_62730923.html\" target=\"_blank\" rel=\"noopener\">a \u00e9t\u00e9 condamn\u00e9 en juin dernier pour \u00ab\u00a0faute lourde\u00a0\u00bb<\/a>. Interview.<\/p>\n<p>    <img   decoding=\"async\" loading=\"lazy\" src=\"https:\/\/www.europesays.com\/fr\/wp-content\/uploads\/2025\/10\/isabelle-steyer-960x640.png\" alt=\"Me Isabelle Steyer, avocate en droit p\u00e9nal et droit de la famille, accompagne les victimes de violences sexuelles et les familles de victimes de f\u00e9minicides.\" width=\"960\" height=\"640\"\/><br \/>\n    Me Isabelle Steyer, avocate en droit p\u00e9nal et droit de la famille, accompagne les victimes de violences sexuelles et les familles de victimes de f\u00e9minicides. (\u00a9DR)<\/p>\n<p class=\"ac-article-content__question wall-content\"><strong class=\"color-primary\">Actu : <\/strong>Les associations tirent la sonnette d&rsquo;alarme sur le nombre de f\u00e9minicides qui ne baisse pas, voire risque d&rsquo;augmenter en 2025. Pourquoi n&rsquo;arrive-t-on pas \u00e0 inverser la courbe ?\u00a0<\/p>\n<p class=\" wall-content\"><strong class=\"color-primary\">Isabelle Steyer : <\/strong>On ne s&rsquo;attache pas \u00e0 la protection des femmes. Quand elles viennent dire qu&rsquo;elles sont en danger de mort, on ne les \u00e9coute pas. On ne veut pas comprendre le ph\u00e9nom\u00e8ne des f\u00e9minicides, alors qu&rsquo;il est finalement tr\u00e8s connu. Quand certains hommes n&rsquo;acceptent pas une s\u00e9paration, ils deviennent de plus en plus violents. Ils harc\u00e8lent, suivent et attaquent. Les femmes ont beau d\u00e9poser plainte, elles n&rsquo;ont souvent pas de r\u00e9ponse. Ou sinon, c&rsquo;est bien trop tardif.\u00a0<\/p>\n<p>Il y a \u00e0 la fois un laxisme et une absence d\u2019appr\u00e9hension du ph\u00e9nom\u00e8ne. La probl\u00e9matique des violences sur les femmes et les enfants est tr\u00e8s importante. Pourtant, il y a un d\u00e9ni massif, pour des raisons politiques diff\u00e9rentes. En r\u00e9alit\u00e9, c&rsquo;est un d\u00e9bat qui ne devrait pas \u00eatre politis\u00e9. N&rsquo;importe quel homme, qu&rsquo;il soit sous OQTF [obligation de quitter le territoire fran\u00e7ais, NDLR.] ou issu de la grande bourgeoisie, peut \u00eatre violent. Les violences sont massives, qu&rsquo;importe les classes sociales.<\/p>\n<blockquote class=\"ac-article-quote wall-content\">\n<p>Les chiffres annonc\u00e9s par les associations sur les f\u00e9minicides sont m\u00eame en-de\u00e7\u00e0 de la r\u00e9alit\u00e9, car il y a \u00e9galement des suicides forc\u00e9s, mais aussi certains accidents suspects.\u00a0<\/p>\n<p>    <strong>Me Isabelle Steyer<\/strong>\n            <\/p><\/blockquote>\n<p class=\"ac-article-content__question wall-content\">Plusieurs victimes de f\u00e9minicides ont signal\u00e9 aupr\u00e8s de la police ou de la justice les violences qu&rsquo;elles subissaient de la part de leur compagnon ou ex-compagnon, avant d&rsquo;\u00eatre tu\u00e9es. Pourquoi n&rsquo;ont-elles pas \u00e9t\u00e9 prot\u00e9g\u00e9es ?<\/p>\n<p class=\" wall-content\"><strong class=\"color-primary\">I.S. : <\/strong>Une accumulation de mythes entoure les femmes. Il y a celui de la menteuse, de l&rsquo;hyst\u00e9rique, de la manipulatrice, de la profiteuse, de la m\u00e8re fusionnelle qui veut avoir la garde exclusive de ses enfants ou encore de la femme qui veut gagner de l&rsquo;argent. Tout cela s&rsquo;ajoute \u00e0 une absence de connaissances, de temps, de lien entre la plainte et la pr\u00e9vention.<\/p>\n<p>Votre r\u00e9gion, votre actu !<\/p>\n<p>Recevez chaque jour les infos qui comptent pour vous.<\/p>\n<p>\t<a href=\"https:\/\/actu.fr\/newsletter\" class=\"ac-btn ac-btn--corner ac-btn--medium ac-btn--blue800\" target=\"_blank\" rel=\"noopener\">S&rsquo;incrire<\/a><\/p>\n<p class=\"ac-article-content__question wall-content\">D&rsquo;ailleurs, pour que l&rsquo;on comprenne bien la port\u00e9e du mot \u00ab\u00a0f\u00e9minicide\u00a0\u00bb, pouvez-vous nous dire ce qu&rsquo;il recouvre exactement ?\u00a0<\/p>\n<p class=\" wall-content\"><strong class=\"color-primary\">I.S. : <\/strong>Le terme de f\u00e9minicide n&rsquo;est pas inscrit dans le Code p\u00e9nal. De fait, on peut l&rsquo;interpr\u00e9ter comme on veut, puisqu&rsquo;il n&rsquo;y a pas de d\u00e9finition l\u00e9gale. Ce que l&rsquo;on peut dire, c&rsquo;est que ce terme, qui \u00e9voque le meurtre d&rsquo;une femme parce qu&rsquo;elle est une femme, est venu se substituer aux notions de crime passionnel et de crime pulsionnel. Il n\u2019y a ni passion, ni pulsion quand on tue une femme. Le mot de f\u00e9minicide permet de voir que la femme peut \u00eatre victime en fonction de son genre.\u00a0<\/p>\n<p class=\"ac-article-content__question wall-content\">Il y a eu plusieurs f\u00e9minicides tr\u00e8s marquants. D\u00e9but septembre, In\u00e8s Mecellem, avant son meurtre, a d\u00e9pos\u00e9 plainte \u00e0 plusieurs reprises et utilis\u00e9 un t\u00e9l\u00e9phone grave danger. Son ex-compagnon, qui l\u2019a tu\u00e9e, a m\u00eame \u00e9t\u00e9 interpel\u00e9 deux jours avant son meurtre mais rel\u00e2ch\u00e9 imm\u00e9diatement. Les outils mis \u00e0 disposition des femmes victimes de violences sont-ils r\u00e9ellement efficaces ?<\/p>\n<p class=\" wall-content\"><strong class=\"color-primary\">I.S. : <\/strong>Les femmes victimes de f\u00e9minicides font souvent tout ce qu&rsquo;il faut. Elles d\u00e9posent plainte, tentent de se prot\u00e9ger. Elles ne vont pas menacer les hommes qui les harc\u00e8lent. Certaines sont m\u00eame accompagn\u00e9es. En r\u00e9alit\u00e9, il faudrait distribuer de mani\u00e8re quasiment syst\u00e9matique un bracelet anti-rapprochement [dispositif de surveillance \u00e9lectronique qui permet de g\u00e9olocaliser une personne \u00e0 prot\u00e9ger et un auteur r\u00e9el ou pr\u00e9sum\u00e9 de violences conjugales, NDLR.] quand on soup\u00e7onne des violences.\u00a0<\/p>\n<p>Le \u00ab\u00a0t\u00e9l\u00e9phone grave danger\u00a0\u00bb (TGD) n&rsquo;est pas toujours suffisant. Les femmes ont beau s&rsquo;\u00e9loigner, se barricader chez elles ou sur leur lieu de travail, ce n&rsquo;est pas assez. <\/p>\n<blockquote class=\"ac-article-quote wall-content\">\n<p>Quand les hommes harc\u00e8lent, il faut les mettre en examen, les placer sous contr\u00f4le judiciaire. Le probl\u00e8me, c&rsquo;est qu&rsquo;il n&rsquo;y a jamais de poursuite en cas de harc\u00e8lement.<\/p>\n<p>    <strong>Me Isabelle Steyer<\/strong>\n            <\/p><\/blockquote>\n<p class=\"ac-article-content__question wall-content\">Sous-estime-t-on trop la dangerosit\u00e9 de certains individus ? Y a-t-il aussi une forme de laxisme de la justice quand il s\u2019agit de violences perp\u00e9tr\u00e9es \u00e0 l\u2019encontre de femmes ?<\/p>\n<p class=\" wall-content\"><strong class=\"color-primary\">I.S. : <\/strong>On peut dire que 100 % des femmes ont \u00e9t\u00e9 victimes de VSS [violences sexistes et sexuelles, qui peuvent aller d&rsquo;un harc\u00e8lement sexuel au f\u00e9minicide, en passant par la discrimination \u00e0 l&#8217;embauche, l&rsquo;agression sexuelle et le viol, NDLR.]. Pourtant, quand les femmes portent plainte, elles ne sont pas crues, et ce m\u00eame quand il y a des \u00e9l\u00e9ments probants. Les taux de classements sans suite s&rsquo;\u00e9l\u00e8vent \u00e0 86 % dans les affaires de violences sexuelles, et m\u00eame plus de 90 % pour les viols.<\/p>\n<p class=\"ac-article-content__question wall-content\">Vous-m\u00eame, vous avez repr\u00e9sent\u00e9 des familles de victimes de f\u00e9minicides (\u00c9l\u00e9onore Places, tu\u00e9e en 2022 et Nathalie Debaillie, assassin\u00e9e en 2019). Comment aborde-t-on ce type de dossiers ?\u00a0<\/p>\n<p class=\" wall-content\"><strong class=\"color-primary\">I.S. : <\/strong>Ce sont des dossiers tr\u00e8s compliqu\u00e9s. Car j&rsquo;ai envie d&rsquo;expliquer que ces femmes ont \u00e0 la fois \u00e9t\u00e9 victimes de leur conjoint, mais aussi des institutions. Le probl\u00e8me, c&rsquo;est que quand je dis qu&rsquo;elles sont victimes des institutions, cela banalise presque ce qu&rsquo;a fait leur meurtrier. Elles sont \u00e0 nouveau les victimes d&rsquo;une absence de libert\u00e9 de parole et de choix strat\u00e9giques pour essayer de d\u00e9noncer \u00ab\u00a0au bon endroit\u00a0\u00bb. Les hommes violents, quant \u00e0 eux, se disent toujours victimes, \u00e9voquent des syndromes post-traumatiques pour justifier leur violence.\u00a0<\/p>\n<p class=\"ac-article-content__question wall-content\">Le proc\u00e8s de C\u00e9dric Jubillar, condamn\u00e9 en premi\u00e8re instance pour le meurtre de Delphine Jubillar, est-il une forme de tournant ? Il n&rsquo;a jamais avou\u00e9 et l&rsquo;on n&rsquo;a pas retrouv\u00e9 le corps de son \u00e9pouse. La justice s&rsquo;est fond\u00e9e sur un faisceau d&rsquo;indices pour le condamner.<\/p>\n<p class=\" wall-content\"><strong class=\"color-primary\">I.S. : <\/strong>Je ne sais pas si c&rsquo;est un tournant, mais ce proc\u00e8s montre que l&rsquo;on a chang\u00e9 de point de vue sur les femmes qui disparaissent. Une femme, qui a un travail, des enfants, et un projet de vie, \u00e0 savoir quitter son mari pour son amant, ne dispara\u00eet pas comme \u00e7a. La mythologie, selon laquelle une femme dispara\u00eet parce qu&rsquo;elle veut fuir sa vie et partir \u00e0 l&rsquo;autre bout du monde, a longtemps exist\u00e9.<\/p>\n<p>Dans le cas de l&rsquo;affaire des disparues de l&rsquo;Yonne ou m\u00eame de l&rsquo;affaire Michel Fourniret, de jeunes femmes ou filles disparaissaient et la police ne partaient pas\u00a0\u00e0 leur recherche. Pour Fourniret, il a m\u00eame fallu que les familles se battent. D\u00e9sormais, avec le terme de f\u00e9minicide, on interpr\u00e8te diff\u00e9remment ces disparitions. On regarde du c\u00f4t\u00e9 du compagnon, ou d&rsquo;un r\u00f4deur, par exemple, qu&rsquo;elles auraient pu rencontrer.\u00a0<\/p>\n<p>Toutefois, il y a une lacune dans le dossier de C\u00e9dric Jubillar, car il n&rsquo;a pas \u00e9t\u00e9 suspect\u00e9 imm\u00e9diatement. Il s&rsquo;est m\u00eame constitu\u00e9 partie civile pour avoir acc\u00e8s au dossier et savoir ce que les policiers faisaient.\u00a0<\/p>\n<p class=\"ac-article-content__question wall-content\">Les coupables de f\u00e9minicides finissent-ils par se rendre compte de ce qu&rsquo;ils ont fait ?\u00a0<\/p>\n<p class=\" wall-content\"><strong class=\"color-primary\">I.S. : <\/strong>Dans nos dossiers, les hommes violents reconnaissent rarement ce qu&rsquo;ils ont fait. J&rsquo;ai eu le cas d&rsquo;un homme qui a invent\u00e9 une histoire, selon laquelle sa femme a \u00e9t\u00e9 tu\u00e9e par un autre homme qui a p\u00e9n\u00e9tr\u00e9 dans leur studio de 35 m\u00b2, alors que lui m\u00eame \u00e9tait pr\u00e9sent et que celui-ci se serait cach\u00e9 pour se prot\u00e9ger de l&rsquo;intrus. La femme voulait le quitter parce qu&rsquo;il lui interdisait de sortir et de travailler.\u00a0<\/p>\n<p>Ces hommes ont une vraie volont\u00e9 d&rsquo;asseoir leur pouvoir. En plus, ils ne sont pas d\u00e9mentis dans leur famille, ils sont m\u00eame parfois trait\u00e9s comme des dieux. L&rsquo;affaire Jubillar est un cas assez unique parce que la m\u00e8re de C\u00e9dric Jubillar n&rsquo;a pas soutenu son fils, et s&rsquo;est rang\u00e9e du c\u00f4t\u00e9 de la victime. <\/p>\n<blockquote class=\"ac-article-quote wall-content\">\n<p>Ce qui est s\u00fbr, c\u2019est que du c\u00f4t\u00e9 des agresseurs, il y a une forme d&rsquo;imperm\u00e9abilit\u00e9, voire un d\u00e9nigrement du f\u00e9minin. Finalement, tuer une femme est comme tuer un \u00eatre inf\u00e9rieur.<\/p>\n<p>    <strong>Me Isabelle Steyer<\/strong>\n            <\/p><\/blockquote>\n<p class=\"ac-article-content__question wall-content\">Le droit p\u00e9nal en France est-il r\u00e9ellement adapt\u00e9 aux femmes ?<\/p>\n<p class=\" wall-content\"><strong class=\"color-primary\">I.S. : <\/strong>Si ce droit \u00e9tait adapt\u00e9 aux femmes, je ne serais pas descendue dans la rue pour le changer. Les peines pour des violences faites aux femmes d\u00e9passent rarement les six mois de sursis. Il y a un taux de classement sans suite effarant, parce que l&rsquo;on met r\u00e9guli\u00e8rement en cause la parole des victimes. Ce taux s&rsquo;\u00e9l\u00e8ve tout de m\u00eame \u00e0 75 % en cas de violences conjugales. Souvent, la femme cherche \u00e0 obtenir la paix, alors que l&rsquo;institution et la soci\u00e9t\u00e9 lui assignent toujours de mauvaises intentions. On ne pense pas qu\u2019un homme que l\u2019on connait puisse tuer, taper ou violer. On s\u2019imagine que c\u2019est toujours l\u2019autre.\u00a0<\/p>\n<p class=\"ac-article-content__question wall-content\">Peut-on parler d&rsquo;une justice \u00e0 deux vitesses concernant les femmes ?\u00a0<\/p>\n<p class=\" wall-content\"><strong class=\"color-primary\">I.S. : <\/strong>On a trop de classements sans suite. Il faudrait que les enqu\u00eates soient faites. Dans beaucoup cas, il y a d\u00e9j\u00e0 eu d\u2019autres violences : verbales, professionnelles, sexuelles. Un homme accus\u00e9 a souvent d\u00e9j\u00e0 \u00e9t\u00e9 violent \u00e0 d\u2019autres occasions. Il faut chercher, et si l\u2019on ne cherche pas, en effet, on ne retrouvera rien.\u00a0<\/p>\n<p>Les dossiers sont toujours construits \u00e0 d\u00e9charge et a minima. Au lieu de condamner un homme et d&rsquo;\u00e9viter que l&rsquo;on fasse d&rsquo;autres victimes, on donne un blanc-seing [ autorisation \u00e9crite donn\u00e9e \u00e0 quelqu\u2019un pour agir librement en son nom, souvent sans restriction ni contr\u00f4le, NDLR.] \u00e0 des hommes, sur qui il n&rsquo;y a pas d&rsquo;investigation, ni d&rsquo;expertises r\u00e9alis\u00e9es. Ils restent libres et cela vient cr\u00e9diter le faire que l&rsquo;on peut taper ou violer des femmes. Si l&rsquo;on ne veut pas poursuivre, il faut mettre en place des mesures alternatives pour prot\u00e9ger les femmes. L&rsquo;institution est souvent tr\u00e8s mobilis\u00e9e pour prot\u00e9ger l&rsquo;agresseur, rarement la victime.\u00a0<\/p>\n<p class=\"ac-article-content__question wall-content\">On encourage les femmes \u00e0 d\u00e9noncer les violences qu&rsquo;elles subissent. Pourtant, une partie d&rsquo;entre elles d\u00e9nonce un retour de b\u00e2tons violent, notamment quand il s\u2019agit de d\u00e9noncer des violences dans la sph\u00e8re professionnelle ou familiale. En quoi cela participe-t-il \u00e0 une \u00ab\u00a0silenciation\u00a0\u00bb des femmes ?<\/p>\n<p class=\" wall-content\"><strong class=\"color-primary\">I.S. : <\/strong>On demande aux femmes de parler, mais en faisant cela, elles se mettent en danger elles et leur famille.\u00a0De plus, il y a une peur de la proc\u00e9dure b\u00e2illon [instrumentalisation de la justice par les accus\u00e9s pour faire taire les victimes, ndlr] et puis des proc\u00e9dures avec des d\u00e9lais \u00e0 n\u2019en plus finir. C\u2019est quelque chose de tr\u00e8s compliqu\u00e9 \u00e0 vivre. On est dans des situations d\u2019inversion, o\u00f9 la femme, pour \u00eatre reconnue victime, doit \u00eatre parfaite, comme Gis\u00e8le Pelicot qui a d\u00fb lisser son image. Sinon, elle ne sera pas crue. Aussi, on ne prend jamais en compte le syndrome post-traumatique que les victimes subissent.\u00a0<\/p>\n<blockquote class=\"ac-article-quote wall-content\">\n<p>On peut \u00eatre acari\u00e2tre et victime de violences conjugales, voleuse et victime de viol. Il n&rsquo;y a pas de victime parfaite.<\/p>\n<p>    <strong>Me Isabelle Steyer<\/strong>\n            <\/p><\/blockquote>\n<p class=\"ac-article-content__question wall-content\">Faut-il prendre exemple sur l\u2019Espagne, qui a r\u00e9form\u00e9 en profondeur la mani\u00e8re de juger les VSS et qui condamne r\u00e9ellement les agresseurs ?\u00a0<\/p>\n<p class=\" wall-content\"><strong class=\"color-primary\">I.S. : <\/strong>C\u2019est un syst\u00e8me qui fonctionne mieux que la France. M\u00eame si les Espagnols sont encore critiques par rapport \u00e0 leur mod\u00e8le, car cela n&rsquo;a fait baisser que d\u2019un tiers le nombre de f\u00e9minicides. Cela montre \u00e0 quel point la mobilisation doit \u00eatre immense pour que \u00e7a change r\u00e9ellement.<\/p>\n<p class=\"ac-article-content__question wall-content\">En 2017, Emmanuel Macron a fait de la lutte contre les violences faites aux femmes la \u00ab\u00a0grande cause de son quinquennat\u00a0\u00bb. Huit ans apr\u00e8s, quel bilan peut-on tirer de son action ?<\/p>\n<p class=\" wall-content\"><strong class=\"color-primary\">I.S. : <\/strong>Quand on a un Pr\u00e9sident qui d\u00e9fend G\u00e9rard Depardieu, pourtant accus\u00e9 de viols et d&rsquo;agressions sexuelles, cela annonce la couleur. Sans compter le fait que l&rsquo;on a nomm\u00e9 au minist\u00e8re de l&rsquo;Int\u00e9rieur, puis de la Justice, un homme qui a \u00e9t\u00e9 accus\u00e9 de viol, m\u00eame si cela a abouti \u00e0 un non-lieu. Ce sont des symboles forts, qui montrent un v\u00e9ritable d\u00e9sint\u00e9r\u00eat pour cette cause. On est sur un mensonge, voire une escroquerie des politiques \u00e0 l&rsquo;\u00e9gard des femmes.\u00a0<\/p>\n<p class=\" wall-content\">Personnalisez votre actualit\u00e9 en ajoutant vos villes et m\u00e9dias en favori avec <a href=\"https:\/\/moncompte.actu.fr\" title=\"D\u00e9couvez Mon Actu\" rel=\"nofollow noopener\" data-trk=\"{&quot;cta&quot;:{&quot;action&quot;:&quot;https:\\\/\\\/moncompte.actu.fr&quot;,&quot;category&quot;:&quot;mon compte&quot;,&quot;from&quot;:&quot;article footer&quot;,&quot;name&quot;:&quot;Mon actu&quot;,&quot;type&quot;:&quot;cta&quot;}}\" target=\"_blank\">Mon Actu<\/a>.<\/p>\n","protected":false},"excerpt":{"rendered":"Par Sophie Vincelot Publi\u00e9 le 27 oct. 2025 \u00e0 21h07 Il ne se passe pas une semaine sans&hellip;\n","protected":false},"author":2,"featured_media":493918,"comment_status":"","ping_status":"","sticky":false,"template":"","format":"standard","meta":{"footnotes":""},"categories":[1888],"tags":[11,1777,674,3555,1011,27,777,12,626,25,104,799],"class_list":{"0":"post-493917","1":"post","2":"type-post","3":"status-publish","4":"format-standard","5":"has-post-thumbnail","7":"category-paris","8":"tag-actualites","9":"tag-eu","10":"tag-europe","11":"tag-feminicide","12":"tag-fr","13":"tag-france","14":"tag-meurtre","15":"tag-news","16":"tag-paris","17":"tag-republique-francaise","18":"tag-societe","19":"tag-violences-sexuelles"},"share_on_mastodon":{"url":"https:\/\/pubeurope.com\/@fr\/115448069049288427","error":""},"_links":{"self":[{"href":"https:\/\/www.europesays.com\/fr\/wp-json\/wp\/v2\/posts\/493917","targetHints":{"allow":["GET"]}}],"collection":[{"href":"https:\/\/www.europesays.com\/fr\/wp-json\/wp\/v2\/posts"}],"about":[{"href":"https:\/\/www.europesays.com\/fr\/wp-json\/wp\/v2\/types\/post"}],"author":[{"embeddable":true,"href":"https:\/\/www.europesays.com\/fr\/wp-json\/wp\/v2\/users\/2"}],"replies":[{"embeddable":true,"href":"https:\/\/www.europesays.com\/fr\/wp-json\/wp\/v2\/comments?post=493917"}],"version-history":[{"count":0,"href":"https:\/\/www.europesays.com\/fr\/wp-json\/wp\/v2\/posts\/493917\/revisions"}],"wp:featuredmedia":[{"embeddable":true,"href":"https:\/\/www.europesays.com\/fr\/wp-json\/wp\/v2\/media\/493918"}],"wp:attachment":[{"href":"https:\/\/www.europesays.com\/fr\/wp-json\/wp\/v2\/media?parent=493917"}],"wp:term":[{"taxonomy":"category","embeddable":true,"href":"https:\/\/www.europesays.com\/fr\/wp-json\/wp\/v2\/categories?post=493917"},{"taxonomy":"post_tag","embeddable":true,"href":"https:\/\/www.europesays.com\/fr\/wp-json\/wp\/v2\/tags?post=493917"}],"curies":[{"name":"wp","href":"https:\/\/api.w.org\/{rel}","templated":true}]}}